{"id":22201,"date":"2021-05-23T09:48:43","date_gmt":"2021-05-23T12:48:43","guid":{"rendered":"http:\/\/www.centraldenoticias.com.ar\/?p=22201"},"modified":"2021-05-23T13:25:44","modified_gmt":"2021-05-23T16:25:44","slug":"por-que-reducir-la-velocidad-salva-vidas","status":"publish","type":"post","link":"https:\/\/cdnoticias.com\/index.php\/2021\/05\/23\/por-que-reducir-la-velocidad-salva-vidas\/","title":{"rendered":"\u00bfPor qu\u00e9 reducir la velocidad salva vidas?"},"content":{"rendered":"<p>Desde el lunes 17 de mayo al domingo 23 del mismo mes de 2021 se conmemora la sexta Semana Mundial de las Naciones Unidas para la Seguridad Vial, bajo el lema \u201cCalles para la vida\u201d con el objetivo de reducir las velocidades de circulaci\u00f3n. \u00bfCu\u00e1les son los beneficios de esta medida?<!--more--><\/p>\n<hr \/>\n<p><em>Por Marcos Pascua (*)<\/em><\/p>\n<p>&nbsp;<\/p>\n<p>La Organizaci\u00f3n de las Naciones Unidas estableci\u00f3 para la semana que finaliza este domingo el lema \u201cCalles para la vida\u201d, con el objetivo de<strong> llamar a los gobiernos de los diferentes pa\u00edses a que reduzcan el l\u00edmite de la velocidad de circulaci\u00f3n a 30 km\/h<\/strong> en zonas de mayor afluencia de personas, de esta manera se reducir\u00edan los siniestros viales, sus consecuencias y se generar\u00eda un entorno m\u00e1s amable en las ciudades.<\/p>\n<p>&nbsp;<\/p>\n<p>&nbsp;<\/p>\n<p><img data-recalc-dims=\"1\" loading=\"lazy\" decoding=\"async\" class=\"alignnone size-large wp-image-22202\" src=\"https:\/\/i0.wp.com\/cdnoticias.com\/wp-content\/uploads\/2021\/05\/Imagen-1.jpg?resize=800%2C450&#038;ssl=1\" alt=\"\" width=\"800\" height=\"450\" srcset=\"https:\/\/i0.wp.com\/cdnoticias.com\/wp-content\/uploads\/2021\/05\/Imagen-1.jpg?w=1024&amp;ssl=1 1024w, https:\/\/i0.wp.com\/cdnoticias.com\/wp-content\/uploads\/2021\/05\/Imagen-1.jpg?resize=300%2C169&amp;ssl=1 300w, https:\/\/i0.wp.com\/cdnoticias.com\/wp-content\/uploads\/2021\/05\/Imagen-1.jpg?resize=768%2C432&amp;ssl=1 768w\" sizes=\"auto, (max-width: 800px) 100vw, 800px\" \/><\/p>\n<p>&nbsp;<\/p>\n<p><em><strong>Reducci\u00f3n de los siniestros viales<\/strong><\/em><\/p>\n<p>&nbsp;<\/p>\n<p>Existe una relaci\u00f3n directa entre los siniestros viales y la velocidad de circulaci\u00f3n, esto es, a mayor velocidad de circulaci\u00f3n, mayor probabilidad de ocurrencia de un siniestro vial. Un informe realizado por la fundaci\u00f3n MAPFRE Espa\u00f1a destaca que una<strong> reducci\u00f3n del 1% en la velocidad media del tr\u00e1fico lleva a una reducci\u00f3n del 2% de los accidentes con lesiones, del 3% de los accidentes con lesiones graves y de un 4% de los accidentes fatales.\u00a0Se entiende \u00bfno?<\/strong><\/p>\n<p>&nbsp;<\/p>\n<p>Entonces, al reducir la velocidad se circula m\u00e1s despacio, por lo tanto, menor probabilidad de ocurrencia de un siniestro. Esto sucede porque si se anda m\u00e1s despacio, disminuye la distancia de frenado, que es esa <strong>distancia que necesita un veh\u00edculo para detenerse por completo en caso deque el veh\u00edculo que lo precede frene por completo o alguien se cruce por delante nuestro<\/strong>, por ejemplo. Ahora, en caso de que se produzca el siniestro, las consecuencias ser\u00e1n menores, veamos por qu\u00e9. Seg\u00fan un estudio realizado por la Organizaci\u00f3n Mundial de la Salud precisa que <strong>una persona embestida a 50 km\/h tiene el 80% de probabilidad de fallecer en el impacto, mientras que si es embestida a 30 km\/h esas probabilidades se reducen al 10%.<\/strong><\/p>\n<p>&nbsp;<\/p>\n<p><img data-recalc-dims=\"1\" loading=\"lazy\" decoding=\"async\" class=\"alignnone size-full wp-image-22203\" src=\"https:\/\/i0.wp.com\/cdnoticias.com\/wp-content\/uploads\/2021\/05\/Imagen-2.jpg?resize=800%2C443&#038;ssl=1\" alt=\"\" width=\"800\" height=\"443\" srcset=\"https:\/\/i0.wp.com\/cdnoticias.com\/wp-content\/uploads\/2021\/05\/Imagen-2.jpg?w=949&amp;ssl=1 949w, https:\/\/i0.wp.com\/cdnoticias.com\/wp-content\/uploads\/2021\/05\/Imagen-2.jpg?resize=300%2C166&amp;ssl=1 300w, https:\/\/i0.wp.com\/cdnoticias.com\/wp-content\/uploads\/2021\/05\/Imagen-2.jpg?resize=768%2C426&amp;ssl=1 768w\" sizes=\"auto, (max-width: 800px) 100vw, 800px\" \/><\/p>\n<p>&nbsp;<\/p>\n<p>Entonces, por un lado, se reducen los siniestros y por otro, en los siniestros que se produzcan, no lamentar\u00edamos v\u00edctimas fatales o heridos graves. Pero los beneficios no terminan ac\u00e1, sigamos viendo qu\u00e9 otras cosas pueden cambiar con un poquito de <strong>voluntad pol\u00edtica.<\/strong><\/p>\n<p>&nbsp;<\/p>\n<p><em><strong>Ciudades sostenibles<\/strong><\/em><\/p>\n<p>&nbsp;<\/p>\n<p><strong>Por un lado, se reduce la contaminaci\u00f3n atmosf\u00e9rica y por otro se reduce la contaminaci\u00f3n sonora<\/strong>. En cuanto a lo primero, se reducen la cantidad de emisiones debido a que disminuir\u00e1n las aceleraciones de los veh\u00edculos que se presentan cuando se circula a velocidades mayores. En el caso de la segunda afirmaci\u00f3n, a circular a velocidades m\u00e1s bajas se reducir\u00e1n los sonidos emitidos por los motores, en definitiva, lograr\u00edamos una ciudad con menos gases contaminantes y un poco menos ruidosa. Adem\u00e1s, si a esto le sumamos \u00e1reas peatonales y ciclov\u00edas los ciudadanos y ciudadanas ver\u00e1n como una mejor opci\u00f3n circular en bicicleta o a pie, por lo tanto, \u00a0habr\u00e1 menos tr\u00e1fico y personas m\u00e1s saludables.<\/p>\n<p>&nbsp;<\/p>\n<p>Ante la sugerencia de estas medidas, quienes tienen la posibilidad de tomarlas, muchas veces se excusan en cuanto enojo generar\u00edan en la poblaci\u00f3n, pero sobrados son los motivos para comenzar a priorizar la salud de quienes habitamos las ciudades y hacer realidad estos cambios culturales,<strong> mientras esto no suceda, seguiremos viviendo en ciudades contaminadas, ruidosas y donde el tr\u00e1nsito se seguir\u00e1 cobrando vidas.<\/strong><\/p>\n<p>&nbsp;<\/p>\n<p>Finalmente, los beneficios son muchos, pero lo m\u00e1s importante de estas medidas es que comienza a verse un cambio de paradigma, donde el modelo \u201cautocentrista\u201d sobre el cual se dise\u00f1aron las ciudades y que al d\u00eda de hoy tantos problemas nos genera, comienza a cambiar y se empieza a <strong>priorizar a las personas y a modos m\u00e1s sostenibles de ciudades por sobre el modelo actual.<\/strong><\/p>\n<p>&nbsp;<\/p>\n<article id=\"post-19831\" class=\"post-19831 post type-post status-publish format-standard has-post-thumbnail hentry category-informacion-general category-portada\">\n<div class=\"article-content clearfix\">\n<div class=\"entry-content clearfix\">\n<article id=\"post-18532\" class=\"post-18532 post type-post status-publish format-standard has-post-thumbnail hentry category-informacion-general category-portada\">\n<div class=\"article-content clearfix\">\n<div class=\"entry-content clearfix\">\n<p><em>(*) Ingeniero Civil \u2013 Tesista en Seguridad Vial \u2013 Promotor Comunitario de Seguridad Vial &#8211; Integrante de Asociaci\u00f3n Somos Amigos de la Vida.<\/em><\/p>\n<\/div>\n<\/div>\n<\/article>\n<div class=\"at-below-post addthis_tool\" data-url=\"https:\/\/cdnoticias.com\/index.php\/2021\/04\/25\/meoni-y-la-paradoja-argentina\/\"><\/div>\n<\/div>\n<\/div>\n<\/article>\n<div class=\"code-block code-block-1\"><\/div>\n","protected":false},"excerpt":{"rendered":"<p>Desde el lunes 17 de mayo al domingo 23 del mismo mes de 2021 se conmemora la sexta Semana Mundial<\/p>\n","protected":false},"author":3,"featured_media":22206,"comment_status":"closed","ping_status":"closed","sticky":false,"template":"","format":"standard","meta":{"_jetpack_memberships_contains_paid_content":false,"footnotes":""},"categories":[5,1],"tags":[],"class_list":["post-22201","post","type-post","status-publish","format-standard","has-post-thumbnail","hentry","category-informacion-general","category-portada"],"jetpack_featured_media_url":"https:\/\/i0.wp.com\/cdnoticias.com\/wp-content\/uploads\/2021\/05\/exceso-de-velocidad-diariojuridico-1.png?fit=800%2C445&ssl=1","jetpack_sharing_enabled":true,"_links":{"self":[{"href":"https:\/\/cdnoticias.com\/index.php\/wp-json\/wp\/v2\/posts\/22201","targetHints":{"allow":["GET"]}}],"collection":[{"href":"https:\/\/cdnoticias.com\/index.php\/wp-json\/wp\/v2\/posts"}],"about":[{"href":"https:\/\/cdnoticias.com\/index.php\/wp-json\/wp\/v2\/types\/post"}],"author":[{"embeddable":true,"href":"https:\/\/cdnoticias.com\/index.php\/wp-json\/wp\/v2\/users\/3"}],"replies":[{"embeddable":true,"href":"https:\/\/cdnoticias.com\/index.php\/wp-json\/wp\/v2\/comments?post=22201"}],"version-history":[{"count":0,"href":"https:\/\/cdnoticias.com\/index.php\/wp-json\/wp\/v2\/posts\/22201\/revisions"}],"wp:featuredmedia":[{"embeddable":true,"href":"https:\/\/cdnoticias.com\/index.php\/wp-json\/wp\/v2\/media\/22206"}],"wp:attachment":[{"href":"https:\/\/cdnoticias.com\/index.php\/wp-json\/wp\/v2\/media?parent=22201"}],"wp:term":[{"taxonomy":"category","embeddable":true,"href":"https:\/\/cdnoticias.com\/index.php\/wp-json\/wp\/v2\/categories?post=22201"},{"taxonomy":"post_tag","embeddable":true,"href":"https:\/\/cdnoticias.com\/index.php\/wp-json\/wp\/v2\/tags?post=22201"}],"curies":[{"name":"wp","href":"https:\/\/api.w.org\/{rel}","templated":true}]}}