{"id":22199,"date":"2021-05-23T09:30:12","date_gmt":"2021-05-23T12:30:12","guid":{"rendered":"http:\/\/www.centraldenoticias.com.ar\/?p=22199"},"modified":"2021-05-23T09:30:12","modified_gmt":"2021-05-23T12:30:12","slug":"maria-del-carmen-momeno-viuda-de-garcia-q-e-p-d","status":"publish","type":"post","link":"https:\/\/cdnoticias.com\/index.php\/2021\/05\/23\/maria-del-carmen-momeno-viuda-de-garcia-q-e-p-d\/","title":{"rendered":"Mar\u00eda Del Carmen Mome\u00f1o viuda de Garc\u00eda   (Q.E.P.D.)"},"content":{"rendered":"<p>Falleci\u00f3 en Loma Negra el d\u00eda\u00a0\u00a0\u00a0\u00a0 22\u00a0\u00a0\u00a0 de Mayo de 2021 a los\u00a0 82\u00a0\u00a0 a\u00f1os de edad. Sus hijos; sus hijas pol\u00edticas; sus nietos; sus bisnietos y\u00a0 dem\u00e1s deudos participan su fallecimiento.<\/p>\n<p>&nbsp;<\/p>\n<p>No se realiza velatorio. Sus restos ser\u00e1n inhumados este domingo desde las 10.30 en el cementerio Loma de Paz. Servicio adherido a Coopelectric.<\/p>\n<p>&nbsp;<\/p>\n<p>Vecina de Loma Negra. Jubilada y Pensionada<\/p>\n","protected":false},"excerpt":{"rendered":"<p>Falleci\u00f3 en Loma Negra el d\u00eda\u00a0\u00a0\u00a0\u00a0 22\u00a0\u00a0\u00a0 de Mayo de 2021 a los\u00a0 82\u00a0\u00a0 a\u00f1os de edad. Sus hijos; sus<\/p>\n","protected":false},"author":3,"featured_media":0,"comment_status":"closed","ping_status":"closed","sticky":false,"template":"","format":"standard","meta":{"_jetpack_memberships_contains_paid_content":false,"footnotes":""},"categories":[10],"tags":[],"class_list":["post-22199","post","type-post","status-publish","format-standard","hentry","category-necrologicas"],"jetpack_featured_media_url":"","jetpack_sharing_enabled":true,"_links":{"self":[{"href":"https:\/\/cdnoticias.com\/index.php\/wp-json\/wp\/v2\/posts\/22199","targetHints":{"allow":["GET"]}}],"collection":[{"href":"https:\/\/cdnoticias.com\/index.php\/wp-json\/wp\/v2\/posts"}],"about":[{"href":"https:\/\/cdnoticias.com\/index.php\/wp-json\/wp\/v2\/types\/post"}],"author":[{"embeddable":true,"href":"https:\/\/cdnoticias.com\/index.php\/wp-json\/wp\/v2\/users\/3"}],"replies":[{"embeddable":true,"href":"https:\/\/cdnoticias.com\/index.php\/wp-json\/wp\/v2\/comments?post=22199"}],"version-history":[{"count":0,"href":"https:\/\/cdnoticias.com\/index.php\/wp-json\/wp\/v2\/posts\/22199\/revisions"}],"wp:attachment":[{"href":"https:\/\/cdnoticias.com\/index.php\/wp-json\/wp\/v2\/media?parent=22199"}],"wp:term":[{"taxonomy":"category","embeddable":true,"href":"https:\/\/cdnoticias.com\/index.php\/wp-json\/wp\/v2\/categories?post=22199"},{"taxonomy":"post_tag","embeddable":true,"href":"https:\/\/cdnoticias.com\/index.php\/wp-json\/wp\/v2\/tags?post=22199"}],"curies":[{"name":"wp","href":"https:\/\/api.w.org\/{rel}","templated":true}]}}