{"id":22187,"date":"2021-05-22T20:34:38","date_gmt":"2021-05-22T23:34:38","guid":{"rendered":"http:\/\/www.centraldenoticias.com.ar\/?p=22187"},"modified":"2021-05-23T09:51:07","modified_gmt":"2021-05-23T12:51:07","slug":"galli-explico-como-sera-el-confinamiento-en-olavarria-por-estos-nueve-dias","status":"publish","type":"post","link":"https:\/\/cdnoticias.com\/index.php\/2021\/05\/22\/galli-explico-como-sera-el-confinamiento-en-olavarria-por-estos-nueve-dias\/","title":{"rendered":"Galli explic\u00f3 c\u00f3mo ser\u00e1 el confinamiento en Olavarr\u00eda por estos nueve d\u00edas"},"content":{"rendered":"<p>Los comercios esenciales funcionar\u00e1n hasta las 20 y los no esenciales hasta las 18. No se podr\u00e1n realizar actividades deportivas en el parque, solo \u201cde esparcimiento\u201d. No se podr\u00e1 ingresar a ning\u00fan local comercial \u201cno esencial\u201d.\u00a0<!--more--><\/p>\n<hr \/>\n<p>En una conferencia de prensa realizada este s\u00e1bado en el Sal\u00f3n Rivadavia, <strong>finalmente el intendente Galli explic\u00f3 la din\u00e1mica de la ciudad en los pr\u00f3ximos nueve d\u00edas, tras el confinamiento dictaminado por el Presidente Fern\u00e1ndez.<\/strong><\/p>\n<p>&nbsp;<\/p>\n<p>Admiti\u00f3 que decidieron esperar al s\u00e1bado dado que si se adelantaban <em>\u201ciba a ser una conferencia de prensa potencial, decidimos esperar y evaluar el DNU nacional que fue publicado ayer\u201d<\/em>. Tambi\u00e9n dej\u00f3 en claro que<strong> a\u00fan no hay resoluci\u00f3n provincial, y que dialogaron con Carlos Bianco para conocer algunos pormenores y adaptar la normativa local.<\/strong><\/p>\n<p>&nbsp;<\/p>\n<blockquote><p>En concreto, los comercios esenciales funcionar\u00e1n de 06:00 a 20:00 horas, mientras que los comercios no esenciales lo har\u00e1n de 06:00 a 18:00 horas, aunque en \u00e9stos \u00faltimos no se podr\u00e1 ingresar a los locales correspondientes.<\/p><\/blockquote>\n<p>&nbsp;<\/p>\n<p>En paralelo, <strong>los talleres mec\u00e1nicos deber\u00e1n funcionar tambi\u00e9n de 06:00 a 18:00 horas sin ingreso al lugar, y la gastronom\u00eda funcionar\u00e1 hasta las 23 horas en modalidad delivery y \u201ctake away\u201d.<\/strong><\/p>\n<p>&nbsp;<\/p>\n<p>Cabe se\u00f1alar que, en paralelo, <strong>se dieron detalles de \u201cun tema muy importante\u201d seg\u00fan el Intendente Galli, que son las salidas de esparcimiento: estar\u00e1n habilitadas de 08:00 a 18:00 horas sin permanencia en el lugar.<\/strong> Es decir, s\u00f3lo estar\u00e1 habilitado para caminatas y \u201ctomar aire\u201d. Galli aclar\u00f3 que no se podr\u00e1 correr ni hacer ning\u00fan tipo de actividad f\u00edsica.<\/p>\n<p>&nbsp;<\/p>\n<p>Para aquellos que necesiten circular por fuera del horario establecido o son grupos esenciales,<strong> funcionar\u00e1 la aplicaci\u00f3n \u201cCuidar\u201d que deber\u00e1 gestionar los certificados correspondientes.<\/strong><\/p>\n<p>&nbsp;<\/p>\n<p>En el momento de las consultas, <strong>Galli indic\u00f3 que el servicio dom\u00e9stico \u201cno est\u00e1 prohibido para trabajar\u201d y desliz\u00f3 que se podr\u00eda mantener siempre y cuando se respeten las medidas de bioseguridad.<\/strong><\/p>\n<p>&nbsp;<\/p>\n<p><strong>La construcci\u00f3n privada estar\u00e1 suspendida hasta el 30 de mayo, no as\u00ed la obra p\u00fablica<\/strong>. <em>\u201cLos corralones podr\u00e1n funcionar sin ingreso de personas al local y dedicado exclusivamente a la obra p\u00fablica\u201d<\/em> aclar\u00f3 el jefe comunal.<\/p>\n<p>&nbsp;<\/p>\n<p>Finalmente,<strong> Galli destac\u00f3 que las sanciones estar\u00e1n regidas tanto por el DNU presidencial como la ordenanza de sanciones municipal<\/strong>: <em>\u201cno queremos sancionar, necesitamos concientizar. Son 9 d\u00edas que tenemos que restringir fuertemente. El control ser\u00e1 el mismo que venimos haciendo\u201d<\/em> destac\u00f3.<\/p>\n","protected":false},"excerpt":{"rendered":"<p>Los comercios esenciales funcionar\u00e1n hasta las 20 y los no esenciales hasta las 18. No se podr\u00e1n realizar actividades deportivas<\/p>\n","protected":false},"author":2,"featured_media":22188,"comment_status":"closed","ping_status":"closed","sticky":false,"template":"","format":"standard","meta":{"_jetpack_memberships_contains_paid_content":false,"footnotes":""},"categories":[16,1],"tags":[],"class_list":["post-22187","post","type-post","status-publish","format-standard","has-post-thumbnail","hentry","category-covid-19","category-portada"],"jetpack_featured_media_url":"https:\/\/i0.wp.com\/cdnoticias.com\/wp-content\/uploads\/2021\/05\/WhatsApp-Image-2021-05-22-at-20.29.51.jpeg?fit=1152%2C768&ssl=1","jetpack_sharing_enabled":true,"_links":{"self":[{"href":"https:\/\/cdnoticias.com\/index.php\/wp-json\/wp\/v2\/posts\/22187","targetHints":{"allow":["GET"]}}],"collection":[{"href":"https:\/\/cdnoticias.com\/index.php\/wp-json\/wp\/v2\/posts"}],"about":[{"href":"https:\/\/cdnoticias.com\/index.php\/wp-json\/wp\/v2\/types\/post"}],"author":[{"embeddable":true,"href":"https:\/\/cdnoticias.com\/index.php\/wp-json\/wp\/v2\/users\/2"}],"replies":[{"embeddable":true,"href":"https:\/\/cdnoticias.com\/index.php\/wp-json\/wp\/v2\/comments?post=22187"}],"version-history":[{"count":0,"href":"https:\/\/cdnoticias.com\/index.php\/wp-json\/wp\/v2\/posts\/22187\/revisions"}],"wp:featuredmedia":[{"embeddable":true,"href":"https:\/\/cdnoticias.com\/index.php\/wp-json\/wp\/v2\/media\/22188"}],"wp:attachment":[{"href":"https:\/\/cdnoticias.com\/index.php\/wp-json\/wp\/v2\/media?parent=22187"}],"wp:term":[{"taxonomy":"category","embeddable":true,"href":"https:\/\/cdnoticias.com\/index.php\/wp-json\/wp\/v2\/categories?post=22187"},{"taxonomy":"post_tag","embeddable":true,"href":"https:\/\/cdnoticias.com\/index.php\/wp-json\/wp\/v2\/tags?post=22187"}],"curies":[{"name":"wp","href":"https:\/\/api.w.org\/{rel}","templated":true}]}}