{"id":22158,"date":"2021-05-22T15:00:40","date_gmt":"2021-05-22T18:00:40","guid":{"rendered":"http:\/\/www.centraldenoticias.com.ar\/?p=22158"},"modified":"2021-05-22T15:25:51","modified_gmt":"2021-05-22T18:25:51","slug":"camaras-empresariales-y-comerciales-piden-una-pausa-total-a-nuestras-obligaciones","status":"publish","type":"post","link":"https:\/\/cdnoticias.com\/index.php\/2021\/05\/22\/camaras-empresariales-y-comerciales-piden-una-pausa-total-a-nuestras-obligaciones\/","title":{"rendered":"C\u00e1maras Empresariales y Comerciales piden \u201cuna pausa total a nuestras obligaciones&#8221;"},"content":{"rendered":"<p>El documento, que a nivel local fue replicado desde la C\u00e1mara empresaria, pide la suspensi\u00f3n de vencimientos y aplicaci\u00f3n de medidas de apoyo para el sector.<!--more--><\/p>\n<hr \/>\n<p><strong>\u201cHoy nuestra vida comercial es d\u00eda a d\u00eda. Si no vendemos no podemos seguir\u201d<\/strong>, se enfatiz\u00f3 en un extracto de duro documento que en las \u00faltimas horas fue firmado desde diversas c\u00e1maras y entidades tanto empresariales y comerciales, en reclamo de medidas de contenci\u00f3n para el sector no s\u00f3lo a nivel nacional, sino provincial municipal.<\/p>\n<p>&nbsp;<\/p>\n<p>Carbap, la Federaci\u00f3n Econ\u00f3mica de la Provincia de Buenos Aires y la Uni\u00f3n Industrial de la Provincia de Buenos Aires fueron algunas de instituciones que firmaron y acompa\u00f1aron el documento, que a nivel local fue replicado desde la C\u00e1mara Empresaria. <strong>\u201cHemos atravesado durante m\u00e1s de un a\u00f1o la peor crisis sanitaria de nuestra historia, cumplimos con todas las medidas sanitarias para nuestra gente, para nuestros clientes, asegurando los comercios como espacios seguros y libres de contagio\u201d<\/strong>, se inicia el escrito.<\/p>\n<p>&nbsp;<\/p>\n<p><strong>\u201cHemos sido testigos de la proliferaci\u00f3n de fiestas clandestinas, venta informal sin ning\u00fan tipo de protocolo, y reiteradas manifestaciones que no hicieron m\u00e1s que poner en riesgo la salud de la poblaci\u00f3n\u201d<\/strong>, reprocharon a continuaci\u00f3n.<\/p>\n<p>&nbsp;<\/p>\n<p><img data-recalc-dims=\"1\" loading=\"lazy\" decoding=\"async\" class=\"alignnone size-large wp-image-22159\" src=\"https:\/\/i0.wp.com\/cdnoticias.com\/wp-content\/uploads\/2021\/05\/WhatsApp-Image-2021-05-22-at-14.37.28.jpeg?resize=800%2C466&#038;ssl=1\" alt=\"\" width=\"800\" height=\"466\" srcset=\"https:\/\/i0.wp.com\/cdnoticias.com\/wp-content\/uploads\/2021\/05\/WhatsApp-Image-2021-05-22-at-14.37.28.jpeg?resize=1024%2C597&amp;ssl=1 1024w, https:\/\/i0.wp.com\/cdnoticias.com\/wp-content\/uploads\/2021\/05\/WhatsApp-Image-2021-05-22-at-14.37.28.jpeg?resize=300%2C175&amp;ssl=1 300w, https:\/\/i0.wp.com\/cdnoticias.com\/wp-content\/uploads\/2021\/05\/WhatsApp-Image-2021-05-22-at-14.37.28.jpeg?resize=768%2C448&amp;ssl=1 768w, https:\/\/i0.wp.com\/cdnoticias.com\/wp-content\/uploads\/2021\/05\/WhatsApp-Image-2021-05-22-at-14.37.28.jpeg?w=1075&amp;ssl=1 1075w\" sizes=\"auto, (max-width: 800px) 100vw, 800px\" \/><\/p>\n<p>&nbsp;<\/p>\n<p>Asimismo, detallando la situaci\u00f3n particular del sector, se refiri\u00f3 que \u201c<strong>agotamos nuestras reservas y liquidamos parte de nuestro stock para poder sobrevivir y llevar a nuestros hogares el sustento diario. Aun as\u00ed muchos comercios quedaron en el camino despu\u00e9s de a\u00f1os de esfuerzo y trabajo. Hoy nuestra vida comercial es d\u00eda a d\u00eda. Si no vendemos no podemos seguir<\/strong>\u201d.<\/p>\n<p>&nbsp;<\/p>\n<p>Fue en ese marco que se reclam\u00f3, \u201cpara poder acompa\u00f1ar el aislamiento social que se nos exige\u201d, \u00a0<strong>\u201cque el gobierno disponga una pausa total a nuestras obligaciones, que se suspendan todas los vencimientos impositivos, laborales y previsionales nacionales, provinciales y municipales. Que se prorroguen los vencimientos bancarios, que se reinstaure el ATP para nuestro personal y que se prorroguen las facturas de servicios p\u00fablicos. Y fundamentalmente que se avance con el proceso de vacunaci\u00f3n de todos nuestros colaboradores\u201d<\/strong>, solicitaron.<\/p>\n<p>&nbsp;<\/p>\n<p>Por \u00faltimo, expresaron que <strong>\u201csolo as\u00ed podremos seguir desarrollando nuestra actividad, sirviendo a cada una de nuestras comunidades e impidiendo que m\u00e1s de 50 mil pymes comerciales cierren sus puertas y dejen sin trabajo a quienes son nuestras familias de empleados\u201d<\/strong>.<\/p>\n","protected":false},"excerpt":{"rendered":"<p>El documento, que a nivel local fue replicado desde la C\u00e1mara empresaria, pide la suspensi\u00f3n de vencimientos y aplicaci\u00f3n de<\/p>\n","protected":false},"author":3,"featured_media":19183,"comment_status":"closed","ping_status":"closed","sticky":false,"template":"","format":"standard","meta":{"_jetpack_memberships_contains_paid_content":false,"footnotes":""},"categories":[5,1],"tags":[],"class_list":["post-22158","post","type-post","status-publish","format-standard","has-post-thumbnail","hentry","category-informacion-general","category-portada"],"jetpack_featured_media_url":"https:\/\/i0.wp.com\/cdnoticias.com\/wp-content\/uploads\/2021\/04\/camaraempresaria01.jpg?fit=800%2C445&ssl=1","jetpack_sharing_enabled":true,"_links":{"self":[{"href":"https:\/\/cdnoticias.com\/index.php\/wp-json\/wp\/v2\/posts\/22158","targetHints":{"allow":["GET"]}}],"collection":[{"href":"https:\/\/cdnoticias.com\/index.php\/wp-json\/wp\/v2\/posts"}],"about":[{"href":"https:\/\/cdnoticias.com\/index.php\/wp-json\/wp\/v2\/types\/post"}],"author":[{"embeddable":true,"href":"https:\/\/cdnoticias.com\/index.php\/wp-json\/wp\/v2\/users\/3"}],"replies":[{"embeddable":true,"href":"https:\/\/cdnoticias.com\/index.php\/wp-json\/wp\/v2\/comments?post=22158"}],"version-history":[{"count":0,"href":"https:\/\/cdnoticias.com\/index.php\/wp-json\/wp\/v2\/posts\/22158\/revisions"}],"wp:featuredmedia":[{"embeddable":true,"href":"https:\/\/cdnoticias.com\/index.php\/wp-json\/wp\/v2\/media\/19183"}],"wp:attachment":[{"href":"https:\/\/cdnoticias.com\/index.php\/wp-json\/wp\/v2\/media?parent=22158"}],"wp:term":[{"taxonomy":"category","embeddable":true,"href":"https:\/\/cdnoticias.com\/index.php\/wp-json\/wp\/v2\/categories?post=22158"},{"taxonomy":"post_tag","embeddable":true,"href":"https:\/\/cdnoticias.com\/index.php\/wp-json\/wp\/v2\/tags?post=22158"}],"curies":[{"name":"wp","href":"https:\/\/api.w.org\/{rel}","templated":true}]}}