{"id":22152,"date":"2021-05-22T14:23:51","date_gmt":"2021-05-22T17:23:51","guid":{"rendered":"http:\/\/www.centraldenoticias.com.ar\/?p=22152"},"modified":"2021-05-22T14:23:51","modified_gmt":"2021-05-22T17:23:51","slug":"segunda-ola-bolivar-entre-la-cepa-manaos-y-el-colapso-hospitalario","status":"publish","type":"post","link":"https:\/\/cdnoticias.com\/index.php\/2021\/05\/22\/segunda-ola-bolivar-entre-la-cepa-manaos-y-el-colapso-hospitalario\/","title":{"rendered":"Segunda Ola: Bol\u00edvar entre la cepa manaos y el colapso hospitalario"},"content":{"rendered":"<p>Autoridades sanitarias encabezaron una conferencia de prensa en la que atribuyeron a la variante brasilera el incremento de casos. Cuentan con m\u00e1s de 1100 casos activos.<!--more--><\/p>\n<hr \/>\n<p>En las \u00faltimas horas Bol\u00edvar volvi\u00f3 a registrar un importante incremento en el n\u00famero de pacientes con Coronavirus, adem\u00e1s de lamentar otras dos muertes. Las novedades fueron comunicadas en el marco de<strong> una conferencia de prensa en la que no s\u00f3lo se ahond\u00f3 sobre la situaci\u00f3n sanitaria del partido, sino que adem\u00e1s se ratific\u00f3 la vigencia de las restricciones dispuestas desde Naci\u00f3n y adheridas por Provincia<\/strong><\/p>\n<p>&nbsp;<\/p>\n<p>Fue en el cierre de la noche del viernes que el jefe comunal bolivarense, Marcos Pisano, juntos a autoridades del \u00e1rea de Salud revelaron que, a partir de estudios propios realizados desde el Laboratorio de Biolog\u00eda Molecular, <strong>determinaron la circulaci\u00f3n de la variaci\u00f3n Manaos de Covid19, a la que le atribuyen el abultado y sostenido crecimiento de casos que vienen experimentando en las \u00faltimas semanas.<\/strong><\/p>\n<p>&nbsp;<\/p>\n<p><img data-recalc-dims=\"1\" loading=\"lazy\" decoding=\"async\" class=\"alignnone size-full wp-image-22153\" src=\"https:\/\/i0.wp.com\/cdnoticias.com\/wp-content\/uploads\/2021\/05\/conferencia-pisano-o-696x392.jpeg?resize=696%2C392&#038;ssl=1\" alt=\"\" width=\"696\" height=\"392\" srcset=\"https:\/\/i0.wp.com\/cdnoticias.com\/wp-content\/uploads\/2021\/05\/conferencia-pisano-o-696x392.jpeg?resize=696%2C392&amp;ssl=1 696w, https:\/\/i0.wp.com\/cdnoticias.com\/wp-content\/uploads\/2021\/05\/conferencia-pisano-o-696x392.jpeg?resize=300%2C169&amp;ssl=1 300w\" sizes=\"auto, (max-width: 696px) 100vw, 696px\" \/><\/p>\n<p>&nbsp;<\/p>\n<p><strong>El intendente de Bol\u00edvar hizo hincapi\u00e9 en la necesidad de apuntar a la vacunaci\u00f3n y a los cuidados personales para \u201cintentan aplanar la curva\u201d<\/strong> y, al respecto volvi\u00f3 a hacer un llamamiento a los mayores de 60 a\u00f1os que a\u00fan no se han inscripto para recibir su inoculaci\u00f3n para que lo hagan. \u201cYa nadie tiene dudas acerca de la efectividad de la vacuna y es necesario que se inscriban porque s\u00f3lo de esa manera el sistema de turnos podr\u00e1n tenerlos en cuenta\u201d, afirm\u00f3.<\/p>\n<p>&nbsp;<\/p>\n<p>Vale destacar que seg\u00fan el \u00faltimo informe oficial, <strong>tras el an\u00e1lisis de 207 muestras, fueron detectados 81 testeos positivos. El distrito cuenta con 1186 casos activos, siendo de los municipios del centro bonaerense con m\u00e1s personas cursando la enfermedad.<\/strong><\/p>\n<p>&nbsp;<\/p>\n<figure id=\"attachment_22154\" aria-describedby=\"caption-attachment-22154\" style=\"width: 800px\" class=\"wp-caption alignnone\"><img data-recalc-dims=\"1\" loading=\"lazy\" decoding=\"async\" class=\"wp-image-22154 size-full\" src=\"https:\/\/i0.wp.com\/cdnoticias.com\/wp-content\/uploads\/2021\/05\/bolivar-3.jpg?resize=800%2C445&#038;ssl=1\" alt=\"\" width=\"800\" height=\"445\" srcset=\"https:\/\/i0.wp.com\/cdnoticias.com\/wp-content\/uploads\/2021\/05\/bolivar-3.jpg?w=800&amp;ssl=1 800w, https:\/\/i0.wp.com\/cdnoticias.com\/wp-content\/uploads\/2021\/05\/bolivar-3.jpg?resize=300%2C167&amp;ssl=1 300w, https:\/\/i0.wp.com\/cdnoticias.com\/wp-content\/uploads\/2021\/05\/bolivar-3.jpg?resize=768%2C427&amp;ssl=1 768w\" sizes=\"auto, (max-width: 800px) 100vw, 800px\" \/><figcaption id=\"caption-attachment-22154\" class=\"wp-caption-text\">Fotos Secretar\u00eda de Salud Bol\u00edvar, Facebook<\/figcaption><\/figure>\n<p>&nbsp;<\/p>\n<p>A la par, tambi\u00e9n en esa comunicaci\u00f3n se detall\u00f3 la<strong> muerte de otros dos pacientes<\/strong>, se trat\u00f3 de un hombre de 86 y una mujer de 71 a\u00f1os. Son <strong>94 las muertes desde el inicio de la pandemia<\/strong>, con el dato de que gran parte corresponden no s\u00f3lo a la segunda ola, sino que se dieron en las \u00faltimas semanas.<\/p>\n<p>&nbsp;<\/p>\n<p>Por \u00faltimo, vale mencionar la situaci\u00f3n particular del Hospital Municipal, que registra<strong> una sola cama libre en la Unidad de Terapia Intensiva y una ocupaci\u00f3n del 100% en el \u00e1rea de cl\u00ednica, al punto que 10 pacientes positivos de Covid19 fueron debieron ser internados en el \u00e1rea de cirug\u00eda.<\/strong><\/p>\n<p>&nbsp;<\/p>\n<p><em>Con foto e informaci\u00f3n de <a href=\"https:\/\/www.diariolamanana.com.ar\/noticia\/la-cepa-manaos-seria-la-responsable-del-crecimiento-de-casos-en-bolivar\/\" target=\"_blank\" rel=\"noopener\">Diario La Ma\u00f1ana de Bol\u00edvar<\/a>\u00a0<\/em><\/p>\n","protected":false},"excerpt":{"rendered":"<p>Autoridades sanitarias encabezaron una conferencia de prensa en la que atribuyeron a la variante brasilera el incremento de casos. Cuentan<\/p>\n","protected":false},"author":3,"featured_media":3945,"comment_status":"closed","ping_status":"closed","sticky":false,"template":"","format":"standard","meta":{"_jetpack_memberships_contains_paid_content":false,"footnotes":""},"categories":[6,1],"tags":[],"class_list":["post-22152","post","type-post","status-publish","format-standard","has-post-thumbnail","hentry","category-nacionales","category-portada"],"jetpack_featured_media_url":"https:\/\/i0.wp.com\/cdnoticias.com\/wp-content\/uploads\/2020\/10\/20200413101554-fortalecimiento-social-y-prodiaba-atend.jpg?fit=1200%2C799&ssl=1","jetpack_sharing_enabled":true,"_links":{"self":[{"href":"https:\/\/cdnoticias.com\/index.php\/wp-json\/wp\/v2\/posts\/22152","targetHints":{"allow":["GET"]}}],"collection":[{"href":"https:\/\/cdnoticias.com\/index.php\/wp-json\/wp\/v2\/posts"}],"about":[{"href":"https:\/\/cdnoticias.com\/index.php\/wp-json\/wp\/v2\/types\/post"}],"author":[{"embeddable":true,"href":"https:\/\/cdnoticias.com\/index.php\/wp-json\/wp\/v2\/users\/3"}],"replies":[{"embeddable":true,"href":"https:\/\/cdnoticias.com\/index.php\/wp-json\/wp\/v2\/comments?post=22152"}],"version-history":[{"count":0,"href":"https:\/\/cdnoticias.com\/index.php\/wp-json\/wp\/v2\/posts\/22152\/revisions"}],"wp:featuredmedia":[{"embeddable":true,"href":"https:\/\/cdnoticias.com\/index.php\/wp-json\/wp\/v2\/media\/3945"}],"wp:attachment":[{"href":"https:\/\/cdnoticias.com\/index.php\/wp-json\/wp\/v2\/media?parent=22152"}],"wp:term":[{"taxonomy":"category","embeddable":true,"href":"https:\/\/cdnoticias.com\/index.php\/wp-json\/wp\/v2\/categories?post=22152"},{"taxonomy":"post_tag","embeddable":true,"href":"https:\/\/cdnoticias.com\/index.php\/wp-json\/wp\/v2\/tags?post=22152"}],"curies":[{"name":"wp","href":"https:\/\/api.w.org\/{rel}","templated":true}]}}