{"id":22143,"date":"2021-05-22T12:18:16","date_gmt":"2021-05-22T15:18:16","guid":{"rendered":"http:\/\/www.centraldenoticias.com.ar\/?p=22143"},"modified":"2021-05-22T12:18:16","modified_gmt":"2021-05-22T15:18:16","slug":"sigue-la-tension-e-incertidumbre-en-la-toma-del-barrio-lourdes","status":"publish","type":"post","link":"https:\/\/cdnoticias.com\/index.php\/2021\/05\/22\/sigue-la-tension-e-incertidumbre-en-la-toma-del-barrio-lourdes\/","title":{"rendered":"Sigue la tensi\u00f3n e incertidumbre en la toma del barrio Lourdes"},"content":{"rendered":"<p>Vecinos que persisten en los terrenos ocupados denuncian que la polic\u00eda volvi\u00f3 a acordonar el lugar, \u201cimpidiendo el m\u00ednimo resguardo de las personas presentes\u201d.<!--more--><\/p>\n<hr \/>\n<p><strong>\u201cNecesitamos que atiendan los reclamos o que nos dejen avanzar en la construcci\u00f3n porque as\u00ed no se puede vivir\u201d<\/strong>, reclam\u00f3 horas atr\u00e1s en di\u00e1logo con <em><strong>Central de Noticias<\/strong><\/em> <a href=\"https:\/\/cdnoticias.com\/index.php\/2021\/05\/21\/con-la-fuerte-lluvia-vecinos-de-la-toma-del-barrio-lourdes-mostraron-su-dura-realidad\/\" target=\"_blank\" rel=\"noopener\">una vecina que persiste en la toma de terrenos en el barrio Lourdes<\/a>. En la jornada de este s\u00e1bado se denunci\u00f3 \u201cun nuevo episodio de tensi\u00f3n\u201d, seg\u00fan se comunic\u00f3 a los medios period\u00edsticos.<\/p>\n<p>&nbsp;<\/p>\n<p><strong>\u201cLa polic\u00eda volvi\u00f3 a acordonar los terrenos ocupados y no permiten ingresar a las vecinas ni trasladar lo necesario para protegerse del fr\u00edo y la lluvia en las carpas\u201d<\/strong>, se expres\u00f3 a medida que se ejemplificaba con lonas, frazadas y colchones.<\/p>\n<p>&nbsp;<\/p>\n<p><strong>\u201cLa orden de desalojo est\u00e1 en suspenso pero la polic\u00eda interviene impidiendo el m\u00ednimo resguardo de las personas presentes\u201d<\/strong>, se agreg\u00f3.<\/p>\n<p>&nbsp;<\/p>\n<p>Vale destacar que los \u00faltimos d\u00edas se vivieron con suma tensi\u00f3n e incertidumbre ante un posible procedimiento de desalojo, algo que, en principio, habr\u00eda sido postergado debido a las inclemencias clim\u00e1ticas. <strong>\u201cNecesitamos respuestas, que los vecinos vean por lo que estamos peleando y c\u00f3mo lo estamos haciendo. Que nos releven y vean la organizaci\u00f3n que tenemos\u201d<\/strong>, clamaron las personas que son parte de la ocupaci\u00f3n.<\/p>\n<p>&nbsp;<\/p>\n","protected":false},"excerpt":{"rendered":"<p>Vecinos que persisten en los terrenos ocupados denuncian que la polic\u00eda volvi\u00f3 a acordonar el lugar, \u201cimpidiendo el m\u00ednimo resguardo<\/p>\n","protected":false},"author":3,"featured_media":22144,"comment_status":"closed","ping_status":"closed","sticky":false,"template":"","format":"standard","meta":{"_jetpack_memberships_contains_paid_content":false,"footnotes":""},"categories":[5,1],"tags":[],"class_list":["post-22143","post","type-post","status-publish","format-standard","has-post-thumbnail","hentry","category-informacion-general","category-portada"],"jetpack_featured_media_url":"https:\/\/i0.wp.com\/cdnoticias.com\/wp-content\/uploads\/2021\/05\/toma-1.jpg?fit=800%2C445&ssl=1","jetpack_sharing_enabled":true,"_links":{"self":[{"href":"https:\/\/cdnoticias.com\/index.php\/wp-json\/wp\/v2\/posts\/22143","targetHints":{"allow":["GET"]}}],"collection":[{"href":"https:\/\/cdnoticias.com\/index.php\/wp-json\/wp\/v2\/posts"}],"about":[{"href":"https:\/\/cdnoticias.com\/index.php\/wp-json\/wp\/v2\/types\/post"}],"author":[{"embeddable":true,"href":"https:\/\/cdnoticias.com\/index.php\/wp-json\/wp\/v2\/users\/3"}],"replies":[{"embeddable":true,"href":"https:\/\/cdnoticias.com\/index.php\/wp-json\/wp\/v2\/comments?post=22143"}],"version-history":[{"count":0,"href":"https:\/\/cdnoticias.com\/index.php\/wp-json\/wp\/v2\/posts\/22143\/revisions"}],"wp:featuredmedia":[{"embeddable":true,"href":"https:\/\/cdnoticias.com\/index.php\/wp-json\/wp\/v2\/media\/22144"}],"wp:attachment":[{"href":"https:\/\/cdnoticias.com\/index.php\/wp-json\/wp\/v2\/media?parent=22143"}],"wp:term":[{"taxonomy":"category","embeddable":true,"href":"https:\/\/cdnoticias.com\/index.php\/wp-json\/wp\/v2\/categories?post=22143"},{"taxonomy":"post_tag","embeddable":true,"href":"https:\/\/cdnoticias.com\/index.php\/wp-json\/wp\/v2\/tags?post=22143"}],"curies":[{"name":"wp","href":"https:\/\/api.w.org\/{rel}","templated":true}]}}