{"id":22117,"date":"2021-05-21T23:06:28","date_gmt":"2021-05-22T02:06:28","guid":{"rendered":"http:\/\/www.centraldenoticias.com.ar\/?p=22117"},"modified":"2021-05-22T10:20:23","modified_gmt":"2021-05-22T13:20:23","slug":"el-municipio-explico-el-alcance-de-las-nuevas-medidas-y-restricciones","status":"publish","type":"post","link":"https:\/\/cdnoticias.com\/index.php\/2021\/05\/21\/el-municipio-explico-el-alcance-de-las-nuevas-medidas-y-restricciones\/","title":{"rendered":"El municipio explic\u00f3 el alcance de las nuevas medidas y restricciones"},"content":{"rendered":"<p>Si bien se aclar\u00f3 que se aguarda por la oficializaci\u00f3n de la normativa provincial, se ratific\u00f3 la aplicaci\u00f3n de medidas desde este s\u00e1bado<!--more--><\/p>\n<hr \/>\n<p><strong>&#8220;El Gobierno Municipal informa que solo permanecer\u00e1n abiertos los comercios de actividades esenciales en el horario de 6 a 18 horas<\/strong>&#8220;, se expres\u00f3 desde el municipio de Olavarr\u00eda sobre el cierre de la noche de este viernes, para arrojar mayores precisiones acerca de las <a href=\"https:\/\/cdnoticias.com\/index.php\/2021\/05\/20\/nuevas-medidas-de-confinamiento-es-el-peor-momento-desde-que-inicio-la-pandemia\/\" target=\"_blank\" rel=\"noopener\">medidas dispuestas desde presidencia de la Naci\u00f3n<\/a> y <a href=\"https:\/\/cdnoticias.com\/index.php\/2021\/05\/21\/provincia-confirmo-que-las-nuevas-restricciones-incluyen-a-olavarria\/\" target=\"_blank\" rel=\"noopener\">acompa\u00f1adas desde el gobierno bonaerense.<\/a><\/p>\n<p>&nbsp;<\/p>\n<p><img data-recalc-dims=\"1\" loading=\"lazy\" decoding=\"async\" class=\"alignnone size-large wp-image-22115\" src=\"https:\/\/i0.wp.com\/cdnoticias.com\/wp-content\/uploads\/2021\/05\/60a718e536dc4_1004x1348.jpg?resize=763%2C1024&#038;ssl=1\" alt=\"\" width=\"763\" height=\"1024\" srcset=\"https:\/\/i0.wp.com\/cdnoticias.com\/wp-content\/uploads\/2021\/05\/60a718e536dc4_1004x1348.jpg?resize=763%2C1024&amp;ssl=1 763w, https:\/\/i0.wp.com\/cdnoticias.com\/wp-content\/uploads\/2021\/05\/60a718e536dc4_1004x1348.jpg?resize=223%2C300&amp;ssl=1 223w, https:\/\/i0.wp.com\/cdnoticias.com\/wp-content\/uploads\/2021\/05\/60a718e536dc4_1004x1348.jpg?resize=768%2C1031&amp;ssl=1 768w, https:\/\/i0.wp.com\/cdnoticias.com\/wp-content\/uploads\/2021\/05\/60a718e536dc4_1004x1348.jpg?w=1004&amp;ssl=1 1004w\" sizes=\"auto, (max-width: 763px) 100vw, 763px\" \/><\/p>\n<p>&nbsp;<\/p>\n<p>En ese sentido, se explic\u00f3 que la comunicaci\u00f3n surge &#8220;<strong>ante la inminente vigencia del DNU anunciado por el presidente Alberto Fern\u00e1ndez y la adhesi\u00f3n del gobernador Axel Kicillof que alcanza al Partido de Olavarr\u00eda&#8221;.<\/strong><\/p>\n<p>&nbsp;<\/p>\n<p><strong>&#8220;Solo podr\u00e1n circular los trabajadores denominados esenciales<\/strong>&#8220;, se agreg\u00f3.<\/p>\n<p>&nbsp;<\/p>\n<p><img data-recalc-dims=\"1\" loading=\"lazy\" decoding=\"async\" class=\"alignnone size-full wp-image-21611\" src=\"https:\/\/i0.wp.com\/cdnoticias.com\/wp-content\/uploads\/2021\/05\/conferencia6.jpg?resize=800%2C445&#038;ssl=1\" alt=\"\" width=\"800\" height=\"445\" srcset=\"https:\/\/i0.wp.com\/cdnoticias.com\/wp-content\/uploads\/2021\/05\/conferencia6.jpg?w=800&amp;ssl=1 800w, https:\/\/i0.wp.com\/cdnoticias.com\/wp-content\/uploads\/2021\/05\/conferencia6.jpg?resize=300%2C167&amp;ssl=1 300w, https:\/\/i0.wp.com\/cdnoticias.com\/wp-content\/uploads\/2021\/05\/conferencia6.jpg?resize=768%2C427&amp;ssl=1 768w\" sizes=\"auto, (max-width: 800px) 100vw, 800px\" \/><\/p>\n<p>&nbsp;<\/p>\n<p>A la par, se se\u00f1al\u00f3 que <strong>&#8220;las medidas que estableci\u00f3 el gobierno nacional rigen desde las 00 horas del s\u00e1bado 22 de mayo hasta las 00 horas del 31 de mayo del corriente a\u00f1o&#8221;.<\/strong><\/p>\n<p>&nbsp;<\/p>\n<p>&#8220;<strong>En las pr\u00f3ximas horas, cuando est\u00e9 oficializada la normativa provincial, se brindar\u00e1n m\u00e1s especificaciones acerca de las restricciones decretadas por el gobierno nacional<\/strong>&#8220;, se concluy\u00f3.<\/p>\n","protected":false},"excerpt":{"rendered":"<p>Si bien se aclar\u00f3 que se aguarda por la oficializaci\u00f3n de la normativa provincial, se ratific\u00f3 la aplicaci\u00f3n de medidas<\/p>\n","protected":false},"author":3,"featured_media":21608,"comment_status":"closed","ping_status":"closed","sticky":false,"template":"","format":"standard","meta":{"_jetpack_memberships_contains_paid_content":false,"footnotes":""},"categories":[16,1],"tags":[],"class_list":["post-22117","post","type-post","status-publish","format-standard","has-post-thumbnail","hentry","category-covid-19","category-portada"],"jetpack_featured_media_url":"https:\/\/i0.wp.com\/cdnoticias.com\/wp-content\/uploads\/2021\/05\/conferencia3.jpg?fit=800%2C445&ssl=1","jetpack_sharing_enabled":true,"_links":{"self":[{"href":"https:\/\/cdnoticias.com\/index.php\/wp-json\/wp\/v2\/posts\/22117","targetHints":{"allow":["GET"]}}],"collection":[{"href":"https:\/\/cdnoticias.com\/index.php\/wp-json\/wp\/v2\/posts"}],"about":[{"href":"https:\/\/cdnoticias.com\/index.php\/wp-json\/wp\/v2\/types\/post"}],"author":[{"embeddable":true,"href":"https:\/\/cdnoticias.com\/index.php\/wp-json\/wp\/v2\/users\/3"}],"replies":[{"embeddable":true,"href":"https:\/\/cdnoticias.com\/index.php\/wp-json\/wp\/v2\/comments?post=22117"}],"version-history":[{"count":0,"href":"https:\/\/cdnoticias.com\/index.php\/wp-json\/wp\/v2\/posts\/22117\/revisions"}],"wp:featuredmedia":[{"embeddable":true,"href":"https:\/\/cdnoticias.com\/index.php\/wp-json\/wp\/v2\/media\/21608"}],"wp:attachment":[{"href":"https:\/\/cdnoticias.com\/index.php\/wp-json\/wp\/v2\/media?parent=22117"}],"wp:term":[{"taxonomy":"category","embeddable":true,"href":"https:\/\/cdnoticias.com\/index.php\/wp-json\/wp\/v2\/categories?post=22117"},{"taxonomy":"post_tag","embeddable":true,"href":"https:\/\/cdnoticias.com\/index.php\/wp-json\/wp\/v2\/tags?post=22117"}],"curies":[{"name":"wp","href":"https:\/\/api.w.org\/{rel}","templated":true}]}}