{"id":22110,"date":"2021-05-21T19:41:23","date_gmt":"2021-05-21T22:41:23","guid":{"rendered":"http:\/\/www.centraldenoticias.com.ar\/?p=22110"},"modified":"2021-05-21T19:41:23","modified_gmt":"2021-05-21T22:41:23","slug":"mas-de-mil-olavarrienses-fueron-vacunados-este-viernes-contra-el-coronavirus","status":"publish","type":"post","link":"https:\/\/cdnoticias.com\/index.php\/2021\/05\/21\/mas-de-mil-olavarrienses-fueron-vacunados-este-viernes-contra-el-coronavirus\/","title":{"rendered":"M\u00e1s de mil olavarrienses fueron vacunados este viernes contra el Coronavirus"},"content":{"rendered":"<p>Se tratan de las dosis aplicadas tanto en el marco Programa Provincial de Vacunaci\u00f3n como en las tareas realizadas desde PAMI.<!--more--><\/p>\n<hr \/>\n<p>En la jornada de este viernes la situaci\u00f3n sanitaria volvi\u00f3 a ser noticia. Primero por la aplicaci\u00f3n de las medidas restrictivas para frenar el avance de la pandemia en el pa\u00eds y su correlato en la provincia de Buenos Aires, donde\u00a0<a href=\"https:\/\/cdnoticias.com\/index.php\/2021\/05\/21\/provincia-anuncio-medidas-complementarias-para-acompanar-al-sector-privado\/\">Olavarr\u00eda es uno de los distritos alcanzados por las medidas<\/a>. Y, segundo, por el importante<a href=\"https:\/\/cdnoticias.com\/index.php\/2021\/05\/21\/segunda-ola-detectaron-mas-de-100-casos-positivos-y-aumento-la-ocupacion-hospitalaria\/\" target=\"_blank\" rel=\"noopener\"> incremento de casos positivos que registr\u00f3 nuestro Partido<\/a>.<\/p>\n<p>&nbsp;<\/p>\n<p>Pero, a la par, tambi\u00e9n este viernes se ha dado una noticia positiva y es que m\u00e1s de mil olavarrienses fueron vacunados. De ese total, 484 correspondieron al <strong>operativo de vacunaci\u00f3n que es llevado adelante desde PAMI, que en las \u00faltimas 48 horas recorri\u00f3 cerca de 30 instituciones locales.<\/strong><\/p>\n<p>&nbsp;<\/p>\n<p><img data-recalc-dims=\"1\" loading=\"lazy\" decoding=\"async\" class=\"alignnone size-large wp-image-22111\" src=\"https:\/\/i0.wp.com\/cdnoticias.com\/wp-content\/uploads\/2021\/05\/WhatsApp-Image-2021-05-21-at-18.09.29.jpeg?resize=800%2C517&#038;ssl=1\" alt=\"\" width=\"800\" height=\"517\" srcset=\"https:\/\/i0.wp.com\/cdnoticias.com\/wp-content\/uploads\/2021\/05\/WhatsApp-Image-2021-05-21-at-18.09.29.jpeg?resize=1024%2C662&amp;ssl=1 1024w, https:\/\/i0.wp.com\/cdnoticias.com\/wp-content\/uploads\/2021\/05\/WhatsApp-Image-2021-05-21-at-18.09.29.jpeg?resize=300%2C194&amp;ssl=1 300w, https:\/\/i0.wp.com\/cdnoticias.com\/wp-content\/uploads\/2021\/05\/WhatsApp-Image-2021-05-21-at-18.09.29.jpeg?resize=768%2C497&amp;ssl=1 768w, https:\/\/i0.wp.com\/cdnoticias.com\/wp-content\/uploads\/2021\/05\/WhatsApp-Image-2021-05-21-at-18.09.29.jpeg?w=1280&amp;ssl=1 1280w\" sizes=\"auto, (max-width: 800px) 100vw, 800px\" \/><\/p>\n<p>&nbsp;<\/p>\n<p><strong>En todos los casos correspondi\u00f3 a la aplicaci\u00f3n de segundos componentes de la vacuna Sputnik V<\/strong>, labor con la que se recorri\u00f3 las entidades Mi Anhelo (Hinojo), San Francisco de Asis (Hinojo), Luz de Vida, El Jard\u00edn de mi Abuela, Hogar \u00c1ngeles, La Casita de Santi (en sus 3 sedes), Mis A\u00f1os Felices, Centro de Atenci\u00f3n Tercera Edad, CORPI, Dulce Hogar, Hogar Estilo, Hogar San Agust\u00edn, Residencia Amelie, Hogar Luz, Pensi\u00f3n La Familia, Hogar de Abuelas Mabel, Hogar Geras, Hogar de Adultos Mayores, La Casa de Mis Nietos (en sus 2 sedes), Hogar San Antonio Pascual, Mi Nuevo Hogar, Cuando en Mi Pasen Los A\u00f1os, Para\u00edso Los Robles, Residencia Luz, Residencia Amelie y Residencia Las Retamas.<\/p>\n<p>&nbsp;<\/p>\n<p>Vale destacar, por \u00faltimo, que de los operativos particip\u00f3\u00a0 Jorge Gara\u00edz, jefe local. En total <strong>PAMI lleva vacunadas 1249 personas de Olavarr\u00eda y las localidades con la primera dosis de la vacuna contra el COVID y 921 ya recibieron los dos componentes.<\/strong><\/p>\n<p>&nbsp;<\/p>\n<p><em><strong>M\u00e1s dosis<\/strong><\/em><\/p>\n<p>&nbsp;<\/p>\n<p>De manera paralela sigue su curso el Programa Provincial de Vacunaci\u00f3n, coordinado desde Regi\u00f3n Sanitaria IX, con la colaboraci\u00f3n de la Subsecretar\u00eda de Salud Municipal. Fueron en total<strong> 611 los olavarrienses inoculados, gracias la tarea conjunta de los 4 centros locales de vacunaci\u00f3n.<\/strong><\/p>\n<p>&nbsp;<\/p>\n<p>Se detall\u00f3 que fueron <strong>310 los vecinos que recibieron la primera dosis<\/strong>, la cual fue aplicada tanto en el Hospital Provincial de Oncologia y como en la sede de la Mutual Carlos Alberto Moreno, de Suteba.<\/p>\n<p>&nbsp;<\/p>\n<p><img data-recalc-dims=\"1\" loading=\"lazy\" decoding=\"async\" class=\"alignnone size-full wp-image-22113\" src=\"https:\/\/i0.wp.com\/cdnoticias.com\/wp-content\/uploads\/2021\/05\/WhatsApp-Image-2021-05-21-at-18.09.27.jpeg?resize=800%2C514&#038;ssl=1\" alt=\"\" width=\"800\" height=\"514\" srcset=\"https:\/\/i0.wp.com\/cdnoticias.com\/wp-content\/uploads\/2021\/05\/WhatsApp-Image-2021-05-21-at-18.09.27.jpeg?w=960&amp;ssl=1 960w, https:\/\/i0.wp.com\/cdnoticias.com\/wp-content\/uploads\/2021\/05\/WhatsApp-Image-2021-05-21-at-18.09.27.jpeg?resize=300%2C193&amp;ssl=1 300w, https:\/\/i0.wp.com\/cdnoticias.com\/wp-content\/uploads\/2021\/05\/WhatsApp-Image-2021-05-21-at-18.09.27.jpeg?resize=768%2C494&amp;ssl=1 768w\" sizes=\"auto, (max-width: 800px) 100vw, 800px\" \/><\/p>\n<p>&nbsp;<\/p>\n<p>Asimismo, fueron <strong>301 los olavarrienses a los cuales ya se los inocul\u00f3 con el segundo componente, completando el proceso de vacunaci\u00f3n<\/strong>. Estas dosis fueron aplicadas en el Servicio Territorial Municipal 2 y en la Facultad de Ciencias de la Salud.<\/p>\n<p>&nbsp;<\/p>\n<p>Por \u00faltimo, se record\u00f3 que <strong>la vacunaci\u00f3n es \u00fanicamente por turnos, tanto para primeras como segundas dosis,\u00a0 por lo que se le pide a la comunidad que est\u00e9n atentos a los mensajes con la notificaci\u00f3n del d\u00eda y horario para aplicarse la dosis correspondiente<\/strong>.\u00a0Todos los interesados en acceder al plan provincial de vacunaci\u00f3n contra el coronavirus, que es p\u00fablico, gratuito y optativo, pueden sacar turno de manera virtual entrando en la <a href=\"https:\/\/vacunatepba.gba.gob.ar\/\" target=\"_blank\" rel=\"noopener\">p\u00e1gina del Programa Vacunate<\/a>\u00a0 o de forma presencial en ANSES, IOMA, PAMI, Ministerio de trabajo, Centro de Documentaci\u00f3n R\u00e1pida, entre otros.<\/p>\n","protected":false},"excerpt":{"rendered":"<p>Se tratan de las dosis aplicadas tanto en el marco Programa Provincial de Vacunaci\u00f3n como en las tareas realizadas desde<\/p>\n","protected":false},"author":3,"featured_media":22112,"comment_status":"closed","ping_status":"closed","sticky":false,"template":"","format":"standard","meta":{"_jetpack_memberships_contains_paid_content":false,"footnotes":""},"categories":[16,1],"tags":[],"class_list":["post-22110","post","type-post","status-publish","format-standard","has-post-thumbnail","hentry","category-covid-19","category-portada"],"jetpack_featured_media_url":"https:\/\/i0.wp.com\/cdnoticias.com\/wp-content\/uploads\/2021\/05\/WhatsApp-Image-2021-05-21-at-18.09.28.jpeg?fit=960%2C636&ssl=1","jetpack_sharing_enabled":true,"_links":{"self":[{"href":"https:\/\/cdnoticias.com\/index.php\/wp-json\/wp\/v2\/posts\/22110","targetHints":{"allow":["GET"]}}],"collection":[{"href":"https:\/\/cdnoticias.com\/index.php\/wp-json\/wp\/v2\/posts"}],"about":[{"href":"https:\/\/cdnoticias.com\/index.php\/wp-json\/wp\/v2\/types\/post"}],"author":[{"embeddable":true,"href":"https:\/\/cdnoticias.com\/index.php\/wp-json\/wp\/v2\/users\/3"}],"replies":[{"embeddable":true,"href":"https:\/\/cdnoticias.com\/index.php\/wp-json\/wp\/v2\/comments?post=22110"}],"version-history":[{"count":0,"href":"https:\/\/cdnoticias.com\/index.php\/wp-json\/wp\/v2\/posts\/22110\/revisions"}],"wp:featuredmedia":[{"embeddable":true,"href":"https:\/\/cdnoticias.com\/index.php\/wp-json\/wp\/v2\/media\/22112"}],"wp:attachment":[{"href":"https:\/\/cdnoticias.com\/index.php\/wp-json\/wp\/v2\/media?parent=22110"}],"wp:term":[{"taxonomy":"category","embeddable":true,"href":"https:\/\/cdnoticias.com\/index.php\/wp-json\/wp\/v2\/categories?post=22110"},{"taxonomy":"post_tag","embeddable":true,"href":"https:\/\/cdnoticias.com\/index.php\/wp-json\/wp\/v2\/tags?post=22110"}],"curies":[{"name":"wp","href":"https:\/\/api.w.org\/{rel}","templated":true}]}}