{"id":2211,"date":"2020-09-22T20:47:17","date_gmt":"2020-09-22T23:47:17","guid":{"rendered":"http:\/\/www.centraldenoticias.com.ar\/?p=2211"},"modified":"2020-09-22T21:42:11","modified_gmt":"2020-09-23T00:42:11","slug":"galli-hemos-decidido-no-tener-mas-controles-de-acceso-a-la-ciudad","status":"publish","type":"post","link":"https:\/\/cdnoticias.com\/index.php\/2020\/09\/22\/galli-hemos-decidido-no-tener-mas-controles-de-acceso-a-la-ciudad\/","title":{"rendered":"Galli: \u201cHemos decidido no tener m\u00e1s controles de acceso a la ciudad\u201d"},"content":{"rendered":"<p>Este martes el intendente Ezequiel Galli encabez\u00f3 una conferencia de prensa acompa\u00f1ado por el secretario de Salud Germ\u00e1n Caputo. La principal novedad radic\u00f3 en que se levantar\u00e1n los controles de acceso a la ciudad. Adem\u00e1s, hubo lugar para reflexiones sobre la \u201cnueva normalidad\u201d, las caracter\u00edsticas de los hisopados y la apertura de gimnasios y natatorios. Con an\u00e9cdotas incluidas.<!--more--><\/p>\n<hr \/>\n<p>&nbsp;<\/p>\n<p>Este martes se realiz\u00f3 en el Sal\u00f3n Rivadavia una conferencia de prensa donde, en primer lugar, se comunic\u00f3 el parte diario sobre la situaci\u00f3n sanitaria en el Partido de Olavarr\u00eda. Se inform\u00f3 el <a href=\"https:\/\/cdnoticias.com\/index.php\/2020\/09\/22\/confirman-el-fallecimiento-de-tres-personas-por-covid\/\" target=\"_blank\" rel=\"noopener\">fallecimiento de 3 personas<\/a> que ten\u00edan Covid-19 y el <a href=\"https:\/\/cdnoticias.com\/index.php\/2020\/09\/22\/continua-la-tendencia-49-nuevos-casos-de-coronavirus-en-olavarria\/\" target=\"_blank\" rel=\"noopener\">registro de 49 nuevos casos durante la jornada.<\/a><\/p>\n<p>&nbsp;<\/p>\n<p><strong><em>\u201cA partir de esta noche, hemos decidido no tener m\u00e1s controles de acceso a la ciudad y si reforzar los controles en otras actividades\u201d<\/em><\/strong>, se\u00f1al\u00f3 el intendente Ezequiel Galli.<\/p>\n<p>&nbsp;<\/p>\n<p>La medida se justific\u00f3 en el hecho de que <strong><em>\u201cel 75% de los casos son asintom\u00e1ticos\u201d<\/em><\/strong> y agreg\u00f3:<strong><em> \u201clo conversamos con el comit\u00e9 de crisis y decidimos que desde ma\u00f1ana no habr\u00e1 m\u00e1s controles en el ingreso a la ciudad\u201d.<\/em><\/strong> Recordemos que estaban ubicados en <strong>autopista Luciano Fortabat y avenida Pringles.<\/strong><\/p>\n<p>&nbsp;<\/p>\n<p><img data-recalc-dims=\"1\" loading=\"lazy\" decoding=\"async\" class=\"alignnone size-large wp-image-2204\" src=\"https:\/\/i0.wp.com\/cdnoticias.com\/wp-content\/uploads\/2020\/09\/Conferencia6.jpeg?resize=800%2C533&#038;ssl=1\" alt=\"\" width=\"800\" height=\"533\" srcset=\"https:\/\/i0.wp.com\/cdnoticias.com\/wp-content\/uploads\/2020\/09\/Conferencia6.jpeg?resize=1024%2C682&amp;ssl=1 1024w, https:\/\/i0.wp.com\/cdnoticias.com\/wp-content\/uploads\/2020\/09\/Conferencia6.jpeg?resize=300%2C200&amp;ssl=1 300w, https:\/\/i0.wp.com\/cdnoticias.com\/wp-content\/uploads\/2020\/09\/Conferencia6.jpeg?resize=768%2C512&amp;ssl=1 768w, https:\/\/i0.wp.com\/cdnoticias.com\/wp-content\/uploads\/2020\/09\/Conferencia6.jpeg?resize=272%2C182&amp;ssl=1 272w, https:\/\/i0.wp.com\/cdnoticias.com\/wp-content\/uploads\/2020\/09\/Conferencia6.jpeg?w=1280&amp;ssl=1 1280w\" sizes=\"auto, (max-width: 800px) 100vw, 800px\" \/><\/p>\n<p>&nbsp;<\/p>\n<p>Asimismo el intendente, indic\u00f3 que en los pr\u00f3ximos d\u00edas tambi\u00e9n \u201c<em>se van a empezar a levantar los <strong>taludes de tierra<\/strong> en el resto de los accesos\u201d.<\/em><\/p>\n<p>&nbsp;<\/p>\n<p>Por otra parte, el mandatario asegur\u00f3 que <em>\u201cvamos a tener que convivir con el virus por lo menos durante los pr\u00f3ximos 8, 10 meses, si es que la vacuna es exitosa\u201d<\/em>. En ese sentido, y haciendo referencia a la <em>\u201cnueva normalidad\u201d<\/em>, Galli explic\u00f3 que<em> \u201cten\u00edamos personal para seguir cubriendo los controles pero <strong>preferimos destinarlos a armar equipos de trabajo porque creemos que se requiere de un trabajo articulado entre el privado y el Estado\u201d.<\/strong><\/em><\/p>\n<p>&nbsp;<\/p>\n<p><strong>\u201cNo queremos que cobren un subsidio, queremos que trabajen\u201d<\/strong><\/p>\n<p>Lo dijo el intendente en referencia a la apertura de gimnasios y natatorios. Asegur\u00f3 que<em> \u201cno creemos que los contagios se hayan dado en gimnasios porque los protocolos se cumplen. No queremos que cobren un subsidio, queremos que trabajen\u201d<\/em>, indic\u00f3.<\/p>\n<p>&nbsp;<\/p>\n<p>En ese sentido, resalt\u00f3 la continuidad en la Fase 4 \u201cconfirmada\u201d por Carlos Bianco, Jefe de Gabinete de Ministros de la provincia de Buenos Aires, y la importancia del trabajo realizado para lograr la apertura de los espacios deportivos ya que <strong><em>\u201ces por la salud, tanto f\u00edsica como mental de los olavarrienses\u201d.<\/em><\/strong><\/p>\n<p>&nbsp;<\/p>\n<p><img data-recalc-dims=\"1\" loading=\"lazy\" decoding=\"async\" class=\"alignnone size-large wp-image-2194\" src=\"https:\/\/i0.wp.com\/cdnoticias.com\/wp-content\/uploads\/2020\/09\/WhatsApp-Image-2020-09-22-at-20.04.43.jpeg?resize=800%2C450&#038;ssl=1\" alt=\"\" width=\"800\" height=\"450\" srcset=\"https:\/\/i0.wp.com\/cdnoticias.com\/wp-content\/uploads\/2020\/09\/WhatsApp-Image-2020-09-22-at-20.04.43.jpeg?resize=1024%2C576&amp;ssl=1 1024w, https:\/\/i0.wp.com\/cdnoticias.com\/wp-content\/uploads\/2020\/09\/WhatsApp-Image-2020-09-22-at-20.04.43.jpeg?resize=300%2C169&amp;ssl=1 300w, https:\/\/i0.wp.com\/cdnoticias.com\/wp-content\/uploads\/2020\/09\/WhatsApp-Image-2020-09-22-at-20.04.43.jpeg?resize=768%2C432&amp;ssl=1 768w, https:\/\/i0.wp.com\/cdnoticias.com\/wp-content\/uploads\/2020\/09\/WhatsApp-Image-2020-09-22-at-20.04.43.jpeg?w=1280&amp;ssl=1 1280w\" sizes=\"auto, (max-width: 800px) 100vw, 800px\" \/><\/p>\n<p>&nbsp;<\/p>\n<p><strong>\u201cHisopamos al sintom\u00e1tico del contacto estrecho\u201d<\/strong><\/p>\n<p>Fue la respuesta del doctor Germ\u00e1n Caputo ante la consulta sobre la realizaci\u00f3n de los testeos. <em>\u201cAl conviviente lo aislamos y lo manejamos muchas veces como un paciente positivo.<strong> No se contabiliza, esperamos la sintomatolog\u00eda y ah\u00ed lo hisopamos<\/strong>\u201d.<\/em><\/p>\n<p>&nbsp;<\/p>\n<p>En este punto, el intendente Galli intervino para resaltar el trabajo del equipo de salud y cont\u00f3 una an\u00e9cdota: <em>\u201cal inicio de la pandemia <strong>le ped\u00ed a Germ\u00e1n que compremos respiradores. \u00c9l me dijo que no era necesario tener tantas naves espaciales si no ten\u00edamos astronautas que las manejen.<\/strong> Y fuimos pioneros en tener el laboratorio. Podemos hacer el aislamiento, y esperar a ver si tienen s\u00edntomas o no\u201d.<\/em><\/p>\n","protected":false},"excerpt":{"rendered":"<p>Este martes el intendente Ezequiel Galli encabez\u00f3 una conferencia de prensa acompa\u00f1ado por el secretario de Salud Germ\u00e1n Caputo. La<\/p>\n","protected":false},"author":5,"featured_media":2200,"comment_status":"closed","ping_status":"closed","sticky":false,"template":"","format":"standard","meta":{"_jetpack_memberships_contains_paid_content":false,"footnotes":""},"categories":[5,1],"tags":[],"class_list":["post-2211","post","type-post","status-publish","format-standard","has-post-thumbnail","hentry","category-informacion-general","category-portada"],"jetpack_featured_media_url":"https:\/\/i0.wp.com\/cdnoticias.com\/wp-content\/uploads\/2020\/09\/Conferencia2.jpeg?fit=1280%2C853&ssl=1","jetpack_sharing_enabled":true,"_links":{"self":[{"href":"https:\/\/cdnoticias.com\/index.php\/wp-json\/wp\/v2\/posts\/2211","targetHints":{"allow":["GET"]}}],"collection":[{"href":"https:\/\/cdnoticias.com\/index.php\/wp-json\/wp\/v2\/posts"}],"about":[{"href":"https:\/\/cdnoticias.com\/index.php\/wp-json\/wp\/v2\/types\/post"}],"author":[{"embeddable":true,"href":"https:\/\/cdnoticias.com\/index.php\/wp-json\/wp\/v2\/users\/5"}],"replies":[{"embeddable":true,"href":"https:\/\/cdnoticias.com\/index.php\/wp-json\/wp\/v2\/comments?post=2211"}],"version-history":[{"count":0,"href":"https:\/\/cdnoticias.com\/index.php\/wp-json\/wp\/v2\/posts\/2211\/revisions"}],"wp:featuredmedia":[{"embeddable":true,"href":"https:\/\/cdnoticias.com\/index.php\/wp-json\/wp\/v2\/media\/2200"}],"wp:attachment":[{"href":"https:\/\/cdnoticias.com\/index.php\/wp-json\/wp\/v2\/media?parent=2211"}],"wp:term":[{"taxonomy":"category","embeddable":true,"href":"https:\/\/cdnoticias.com\/index.php\/wp-json\/wp\/v2\/categories?post=2211"},{"taxonomy":"post_tag","embeddable":true,"href":"https:\/\/cdnoticias.com\/index.php\/wp-json\/wp\/v2\/tags?post=2211"}],"curies":[{"name":"wp","href":"https:\/\/api.w.org\/{rel}","templated":true}]}}