{"id":22103,"date":"2021-05-21T19:09:06","date_gmt":"2021-05-21T22:09:06","guid":{"rendered":"http:\/\/www.centraldenoticias.com.ar\/?p=22103"},"modified":"2021-05-21T19:10:30","modified_gmt":"2021-05-21T22:10:30","slug":"provincia-anuncio-medidas-complementarias-para-acompanar-al-sector-privado","status":"publish","type":"post","link":"https:\/\/cdnoticias.com\/index.php\/2021\/05\/21\/provincia-anuncio-medidas-complementarias-para-acompanar-al-sector-privado\/","title":{"rendered":"Kicillof anunci\u00f3 medidas complementarias para acompa\u00f1ar al sector privado"},"content":{"rendered":"<p>Lo hizo en la conferencia de prensa en la que detall\u00f3 que 126 municipios bonaerenses ser\u00e1n alcanzados por las nuevas medidas sanitarias.<!--more--><\/p>\n<hr \/>\n<p>En la tarde de este viernes el gobernador de la provincia de Buenos Aires, Axel Kicillof, lider\u00f3 una conferencia de prensa en la que ratifico que en el territorio bonaerense se aplicar\u00e1n las <a href=\"https:\/\/cdnoticias.com\/index.php\/2021\/05\/20\/nuevas-medidas-de-confinamiento-es-el-peor-momento-desde-que-inicio-la-pandemia\/\" target=\"_blank\" rel=\"noopener\">medidas que en la noche del jueves fueron anunciadas por el presidente de la Naci\u00f3n, Alberto Fern\u00e1ndez.<\/a><\/p>\n<p>&nbsp;<\/p>\n<p>En esa rueda de prensa Kicillof explic\u00f3 que <a href=\"https:\/\/cdnoticias.com\/index.php\/2021\/05\/21\/provincia-confirmo-que-las-nuevas-restricciones-incluyen-a-olavarria\/\" target=\"_blank\" rel=\"noopener\">126 distritos bonaerenses, entre ellos Olavarr\u00eda, ser\u00e1n alcanzados por las restricciones que ingresar\u00e1n en vigencia con el inicio de la jornada del s\u00e1bado<\/a>.<\/p>\n<p>&nbsp;<\/p>\n<div class=\"jetpack-video-wrapper\"><iframe loading=\"lazy\" width=\"800\" height=\"450\" src=\"https:\/\/www.youtube.com\/embed\/QzHL6WeoEYw?start=1&#038;feature=oembed\" frameborder=\"0\" allow=\"accelerometer; autoplay; clipboard-write; encrypted-media; gyroscope; picture-in-picture\" allowfullscreen><\/iframe><\/div>\n<p>&nbsp;<\/p>\n<p>A la par, en ese marco tambi\u00e9n anunci\u00f3 nuevas medidas econ\u00f3micas, complementarias a las anunciadas desde Naci\u00f3n, para acompa\u00f1ar y apoyar al sector privado ante el nuevo confinamiento. <strong>El nuevo paquete tiene como beneficiarios principalmente a Pymes, micro empresas y monotributistas.<\/strong><\/p>\n<p>&nbsp;<\/p>\n<p>Se trata del segundo bloque de medidas en un mes. Una parte de las decisiones las aplicar\u00e1 <strong>ARBA que no cobrar\u00e1 retenciones de Ingresos Brutos a salas de teatro y complejos cinematogr\u00e1ficos; discotecas y salones de fiesta; restaurantes y bares en espacios cerrados; establecimientos deportivos; jardines maternales y Centros de Atenci\u00f3n de Desarrollo Infantil.<\/strong><\/p>\n<p>&nbsp;<\/p>\n<blockquote><p>Adem\u00e1s, durante julio, agosto y septiembre se aplicar\u00e1 al\u00edcuota 0% en los reg\u00edmenes de retenciones, percepciones bancarias y tarjetas.<\/p><\/blockquote>\n<p>&nbsp;<\/p>\n<p><strong>ARBA adem\u00e1s relanzar\u00e1 un plan de pagos para regularizar deudas impositivas vencidas desde el 1 de enero al 31 de agosto de 2021<\/strong>. Aqu\u00ed los tributos alcanzados son Ingresos Brutos, Inmobiliario y Atomotores. Tambi\u00e9n se suspender\u00e1n los embargos judiciales hasta agosto.<\/p>\n<p>&nbsp;<\/p>\n<p>En el plano productivo, <strong>habr\u00e1 un aporte para el sostenimiento econ\u00f3mico de Micro y Peque\u00f1as unidades productivas<\/strong>. Para ingresar, las empresas, monotributistas y monotributistas empleadores deben contar con hasta 80 trabajadores y\u00a0 pertenecer a los sectores m\u00e1s afectados por la pandemia: gimnasios; jardines maternales; transporte escolar; salones de fiesta y calesitas; restaurantes, bares y clubes nocturnos.<strong> Habr\u00e1 disponible, en total, $2 mil millones, se inform\u00f3.<\/strong><\/p>\n<p>&nbsp;<\/p>\n<p><img data-recalc-dims=\"1\" loading=\"lazy\" decoding=\"async\" class=\"alignnone size-full wp-image-22089\" src=\"https:\/\/i0.wp.com\/cdnoticias.com\/wp-content\/uploads\/2021\/05\/axel.jpg?resize=800%2C445&#038;ssl=1\" alt=\"\" width=\"800\" height=\"445\" srcset=\"https:\/\/i0.wp.com\/cdnoticias.com\/wp-content\/uploads\/2021\/05\/axel.jpg?w=800&amp;ssl=1 800w, https:\/\/i0.wp.com\/cdnoticias.com\/wp-content\/uploads\/2021\/05\/axel.jpg?resize=300%2C167&amp;ssl=1 300w, https:\/\/i0.wp.com\/cdnoticias.com\/wp-content\/uploads\/2021\/05\/axel.jpg?resize=768%2C427&amp;ssl=1 768w\" sizes=\"auto, (max-width: 800px) 100vw, 800px\" \/><\/p>\n<p>&nbsp;<\/p>\n<p>El gobierno adem\u00e1s inform\u00f3 que <strong>se ampliar\u00e1 el programa Preservar Trabajo para los rubros transporte; panader\u00edas y confiter\u00edas; muebler\u00edas; jugueter\u00edas; art\u00edculos de librer\u00eda; fabricaci\u00f3n y reparaci\u00f3n de maquinarias; edici\u00f3n e impresi\u00f3n; curtido y cueros<\/strong>. Para este programa Se elimina la incompatibilidad con el ATP para las actividades m\u00e1s afectadas, aunque sin embargo, ser\u00e1 incompatible con el REPRO II.<\/p>\n<p>&nbsp;<\/p>\n<p><a href=\"https:\/\/dib.com.ar\/2021\/05\/el-paquete-economico-de-kicillof-perdones-impositivos-y-aportes-a-pymes\/\" target=\"_blank\" rel=\"noopener\"><em>Con informaci\u00f3n de DIB<\/em><\/a><\/p>\n<p>&nbsp;<\/p>\n","protected":false},"excerpt":{"rendered":"<p>Lo hizo en la conferencia de prensa en la que detall\u00f3 que 126 municipios bonaerenses ser\u00e1n alcanzados por las nuevas<\/p>\n","protected":false},"author":3,"featured_media":22104,"comment_status":"closed","ping_status":"closed","sticky":false,"template":"","format":"standard","meta":{"_jetpack_memberships_contains_paid_content":false,"footnotes":""},"categories":[6,1],"tags":[],"class_list":["post-22103","post","type-post","status-publish","format-standard","has-post-thumbnail","hentry","category-nacionales","category-portada"],"jetpack_featured_media_url":"https:\/\/i0.wp.com\/cdnoticias.com\/wp-content\/uploads\/2021\/05\/Kici-bardeo-696x463.jpg?fit=696%2C463&ssl=1","jetpack_sharing_enabled":true,"_links":{"self":[{"href":"https:\/\/cdnoticias.com\/index.php\/wp-json\/wp\/v2\/posts\/22103","targetHints":{"allow":["GET"]}}],"collection":[{"href":"https:\/\/cdnoticias.com\/index.php\/wp-json\/wp\/v2\/posts"}],"about":[{"href":"https:\/\/cdnoticias.com\/index.php\/wp-json\/wp\/v2\/types\/post"}],"author":[{"embeddable":true,"href":"https:\/\/cdnoticias.com\/index.php\/wp-json\/wp\/v2\/users\/3"}],"replies":[{"embeddable":true,"href":"https:\/\/cdnoticias.com\/index.php\/wp-json\/wp\/v2\/comments?post=22103"}],"version-history":[{"count":0,"href":"https:\/\/cdnoticias.com\/index.php\/wp-json\/wp\/v2\/posts\/22103\/revisions"}],"wp:featuredmedia":[{"embeddable":true,"href":"https:\/\/cdnoticias.com\/index.php\/wp-json\/wp\/v2\/media\/22104"}],"wp:attachment":[{"href":"https:\/\/cdnoticias.com\/index.php\/wp-json\/wp\/v2\/media?parent=22103"}],"wp:term":[{"taxonomy":"category","embeddable":true,"href":"https:\/\/cdnoticias.com\/index.php\/wp-json\/wp\/v2\/categories?post=22103"},{"taxonomy":"post_tag","embeddable":true,"href":"https:\/\/cdnoticias.com\/index.php\/wp-json\/wp\/v2\/tags?post=22103"}],"curies":[{"name":"wp","href":"https:\/\/api.w.org\/{rel}","templated":true}]}}