{"id":22087,"date":"2021-05-21T17:04:04","date_gmt":"2021-05-21T20:04:04","guid":{"rendered":"http:\/\/www.centraldenoticias.com.ar\/?p=22087"},"modified":"2021-05-21T19:47:38","modified_gmt":"2021-05-21T22:47:38","slug":"provincia-confirmo-que-las-nuevas-restricciones-incluyen-a-olavarria","status":"publish","type":"post","link":"https:\/\/cdnoticias.com\/index.php\/2021\/05\/21\/provincia-confirmo-que-las-nuevas-restricciones-incluyen-a-olavarria\/","title":{"rendered":"Provincia confirm\u00f3 que las nuevas restricciones incluyen a Olavarr\u00eda"},"content":{"rendered":"<p>As\u00ed fue detallado en conferencia de prensa por el gobernador Axel Kicillof. Las medidas ingresar\u00e1n en vigencia este s\u00e1bado.<!--more--><\/p>\n<hr \/>\n<p><strong>\u201cAdaptar estas medidas a la realidad de Buenos Aires\u201d<\/strong>, expres\u00f3 el gobernador de la provincia de Buenos Aires, Axel Kicillof, en el inicio de la rueda de prensa que explic\u00f3 el alcance y aplicaci\u00f3n en el territorio bonaerense de las<a href=\"https:\/\/cdnoticias.com\/index.php\/2021\/05\/20\/nuevas-medidas-de-confinamiento-es-el-peor-momento-desde-que-inicio-la-pandemia\/\" target=\"_blank\" rel=\"noopener\"> medidas anunciadas en la noche del jueves por el presidente de la Naci\u00f3n, Alberto Fern\u00e1ndez.<\/a><\/p>\n<p>&nbsp;<\/p>\n<div class=\"jetpack-video-wrapper\"><iframe loading=\"lazy\" width=\"800\" height=\"600\" src=\"https:\/\/www.youtube.com\/embed\/QzHL6WeoEYw?feature=oembed\" frameborder=\"0\" allow=\"accelerometer; autoplay; clipboard-write; encrypted-media; gyroscope; picture-in-picture\" allowfullscreen><\/iframe><\/div>\n<p>&nbsp;<\/p>\n<p>En ese marco, acompa\u00f1\u00f3 los dichos del m\u00e1ximo mandatario en cuanto a que<strong> \u201cestamos en el peor momento de la pandemia\u201d<\/strong> y que \u201cla provincia de Buenos Aires respeta y cumple las leyes, y un Decreto de Necesidad y Urgencia tiene valor de ley\u201d, enfatiz\u00f3. <strong>\u201cVa ser cumplido a rajatabla\u201d<\/strong>, complet\u00f3.<\/p>\n<p>&nbsp;<\/p>\n<p>En cuanto a c\u00f3mo ser\u00e1 la aplicaci\u00f3n aclaro que el sistema de fases ser\u00e1<strong> \u201csuspendido pero puesto en equivalencia\u201d<\/strong> al mapa nacional. En ese sentido, a\u00f1adi\u00f3 que<strong> los distritos ubicados como de \u201cSituaci\u00f3n de Alarma\u00a0Epidemiol\u00f3gica y Sanitaria\u201d y de \u201cAlto Riesgo Epidemiol\u00f3gico y Sanitario\u201d ser\u00e1n equiparados a las fase 2 y 3 respectivamente, por lo que 126 municipios bonaerenses, entre ellos Olavarr\u00eda que est\u00e1\u00a0 en fase 3, ser\u00e1n alcanzados por las medidas<\/strong>.<\/p>\n<p>&nbsp;<\/p>\n<p><img data-recalc-dims=\"1\" loading=\"lazy\" decoding=\"async\" class=\"alignnone size-full wp-image-22089\" src=\"https:\/\/i0.wp.com\/cdnoticias.com\/wp-content\/uploads\/2021\/05\/axel.jpg?resize=800%2C445&#038;ssl=1\" alt=\"\" width=\"800\" height=\"445\" srcset=\"https:\/\/i0.wp.com\/cdnoticias.com\/wp-content\/uploads\/2021\/05\/axel.jpg?w=800&amp;ssl=1 800w, https:\/\/i0.wp.com\/cdnoticias.com\/wp-content\/uploads\/2021\/05\/axel.jpg?resize=300%2C167&amp;ssl=1 300w, https:\/\/i0.wp.com\/cdnoticias.com\/wp-content\/uploads\/2021\/05\/axel.jpg?resize=768%2C427&amp;ssl=1 768w\" sizes=\"auto, (max-width: 800px) 100vw, 800px\" \/><\/p>\n<p>&nbsp;<\/p>\n<p>Vale recordar que <strong>las medidas entrar\u00e1n en rigor en la hora 0 del s\u00e1bado y tendr\u00e1n vigencia hasta el domingo 30 de mayo inclusive<\/strong>. \u201cEs una decisi\u00f3n que dura 9 d\u00edas y solo involucra 3 d\u00edas h\u00e1biles\u201d, expres\u00f3 el presidente de la Naci\u00f3n en las \u00faltimas horas. <strong>Durante esos d\u00edas quedar\u00e1n suspendidas las actividades sociales, econ\u00f3micas, educativas, religiosas y<a href=\"http:\/\/centraldeportes.com.ar\/las-medidas-restrictivas-afectan-la-participacion-de-estudiantes-en-junin\/\" target=\"_blank\" rel=\"noopener\"> deportivas en forma presencial.<\/a><\/strong><\/p>\n<p>&nbsp;<\/p>\n<p>Estar\u00e1n habilitados los comercios esenciales, mientras que los comercios no esenciales solo con env\u00edo a domicilio y para llevar,<strong> s\u00f3lo se podr\u00e1 circular en las cercan\u00edas del domicilio, entre las 6 de la ma\u00f1ana y las 18, o por razones especialmente autorizadas.<\/strong><\/p>\n<p>&nbsp;<\/p>\n<p><img data-recalc-dims=\"1\" loading=\"lazy\" decoding=\"async\" class=\"alignnone size-large wp-image-22115\" src=\"https:\/\/i0.wp.com\/cdnoticias.com\/wp-content\/uploads\/2021\/05\/60a718e536dc4_1004x1348.jpg?resize=763%2C1024&#038;ssl=1\" alt=\"\" width=\"763\" height=\"1024\" srcset=\"https:\/\/i0.wp.com\/cdnoticias.com\/wp-content\/uploads\/2021\/05\/60a718e536dc4_1004x1348.jpg?resize=763%2C1024&amp;ssl=1 763w, https:\/\/i0.wp.com\/cdnoticias.com\/wp-content\/uploads\/2021\/05\/60a718e536dc4_1004x1348.jpg?resize=223%2C300&amp;ssl=1 223w, https:\/\/i0.wp.com\/cdnoticias.com\/wp-content\/uploads\/2021\/05\/60a718e536dc4_1004x1348.jpg?resize=768%2C1031&amp;ssl=1 768w, https:\/\/i0.wp.com\/cdnoticias.com\/wp-content\/uploads\/2021\/05\/60a718e536dc4_1004x1348.jpg?w=1004&amp;ssl=1 1004w\" sizes=\"auto, (max-width: 763px) 100vw, 763px\" \/><\/p>\n<p>&nbsp;<\/p>\n<p>Por \u00faltimo, <strong>restar\u00e1 conocer si desde el Ejecutivo municipal local se realiza alguna proclamaci\u00f3n al respecto<\/strong>.<\/p>\n<p>&nbsp;<\/p>\n<p><em><strong>Medidas adicionales para empresas y familias<\/strong><\/em><\/p>\n<p>&nbsp;<\/p>\n<p><strong>Empresas:<\/strong><\/p>\n<p>&nbsp;<\/p>\n<p>\u25cf Ampliaci\u00f3n del Programa de Recuperaci\u00f3n Productiva (REPRO) para atender a los sectores que se ver\u00e1n afectados por las medidas: comercio y otros. La inversi\u00f3n en este programa estar\u00e1 en torno a los $52.000 millones.<\/p>\n<p>\u25cf Incremento del monto del salario complementario para las y los trabajadores de los sectores cr\u00edticos y la salud, que pasa de $18.000 a $22.000. La inversi\u00f3n prevista es de $6.000 millones.<\/p>\n<p>\u25cf Incorporaci\u00f3n del sector gastron\u00f3mico al REPRO y reducci\u00f3n de las contribuciones patronales en los sectores cr\u00edticos, por $8.500 millones.<\/p>\n<p>&nbsp;<\/p>\n<p><strong>Familias:<\/strong><\/p>\n<p>&nbsp;<\/p>\n<p>\u25cf Desde este viernes hasta fin de mes se inyectar\u00e1n 18 mil millones de pesos en los bolsillos de las familias beneficiarias con la tarjeta Alimentar. Esto lo anunci\u00f3 el presidente el viernes 7 de mayo.<\/p>\n<p>\u25cf Ampliaci\u00f3n de la Tarjeta Alimentar que permitir\u00e1 fortalecer los ingresos de las familias con menores de hasta 14 a\u00f1os. La medida alcanza a casi 4 millones de ni\u00f1os, ni\u00f1as y adolescentes. La inversi\u00f3n mensual para financiar la Tarjeta Alimentar ser\u00e1 de $18.100 millones y se comienza a pagar el viernes 21 de mayo.<\/p>\n<p>\u25cf Ampliaci\u00f3n del Programa Progresar con becas para la terminaci\u00f3n de la primaria y la secundaria, la capacitaci\u00f3n profesional, el cursado de carreras universitarias y, tambi\u00e9n, para formar enfermeros y enfermeras. El objetivo del programa es llegar a 1 mill\u00f3n de j\u00f3venes en todo el pa\u00eds con becas mensuales de entre $3.600 y $9.600. Las becas se pagan durante todo el a\u00f1o (12 meses). La inversi\u00f3n durante este a\u00f1o supera los $28.000 millones.<\/p>\n<p>\u25cf Ampliaci\u00f3n de la AUH y asignaciones familiares. El objetivo es llegar a 700.000 y el estimado es de $29.000 millones.<\/p>\n<p>\u25cf Se transform\u00f3 el Programa Potenciar Trabajo para asociarlos con distintas actividades productivas de la econom\u00eda popular. Los 920.000 trabajadoras y trabajadores de este programa cobrar\u00e1n en mayo $12.204 y hacia fin de a\u00f1o $14.040. La inversi\u00f3n anual estimada para este programa es de $167.000 millones.<\/p>\n<p>&nbsp;<\/p>\n<p><strong>Sectores:<\/strong><\/p>\n<p>&nbsp;<\/p>\n<p>\u25cf Cultura y Turismo. Se han reforzado las partidas presupuestarias para asistir a estos sectores en m\u00e1s de $4.700 millones.<\/p>\n<p>\u25cfFortalecimiento del Sistema de Salud. Para la atenci\u00f3n de la segunda ola del COVID, se estima una inversi\u00f3n de $144.000 millones. Incluye la inversi\u00f3n en vacunas de $72.000 millones, el bono por 3 meses de $6.550 para 700.000 trabajadores y trabajadoras de la salud y $36.000 millones de reducci\u00f3n de contribuciones patronales y del impuesto a los cr\u00e9ditos y d\u00e9bitos bancarios para las empresas del sector, entre otras partidas. Con estas pol\u00edticas estamos llegando a casi 6 millones de ni\u00f1os, ni\u00f1as y j\u00f3venes: a trav\u00e9s de la Tarjeta Alimentar, la ampliaci\u00f3n de AUH y el Programa Progresar.<\/p>\n<p>La reducci\u00f3n del impuesto a las ganancias para las y los trabajadores del sistema privado registrado, har\u00e1 que cerca de 1.270.000 de trabajadores y jubilados dejen de pagar este impuesto con retroactividad a enero. La devoluci\u00f3n de los importes retenidos se har\u00e1 en 5 cuotas a partir del mes de julio. Esto equivale a un esfuerzo fiscal de m\u00e1s de $40.000 millones.<\/p>\n<p>El paquete de medidas que se han ido anunciando para morigerar el impacto de la segunda ola de COVID supone un gasto, por encima de lo establecido en el Presupuesto 2021, superior a los $480.000 millones (1.3% del PIB).<\/p>\n<p>Este incremento del gasto ser\u00e1 financiado a trav\u00e9s de los mayores ingresos explicado por el Aporte Extraordinario de las Grandes Fortunas y el aumento de la recaudaci\u00f3n.<\/p>\n","protected":false},"excerpt":{"rendered":"<p>As\u00ed fue detallado en conferencia de prensa por el gobernador Axel Kicillof. Las medidas ingresar\u00e1n en vigencia este s\u00e1bado.<\/p>\n","protected":false},"author":3,"featured_media":22088,"comment_status":"closed","ping_status":"closed","sticky":false,"template":"","format":"standard","meta":{"_jetpack_memberships_contains_paid_content":false,"footnotes":""},"categories":[16,1],"tags":[],"class_list":["post-22087","post","type-post","status-publish","format-standard","has-post-thumbnail","hentry","category-covid-19","category-portada"],"jetpack_featured_media_url":"https:\/\/i0.wp.com\/cdnoticias.com\/wp-content\/uploads\/2021\/05\/axel02.jpg?fit=800%2C445&ssl=1","jetpack_sharing_enabled":true,"_links":{"self":[{"href":"https:\/\/cdnoticias.com\/index.php\/wp-json\/wp\/v2\/posts\/22087","targetHints":{"allow":["GET"]}}],"collection":[{"href":"https:\/\/cdnoticias.com\/index.php\/wp-json\/wp\/v2\/posts"}],"about":[{"href":"https:\/\/cdnoticias.com\/index.php\/wp-json\/wp\/v2\/types\/post"}],"author":[{"embeddable":true,"href":"https:\/\/cdnoticias.com\/index.php\/wp-json\/wp\/v2\/users\/3"}],"replies":[{"embeddable":true,"href":"https:\/\/cdnoticias.com\/index.php\/wp-json\/wp\/v2\/comments?post=22087"}],"version-history":[{"count":0,"href":"https:\/\/cdnoticias.com\/index.php\/wp-json\/wp\/v2\/posts\/22087\/revisions"}],"wp:featuredmedia":[{"embeddable":true,"href":"https:\/\/cdnoticias.com\/index.php\/wp-json\/wp\/v2\/media\/22088"}],"wp:attachment":[{"href":"https:\/\/cdnoticias.com\/index.php\/wp-json\/wp\/v2\/media?parent=22087"}],"wp:term":[{"taxonomy":"category","embeddable":true,"href":"https:\/\/cdnoticias.com\/index.php\/wp-json\/wp\/v2\/categories?post=22087"},{"taxonomy":"post_tag","embeddable":true,"href":"https:\/\/cdnoticias.com\/index.php\/wp-json\/wp\/v2\/tags?post=22087"}],"curies":[{"name":"wp","href":"https:\/\/api.w.org\/{rel}","templated":true}]}}