{"id":22081,"date":"2021-05-21T16:29:23","date_gmt":"2021-05-21T19:29:23","guid":{"rendered":"http:\/\/www.centraldenoticias.com.ar\/?p=22081"},"modified":"2021-05-21T16:29:23","modified_gmt":"2021-05-21T19:29:23","slug":"profundo-pesar-en-el-ambito-policial-local-por-la-muerte-del-oficial-inspector-martin-lopez","status":"publish","type":"post","link":"https:\/\/cdnoticias.com\/index.php\/2021\/05\/21\/profundo-pesar-en-el-ambito-policial-local-por-la-muerte-del-oficial-inspector-martin-lopez\/","title":{"rendered":"\u201cProfundo pesar\u201d en el \u00e1mbito policial local por la muerte del oficial inspector Mart\u00edn L\u00f3pez"},"content":{"rendered":"<p>En las \u00faltimas horas se produjo la muerte de quien era el titular del destacamento de Espigas. Mensaje de p\u00e9same y acompa\u00f1amiento para familiares y amigos.<!--more--><\/p>\n<hr \/>\n<p>En la jornada de este viernes falleci\u00f3 el oficial inspector de polic\u00eda bonaerense Mart\u00edn L\u00f3pez, quien actualmente cumpl\u00eda tareas como titular del Destacamento Policial de Espigas, pero durante sus a\u00f1os de servicio tambi\u00e9n realiz\u00f3 diversas labores en otras seccionales del Partido.<\/p>\n<p>&nbsp;<\/p>\n<p>Desde la Estaci\u00f3n de Polic\u00eda Departamental Olavarr\u00eda se pronunciaron palabras de \u201cprofundo pesar\u201d ante la p\u00e9rdida, poniendo el acento no s\u00f3lo en su desempe\u00f1o profesional sino tambi\u00e9n en su calidez humana. A la par, tambi\u00e9n se enviaron palabras de p\u00e9same y acompa\u00f1amiento para familiares y amigos.<\/p>\n<p>&nbsp;<\/p>\n<p>Mart\u00edn Cruz L\u00f3pez\u00a0 falleci\u00f3 en La Plata a los 43 a\u00f1os y sus restos son velados este viernes desde las 15.45 hasta las 17.45 en la sala velatoria de Espa\u00f1a 2942, departamento D, y ser\u00e1n cremados en fecha a confirmar.<\/p>\n","protected":false},"excerpt":{"rendered":"<p>En las \u00faltimas horas se produjo la muerte de quien era el titular del destacamento de Espigas. Mensaje de p\u00e9same<\/p>\n","protected":false},"author":3,"featured_media":9847,"comment_status":"closed","ping_status":"closed","sticky":false,"template":"","format":"standard","meta":{"_jetpack_memberships_contains_paid_content":false,"footnotes":""},"categories":[5],"tags":[],"class_list":["post-22081","post","type-post","status-publish","format-standard","has-post-thumbnail","hentry","category-informacion-general"],"jetpack_featured_media_url":"https:\/\/i0.wp.com\/cdnoticias.com\/wp-content\/uploads\/2020\/12\/distrital.jpg?fit=973%2C565&ssl=1","jetpack_sharing_enabled":true,"_links":{"self":[{"href":"https:\/\/cdnoticias.com\/index.php\/wp-json\/wp\/v2\/posts\/22081","targetHints":{"allow":["GET"]}}],"collection":[{"href":"https:\/\/cdnoticias.com\/index.php\/wp-json\/wp\/v2\/posts"}],"about":[{"href":"https:\/\/cdnoticias.com\/index.php\/wp-json\/wp\/v2\/types\/post"}],"author":[{"embeddable":true,"href":"https:\/\/cdnoticias.com\/index.php\/wp-json\/wp\/v2\/users\/3"}],"replies":[{"embeddable":true,"href":"https:\/\/cdnoticias.com\/index.php\/wp-json\/wp\/v2\/comments?post=22081"}],"version-history":[{"count":0,"href":"https:\/\/cdnoticias.com\/index.php\/wp-json\/wp\/v2\/posts\/22081\/revisions"}],"wp:featuredmedia":[{"embeddable":true,"href":"https:\/\/cdnoticias.com\/index.php\/wp-json\/wp\/v2\/media\/9847"}],"wp:attachment":[{"href":"https:\/\/cdnoticias.com\/index.php\/wp-json\/wp\/v2\/media?parent=22081"}],"wp:term":[{"taxonomy":"category","embeddable":true,"href":"https:\/\/cdnoticias.com\/index.php\/wp-json\/wp\/v2\/categories?post=22081"},{"taxonomy":"post_tag","embeddable":true,"href":"https:\/\/cdnoticias.com\/index.php\/wp-json\/wp\/v2\/tags?post=22081"}],"curies":[{"name":"wp","href":"https:\/\/api.w.org\/{rel}","templated":true}]}}