{"id":22072,"date":"2021-05-21T15:59:28","date_gmt":"2021-05-21T18:59:28","guid":{"rendered":"http:\/\/www.centraldenoticias.com.ar\/?p=22072"},"modified":"2021-05-21T19:42:05","modified_gmt":"2021-05-21T22:42:05","slug":"ceso-el-alerta-amarillo-pero-permanece-el-pronostico-de-lluvias-y-vientos-fuertes","status":"publish","type":"post","link":"https:\/\/cdnoticias.com\/index.php\/2021\/05\/21\/ceso-el-alerta-amarillo-pero-permanece-el-pronostico-de-lluvias-y-vientos-fuertes\/","title":{"rendered":"Ces\u00f3 el \u201calerta amarillo\u201d pero permanece el pron\u00f3stico de lluvias y vientos fuertes"},"content":{"rendered":"<p>Al inicio de la tarde de este viernes el registro de lluvias es cercano a los 25 mm. Se estiman para las pr\u00f3ximas horas r\u00e1fagas cercanas a los 50 km\/h.<!--more--><\/p>\n<hr \/>\n<p>Mientras se aguarda por las definiciones a nivel provincial y local con respecto a qu\u00e9 actividades estar\u00e1n permitidas durante los pr\u00f3ximos d\u00edas, las novedades en materia clim\u00e1tica no parecen ser mucho m\u00e1s alentadoras. Si bien <strong>las \u00faltimas actualizaciones del Servicio Meteorol\u00f3gico Nacional no ubican a Olavarr\u00eda dentro del \u00e1rea de influencia de un \u201calerta amarillo\u201d por lluvias, la zona se ver\u00e1 azotada por precipitaciones y fuertes vientos durante las pr\u00f3ximas horas.<\/strong><\/p>\n<p>&nbsp;<\/p>\n<p><img data-recalc-dims=\"1\" loading=\"lazy\" decoding=\"async\" class=\"alignnone size-full wp-image-22073\" src=\"https:\/\/i0.wp.com\/cdnoticias.com\/wp-content\/uploads\/2021\/05\/pronos.jpg?resize=790%2C331&#038;ssl=1\" alt=\"\" width=\"790\" height=\"331\" srcset=\"https:\/\/i0.wp.com\/cdnoticias.com\/wp-content\/uploads\/2021\/05\/pronos.jpg?w=790&amp;ssl=1 790w, https:\/\/i0.wp.com\/cdnoticias.com\/wp-content\/uploads\/2021\/05\/pronos.jpg?resize=300%2C126&amp;ssl=1 300w, https:\/\/i0.wp.com\/cdnoticias.com\/wp-content\/uploads\/2021\/05\/pronos.jpg?resize=768%2C322&amp;ssl=1 768w\" sizes=\"auto, (max-width: 790px) 100vw, 790px\" \/><\/p>\n<p>&nbsp;<\/p>\n<p><strong>Desde la Estaci\u00f3n Meteorol\u00f3gica local se precis\u00f3 que a las 16 los valores de lluvia ya eran superiores a los 24 mm<\/strong>, cifras cercanas a lo previsto en la comunicaci\u00f3n de alerta emitida sobre el cierre de la jornada del jueves, en la que se anticip\u00f3 valores de precipitaci\u00f3n acumulados <strong>\u201cde entre 30 y 50 mm, pudiendo ser superados localmente\u201d.<\/strong><\/p>\n<p>&nbsp;<\/p>\n<p>Para lo que resta de este viernes se prev\u00e9 que contin\u00faen las lluvias, acompa\u00f1adas en un descenso de la temperatura que se ubicar\u00e1 en orden a los 12 grados durante el cierre de la jornada. <strong>\u201cEvit\u00e1 actividades al aire libre\u201d, \u201cno saques la basura, retir\u00e1 objetos que impidan que el agua escurra\u201d, \u201ccircular respetando normas de tr\u00e1nsito, luces encendidas\u201d y \u201crevisa el estado de desag\u00fces del techo, patios y bajadas de agua\u201d, fueron algunos de los consejos emitidos desde Defensa Civil local en el inicio de la jornada ante el pron\u00f3stico de abundantes precipitaciones.<\/strong><\/p>\n<p>&nbsp;<\/p>\n<p><iframe loading=\"lazy\" style=\"border: none; overflow: hidden;\" src=\"https:\/\/www.facebook.com\/plugins\/post.php?href=https%3A%2F%2Fwww.facebook.com%2Fpermalink.php%3Fstory_fbid%3D2905955323012434%26id%3D100007939845366&amp;show_text=true&amp;width=500\" width=\"500\" height=\"533\" frameborder=\"0\" scrolling=\"no\" allowfullscreen=\"allowfullscreen\"><\/iframe><\/p>\n<p>&nbsp;<\/p>\n<p><strong>Para el s\u00e1bado la atenci\u00f3n deber\u00e1 estar no solo en la continuidad de las lluvias, sino en los fuertes vientos que comenzar\u00edan a darse desde la ma\u00f1an<\/strong>a. Se prev\u00e9n r\u00e1fagas de hasta 50 kil\u00f3metros que se dar\u00edan inclusive durante la tarde e incrementarse para la noche, con valores cercanos a los 60 km\/h.<\/p>\n<p>&nbsp;<\/p>\n<p>En lo que al domingo refiere, la posibilidad de precipitaciones disminuye considerablemente y la presencia de fuertes vientos se dar\u00eda en el inicio de la jornada. <strong>La m\u00e1xima fue estimada en apenas 15 grados.<\/strong><\/p>\n","protected":false},"excerpt":{"rendered":"<p>Al inicio de la tarde de este viernes el registro de lluvias es cercano a los 25 mm. Se estiman<\/p>\n","protected":false},"author":3,"featured_media":22074,"comment_status":"closed","ping_status":"closed","sticky":false,"template":"","format":"standard","meta":{"_jetpack_memberships_contains_paid_content":false,"footnotes":""},"categories":[5],"tags":[],"class_list":["post-22072","post","type-post","status-publish","format-standard","has-post-thumbnail","hentry","category-informacion-general"],"jetpack_featured_media_url":"https:\/\/i0.wp.com\/cdnoticias.com\/wp-content\/uploads\/2021\/05\/portada-2.jpg?fit=800%2C445&ssl=1","jetpack_sharing_enabled":true,"_links":{"self":[{"href":"https:\/\/cdnoticias.com\/index.php\/wp-json\/wp\/v2\/posts\/22072","targetHints":{"allow":["GET"]}}],"collection":[{"href":"https:\/\/cdnoticias.com\/index.php\/wp-json\/wp\/v2\/posts"}],"about":[{"href":"https:\/\/cdnoticias.com\/index.php\/wp-json\/wp\/v2\/types\/post"}],"author":[{"embeddable":true,"href":"https:\/\/cdnoticias.com\/index.php\/wp-json\/wp\/v2\/users\/3"}],"replies":[{"embeddable":true,"href":"https:\/\/cdnoticias.com\/index.php\/wp-json\/wp\/v2\/comments?post=22072"}],"version-history":[{"count":0,"href":"https:\/\/cdnoticias.com\/index.php\/wp-json\/wp\/v2\/posts\/22072\/revisions"}],"wp:featuredmedia":[{"embeddable":true,"href":"https:\/\/cdnoticias.com\/index.php\/wp-json\/wp\/v2\/media\/22074"}],"wp:attachment":[{"href":"https:\/\/cdnoticias.com\/index.php\/wp-json\/wp\/v2\/media?parent=22072"}],"wp:term":[{"taxonomy":"category","embeddable":true,"href":"https:\/\/cdnoticias.com\/index.php\/wp-json\/wp\/v2\/categories?post=22072"},{"taxonomy":"post_tag","embeddable":true,"href":"https:\/\/cdnoticias.com\/index.php\/wp-json\/wp\/v2\/tags?post=22072"}],"curies":[{"name":"wp","href":"https:\/\/api.w.org\/{rel}","templated":true}]}}