{"id":22070,"date":"2021-05-21T15:32:07","date_gmt":"2021-05-21T18:32:07","guid":{"rendered":"http:\/\/www.centraldenoticias.com.ar\/?p=22070"},"modified":"2021-05-21T15:32:07","modified_gmt":"2021-05-21T18:32:07","slug":"con-la-fuerte-lluvia-vecinos-de-la-toma-del-barrio-lourdes-mostraron-su-dura-realidad","status":"publish","type":"post","link":"https:\/\/cdnoticias.com\/index.php\/2021\/05\/21\/con-la-fuerte-lluvia-vecinos-de-la-toma-del-barrio-lourdes-mostraron-su-dura-realidad\/","title":{"rendered":"Con la fuerte lluvia, vecinos de la toma del barrio Lourdes mostraron su dura realidad"},"content":{"rendered":"<p>Se\u00f1alaron que mientras se encuentran alertas ante un posible desalojo, la lluvia y el fr\u00edo los hace vivir los momentos m\u00e1s duros en el predio con epicentro en Grimaldi y Calle 11.\u00a0<!--more--><\/p>\n<hr \/>\n<p>La constante<strong> lluvia de este viernes mostr\u00f3 la cara m\u00e1s dura de la toma de terrenos del barrio Lourdes<\/strong>. <strong>Mucho barro, anegamientos y angustia que se suma a la incertidumbre por un posible desalojo<\/strong> fueron algunas de las variables que rodean a la treintena de vecinos que ocupan dicho lugar.<\/p>\n<p>&nbsp;<\/p>\n<p>En di\u00e1logo con Central de Noticias, Bel\u00e9n, una de las vecinas delegadas, se\u00f1al\u00f3 que<em> \u201cno nos llamaron m\u00e1s del Municipio, solo pasan por ac\u00e1 y no se bajan a relevar, a ver c\u00f3mo estamos, nada\u201d.<\/em><\/p>\n<p>&nbsp;<\/p>\n<p><img data-recalc-dims=\"1\" loading=\"lazy\" decoding=\"async\" class=\"alignnone size-large wp-image-22066\" src=\"https:\/\/i0.wp.com\/cdnoticias.com\/wp-content\/uploads\/2021\/05\/WhatsApp-Image-2021-05-21-at-12.50.11.jpeg?resize=800%2C541&#038;ssl=1\" alt=\"\" width=\"800\" height=\"541\" srcset=\"https:\/\/i0.wp.com\/cdnoticias.com\/wp-content\/uploads\/2021\/05\/WhatsApp-Image-2021-05-21-at-12.50.11.jpeg?resize=1024%2C692&amp;ssl=1 1024w, https:\/\/i0.wp.com\/cdnoticias.com\/wp-content\/uploads\/2021\/05\/WhatsApp-Image-2021-05-21-at-12.50.11.jpeg?resize=300%2C203&amp;ssl=1 300w, https:\/\/i0.wp.com\/cdnoticias.com\/wp-content\/uploads\/2021\/05\/WhatsApp-Image-2021-05-21-at-12.50.11.jpeg?resize=768%2C519&amp;ssl=1 768w, https:\/\/i0.wp.com\/cdnoticias.com\/wp-content\/uploads\/2021\/05\/WhatsApp-Image-2021-05-21-at-12.50.11.jpeg?w=1136&amp;ssl=1 1136w\" sizes=\"auto, (max-width: 800px) 100vw, 800px\" \/><\/p>\n<p>&nbsp;<\/p>\n<blockquote><p>Denunci\u00f3 que \u201csolamente bajaron luego de que los filmemos con los celulares\u201d.<\/p><\/blockquote>\n<p>&nbsp;<\/p>\n<p>Pidieron mostrar la dura realidad en la que viven con los terrenos llenos de agua, barro y sin respuestas: <em>\u201cllamaron a cuatro familias y somos 30, necesitamos que atiendan los reclamos o que nos dejen avanzar en la construcci\u00f3n porque as\u00ed no se puede vivir\u201d.<\/em><\/p>\n<p>&nbsp;<\/p>\n<p>Cabe se\u00f1alar que <strong>se mantiene la custodia policial a la espera de una decisi\u00f3n judicial que habilite un desalojo<\/strong>. Si bien se estimaba para este viernes, a\u00fan no se confirm\u00f3 ninguna medida.<strong> Los vecinos adelantaron que se ir\u00e1n pac\u00edficamente pero que \u201ciremos a otro lugar\u201d en reclamo de tierras para poder construir viviendas.<\/strong><\/p>\n<p>&nbsp;<\/p>\n<p><img data-recalc-dims=\"1\" loading=\"lazy\" decoding=\"async\" class=\"alignnone size-large wp-image-22064\" src=\"https:\/\/i0.wp.com\/cdnoticias.com\/wp-content\/uploads\/2021\/05\/WhatsApp-Image-2021-05-21-at-12.53.38.jpeg?resize=800%2C480&#038;ssl=1\" alt=\"\" width=\"800\" height=\"480\" srcset=\"https:\/\/i0.wp.com\/cdnoticias.com\/wp-content\/uploads\/2021\/05\/WhatsApp-Image-2021-05-21-at-12.53.38.jpeg?resize=1024%2C614&amp;ssl=1 1024w, https:\/\/i0.wp.com\/cdnoticias.com\/wp-content\/uploads\/2021\/05\/WhatsApp-Image-2021-05-21-at-12.53.38.jpeg?resize=300%2C180&amp;ssl=1 300w, https:\/\/i0.wp.com\/cdnoticias.com\/wp-content\/uploads\/2021\/05\/WhatsApp-Image-2021-05-21-at-12.53.38.jpeg?resize=768%2C461&amp;ssl=1 768w, https:\/\/i0.wp.com\/cdnoticias.com\/wp-content\/uploads\/2021\/05\/WhatsApp-Image-2021-05-21-at-12.53.38.jpeg?w=1280&amp;ssl=1 1280w\" sizes=\"auto, (max-width: 800px) 100vw, 800px\" \/><\/p>\n<p>&nbsp;<\/p>\n<p><em>\u201cNecesitamos respuestas, que los vecinos vean por lo que estamos peleando y c\u00f3mo lo estamos haciendo. Que nos releven y vean la organizaci\u00f3n que tenemos\u201d<\/em> cerraron los vecinos.<\/p>\n","protected":false},"excerpt":{"rendered":"<p>Se\u00f1alaron que mientras se encuentran alertas ante un posible desalojo, la lluvia y el fr\u00edo los hace vivir los momentos<\/p>\n","protected":false},"author":2,"featured_media":22065,"comment_status":"closed","ping_status":"closed","sticky":false,"template":"","format":"standard","meta":{"_jetpack_memberships_contains_paid_content":false,"footnotes":""},"categories":[5,1],"tags":[],"class_list":["post-22070","post","type-post","status-publish","format-standard","has-post-thumbnail","hentry","category-informacion-general","category-portada"],"jetpack_featured_media_url":"https:\/\/i0.wp.com\/cdnoticias.com\/wp-content\/uploads\/2021\/05\/WhatsApp-Image-2021-05-21-at-12.50.57.jpeg?fit=1280%2C768&ssl=1","jetpack_sharing_enabled":true,"_links":{"self":[{"href":"https:\/\/cdnoticias.com\/index.php\/wp-json\/wp\/v2\/posts\/22070","targetHints":{"allow":["GET"]}}],"collection":[{"href":"https:\/\/cdnoticias.com\/index.php\/wp-json\/wp\/v2\/posts"}],"about":[{"href":"https:\/\/cdnoticias.com\/index.php\/wp-json\/wp\/v2\/types\/post"}],"author":[{"embeddable":true,"href":"https:\/\/cdnoticias.com\/index.php\/wp-json\/wp\/v2\/users\/2"}],"replies":[{"embeddable":true,"href":"https:\/\/cdnoticias.com\/index.php\/wp-json\/wp\/v2\/comments?post=22070"}],"version-history":[{"count":0,"href":"https:\/\/cdnoticias.com\/index.php\/wp-json\/wp\/v2\/posts\/22070\/revisions"}],"wp:featuredmedia":[{"embeddable":true,"href":"https:\/\/cdnoticias.com\/index.php\/wp-json\/wp\/v2\/media\/22065"}],"wp:attachment":[{"href":"https:\/\/cdnoticias.com\/index.php\/wp-json\/wp\/v2\/media?parent=22070"}],"wp:term":[{"taxonomy":"category","embeddable":true,"href":"https:\/\/cdnoticias.com\/index.php\/wp-json\/wp\/v2\/categories?post=22070"},{"taxonomy":"post_tag","embeddable":true,"href":"https:\/\/cdnoticias.com\/index.php\/wp-json\/wp\/v2\/tags?post=22070"}],"curies":[{"name":"wp","href":"https:\/\/api.w.org\/{rel}","templated":true}]}}