{"id":22055,"date":"2021-05-21T13:05:08","date_gmt":"2021-05-21T16:05:08","guid":{"rendered":"http:\/\/www.centraldenoticias.com.ar\/?p=22055"},"modified":"2021-05-21T13:46:24","modified_gmt":"2021-05-21T16:46:24","slug":"caputo-y-la-posibilidad-de-que-olavarria-tenga-mas-restricciones-creo-que-si","status":"publish","type":"post","link":"https:\/\/cdnoticias.com\/index.php\/2021\/05\/21\/caputo-y-la-posibilidad-de-que-olavarria-tenga-mas-restricciones-creo-que-si\/","title":{"rendered":"Caputo y la posibilidad de que Olavarr\u00eda tenga m\u00e1s restricciones: \u201ccreo que s\u00ed\u201d"},"content":{"rendered":"<p>El secretario de Salud indic\u00f3 que si bien hay que esperar las determinaciones provinciales, el contexto de la regi\u00f3n y los internados por otras patolog\u00edas presumir\u00edan la inclusi\u00f3n de la ciudad en las decisiones del presidente Fern\u00e1ndez.\u00a0<!--more--><\/p>\n<hr \/>\n<p>A minutos del <a href=\"https:\/\/cdnoticias.com\/index.php\/2021\/05\/21\/nuevas-restricciones-esta-tarde-hablara-el-gobernador\/\" target=\"_blank\" rel=\"noopener\">anuncio del gobernador Kicillof en torno a la estrategia provincial tras adherir a los 9 d\u00edas de restricci\u00f3n dictaminados por el presidente Alberto Fern\u00e1ndez<\/a>, <strong>el secretario de Salud, Germ\u00e1n Caputo, estim\u00f3 que Olavarr\u00eda podr\u00eda quedar alcanzada por las medidas<\/strong> teniendo en cuenta el momento que atraviesa la ciudad.<\/p>\n<p>&nbsp;<\/p>\n<p>Admiti\u00f3, en di\u00e1logo con Radio Olavarr\u00eda, que <em>\u201chace unos d\u00edas venimos notando que van subiendo los casos y estamos atentos. Empezamos a notar m\u00e1s sintomatolog\u00eda, m\u00e1s consulta en la guardia y eso se traduce en m\u00e1s contagiados, m\u00e1s internados y m\u00e1s pacientes complicados\u201d.<\/em><\/p>\n<p>&nbsp;<\/p>\n<blockquote><p>Si bien el Hospital est\u00e1 m\u00e1s descomprimido, el doctor se manifest\u00f3 atento a la suba de contagios dado que es un \u201crelojito\u201d.<\/p><\/blockquote>\n<p>&nbsp;<\/p>\n<p>Con respecto a las restricciones<em>, \u201cuno siempre comenta lo mismo: cuando vengo al Hospital y dialogo con los m\u00e9dicos uno piensa que lo mejor es cerrar todo porque es lo mejor. Cuando voy para la Municipalidad en el camino pienso que no podemos cerrar el kiosquito, el hombre que est\u00e1 trabajando.<strong> Uno busca el equilibrio como para que no se vea desbordado el sistema de salud y la ciudad pueda funcionar como ciudad<\/strong>\u201d.<\/em><\/p>\n<p>&nbsp;<\/p>\n<p><strong>Aclar\u00f3, en tanto, el \u201cmapa\u201d en que mostraba a Olavarr\u00eda como zona de bajo riesgo<\/strong>: <em>\u201cEs diferente el tiempo en que se toman los datos. El de Naci\u00f3n es del 15 de mayo, y el de Provincia es m\u00e1s actual. Lo que miden es el \u00edndice de casos y la raz\u00f3n de casos. All\u00ed surge el alto, medio o bajo riesgo. <strong>En la semana del 15 estuvimos en bajo riesgo epidemiol\u00f3gico, por eso aparecemos verde<\/strong>\u201d.<\/em><\/p>\n<p>&nbsp;<\/p>\n<blockquote><p>De todas maneras, <em><strong>\u201cen Provincia los datos son de esta semana incluida, con un c\u00e1lculo que cambia d\u00eda a d\u00eda y creo que estamos en un intermedio\u201d.<\/strong><\/em><\/p><\/blockquote>\n<p>&nbsp;<\/p>\n<p>Ante la consulta del periodista Luis Occhi acerca de las nuevas restricciones y si Olavarr\u00eda quedar\u00eda alcanzada, Caputo manifest\u00f3 que <em>\u201c<strong>yo creo que s\u00ed, la ciudad tiene una estabilizaci\u00f3n, el Hospital est\u00e1 bien. Tenemos muy complicadas las ciudades de los alrededores<\/strong>, y lo que pas\u00f3 esta semana es que tuvimos muchos accidentados que ocupan una cama de Terapia Intensiva. Tuvimos accidentados, infartados, baleados. Algunos se pueden prevenir y otros no\u201d.<\/em><\/p>\n<p>&nbsp;<\/p>\n<p>Finalmente, indic\u00f3 que este tipo de medidas son<em> \u201cimpactos desde el punto de vista de salud que vienen bien\u201d <\/em>aunque<em> \u201cvivimos en una sociedad y hay mucha gente que necesita trabajar\u201d.<\/em><\/p>\n<p>&nbsp;<\/p>\n<p>Tras confirmar poco m\u00e1s de un centenar de hisopados en la Iglesia frente al Hospital (y en la previa al RTA que se realiz\u00f3 en el mismo lugar por la lluvia) <strong>destac\u00f3 que comenz\u00f3 a verse mayor sintomatolog\u00eda, principalmente<em> \u201cs\u00edndrome respiratorio alto\u201d.<\/em><\/strong><\/p>\n","protected":false},"excerpt":{"rendered":"<p>El secretario de Salud indic\u00f3 que si bien hay que esperar las determinaciones provinciales, el contexto de la regi\u00f3n y<\/p>\n","protected":false},"author":2,"featured_media":16982,"comment_status":"closed","ping_status":"closed","sticky":false,"template":"","format":"standard","meta":{"_jetpack_memberships_contains_paid_content":false,"footnotes":""},"categories":[16,1],"tags":[],"class_list":["post-22055","post","type-post","status-publish","format-standard","has-post-thumbnail","hentry","category-covid-19","category-portada"],"jetpack_featured_media_url":"https:\/\/i0.wp.com\/cdnoticias.com\/wp-content\/uploads\/2021\/03\/german-caputo-conferencia-covid1.jpg?fit=4608%2C3072&ssl=1","jetpack_sharing_enabled":true,"_links":{"self":[{"href":"https:\/\/cdnoticias.com\/index.php\/wp-json\/wp\/v2\/posts\/22055","targetHints":{"allow":["GET"]}}],"collection":[{"href":"https:\/\/cdnoticias.com\/index.php\/wp-json\/wp\/v2\/posts"}],"about":[{"href":"https:\/\/cdnoticias.com\/index.php\/wp-json\/wp\/v2\/types\/post"}],"author":[{"embeddable":true,"href":"https:\/\/cdnoticias.com\/index.php\/wp-json\/wp\/v2\/users\/2"}],"replies":[{"embeddable":true,"href":"https:\/\/cdnoticias.com\/index.php\/wp-json\/wp\/v2\/comments?post=22055"}],"version-history":[{"count":0,"href":"https:\/\/cdnoticias.com\/index.php\/wp-json\/wp\/v2\/posts\/22055\/revisions"}],"wp:featuredmedia":[{"embeddable":true,"href":"https:\/\/cdnoticias.com\/index.php\/wp-json\/wp\/v2\/media\/16982"}],"wp:attachment":[{"href":"https:\/\/cdnoticias.com\/index.php\/wp-json\/wp\/v2\/media?parent=22055"}],"wp:term":[{"taxonomy":"category","embeddable":true,"href":"https:\/\/cdnoticias.com\/index.php\/wp-json\/wp\/v2\/categories?post=22055"},{"taxonomy":"post_tag","embeddable":true,"href":"https:\/\/cdnoticias.com\/index.php\/wp-json\/wp\/v2\/tags?post=22055"}],"curies":[{"name":"wp","href":"https:\/\/api.w.org\/{rel}","templated":true}]}}