{"id":22053,"date":"2021-05-21T12:15:06","date_gmt":"2021-05-21T15:15:06","guid":{"rendered":"http:\/\/www.centraldenoticias.com.ar\/?p=22053"},"modified":"2021-05-21T12:15:06","modified_gmt":"2021-05-21T15:15:06","slug":"grupo-dorrego-hay-que-tomar-medidas-pero-las-pymes-y-comercios-no-aguantan-mas","status":"publish","type":"post","link":"https:\/\/cdnoticias.com\/index.php\/2021\/05\/21\/grupo-dorrego-hay-que-tomar-medidas-pero-las-pymes-y-comercios-no-aguantan-mas\/","title":{"rendered":"Grupo Dorrego: \u201chay que tomar medidas pero las pymes y comercios no aguantan m\u00e1s\u201d"},"content":{"rendered":"<p>El grupo de intendentes \u2013el cual forma parte Ezequiel Galli- se\u00f1al\u00f3 que avalan la toma de medidas pero que deber\u00e1n acompa\u00f1ar al sector comercial e industrial.\u00a0<!--more--><\/p>\n<hr \/>\n<p>Intendentes del<strong> Grupo Dorrego<\/strong> (encabezados por Jorge Macri y que integra Ezequiel Galli) <strong>manifestaron su acompa\u00f1amiento por las medidas dada<em> \u201cla compleja situaci\u00f3n sanitaria que vive nuestro pa\u00eds y en especial el conurbano bonaerense\u201d<\/em> por la pandemia.<\/strong><\/p>\n<p>&nbsp;<\/p>\n<p>Si bien dejaron en claro que <strong><em>\u201csabemos que hay que tomar medidas para controlar y bajar la circulaci\u00f3n&#8221;<\/em><\/strong>, plantearon que <strong><em>&#8220;las pymes y comercios no aguantan m\u00e1s cierres y restricciones sin ayudas&#8221;.<\/em><\/strong><\/p>\n<p>&nbsp;<\/p>\n<blockquote><p>&#8220;Los intendentes venimos acompa\u00f1ando a nuestros comerciantes con medidas de alivio fiscal a nivel local, pero reclamamos a la provincia la eximici\u00f3n de Ingresos Brutos y le pedimos al gobierno nacional la vuelta del ATP para garantizar los sueldos de los trabajadores\u201d.<\/p><\/blockquote>\n<p>&nbsp;<\/p>\n<p>Con una fuerte postura pol\u00edtica m\u00e1s all\u00e1 del acompa\u00f1amiento, se\u00f1alaron que el pedido es para<em> \u201ccuidar la salud y la econom\u00eda al mismo tiempo, no una u otra, esa falsa dicotom\u00eda ya la vivimos el a\u00f1o pasado, no cometamos el mismo error&#8221;.<\/em><\/p>\n","protected":false},"excerpt":{"rendered":"<p>El grupo de intendentes \u2013el cual forma parte Ezequiel Galli- se\u00f1al\u00f3 que avalan la toma de medidas pero que deber\u00e1n<\/p>\n","protected":false},"author":2,"featured_media":5802,"comment_status":"closed","ping_status":"closed","sticky":false,"template":"","format":"standard","meta":{"_jetpack_memberships_contains_paid_content":false,"footnotes":""},"categories":[16,1],"tags":[],"class_list":["post-22053","post","type-post","status-publish","format-standard","has-post-thumbnail","hentry","category-covid-19","category-portada"],"jetpack_featured_media_url":"https:\/\/i0.wp.com\/cdnoticias.com\/wp-content\/uploads\/2020\/11\/grupo-dorrego-galli.jpg?fit=1280%2C853&ssl=1","jetpack_sharing_enabled":true,"_links":{"self":[{"href":"https:\/\/cdnoticias.com\/index.php\/wp-json\/wp\/v2\/posts\/22053","targetHints":{"allow":["GET"]}}],"collection":[{"href":"https:\/\/cdnoticias.com\/index.php\/wp-json\/wp\/v2\/posts"}],"about":[{"href":"https:\/\/cdnoticias.com\/index.php\/wp-json\/wp\/v2\/types\/post"}],"author":[{"embeddable":true,"href":"https:\/\/cdnoticias.com\/index.php\/wp-json\/wp\/v2\/users\/2"}],"replies":[{"embeddable":true,"href":"https:\/\/cdnoticias.com\/index.php\/wp-json\/wp\/v2\/comments?post=22053"}],"version-history":[{"count":0,"href":"https:\/\/cdnoticias.com\/index.php\/wp-json\/wp\/v2\/posts\/22053\/revisions"}],"wp:featuredmedia":[{"embeddable":true,"href":"https:\/\/cdnoticias.com\/index.php\/wp-json\/wp\/v2\/media\/5802"}],"wp:attachment":[{"href":"https:\/\/cdnoticias.com\/index.php\/wp-json\/wp\/v2\/media?parent=22053"}],"wp:term":[{"taxonomy":"category","embeddable":true,"href":"https:\/\/cdnoticias.com\/index.php\/wp-json\/wp\/v2\/categories?post=22053"},{"taxonomy":"post_tag","embeddable":true,"href":"https:\/\/cdnoticias.com\/index.php\/wp-json\/wp\/v2\/tags?post=22053"}],"curies":[{"name":"wp","href":"https:\/\/api.w.org\/{rel}","templated":true}]}}