{"id":22043,"date":"2021-05-21T10:42:43","date_gmt":"2021-05-21T13:42:43","guid":{"rendered":"http:\/\/www.centraldenoticias.com.ar\/?p=22043"},"modified":"2021-05-21T10:42:43","modified_gmt":"2021-05-21T13:42:43","slug":"el-25-de-mayo-tendra-otra-velada-de-gala-virtual","status":"publish","type":"post","link":"https:\/\/cdnoticias.com\/index.php\/2021\/05\/21\/el-25-de-mayo-tendra-otra-velada-de-gala-virtual\/","title":{"rendered":"El 25 de Mayo tendr\u00e1 otra Velada de Gala virtual"},"content":{"rendered":"<p>Se har\u00e1 el martes desde las 20 horas. Se conmemorar\u00e1, adem\u00e1s de la fecha patria, el 28\u00b0 aniversario de la creaci\u00f3n del Ballet Folkl\u00f3rico Municipal de Olavarr\u00eda.<!--more--><\/p>\n<hr \/>\n<p>Como corresponde a cada fecha patria, <strong>este 25 de mayo a las 20 horas, se realizar\u00e1 la tradicional Velada de Gala. Nuevamente, el espect\u00e1culo se har\u00e1 en formato virtual<\/strong>.<\/p>\n<p>&nbsp;<\/p>\n<p>En esta oportunidad, se conmemorar\u00e1 el<strong> 211\u00b0 aniversario de la Revoluci\u00f3n de Mayo y el 28\u00b0 aniversario de la creaci\u00f3n del Ballet Folkl\u00f3rico Municipal de Olavarr\u00eda<\/strong>.<\/p>\n<p>&nbsp;<\/p>\n<p>La velada contar\u00e1 con la participaci\u00f3n del Ballet que interpretar\u00e1 una serie de <strong>danzas tradicionales y de estilizaci\u00f3n folkl\u00f3rica<\/strong> y el Himno Nacional Argentino, a cargo de los integrantes del <strong>Ensamble Protocolar de la Escuela Municipal de M\u00fasica \u201cHnos. Rossi\u201d<\/strong>, con los profesores Jos\u00e9 Carlos S\u00e1ez en piano y Daniel Germ\u00e1n Rodr\u00edguez en voz.<\/p>\n<p>&nbsp;<\/p>\n<p>Se record\u00f3 que <strong>el Ballet Folkl\u00f3rico Municipal fue creado como elenco en el a\u00f1o 1993<\/strong> a cargo de la profesora Sabina Disalvo, ex primera bailarina del Ballet Folkl\u00f3rico Nacional.<\/p>\n<p>&nbsp;<\/p>\n<p>Desde ese entonces, el elenco ha realizado innumerables presentaciones convirti\u00e9ndose en uno de los emblemas culturales de la ciudad y la regi\u00f3n.<\/p>\n<p>&nbsp;<\/p>\n<blockquote><p>El espect\u00e1culo se podr\u00e1 podr\u00e1 ver por las redes oficiales del Municipio de Olavarr\u00eda y la se\u00f1al de Canal Local.<\/p><\/blockquote>\n","protected":false},"excerpt":{"rendered":"<p>Se har\u00e1 el martes desde las 20 horas. Se conmemorar\u00e1, adem\u00e1s de la fecha patria, el 28\u00b0 aniversario de la<\/p>\n","protected":false},"author":4,"featured_media":22044,"comment_status":"closed","ping_status":"closed","sticky":false,"template":"","format":"standard","meta":{"_jetpack_memberships_contains_paid_content":false,"footnotes":""},"categories":[9,1],"tags":[],"class_list":["post-22043","post","type-post","status-publish","format-standard","has-post-thumbnail","hentry","category-cultura","category-portada"],"jetpack_featured_media_url":"https:\/\/i0.wp.com\/cdnoticias.com\/wp-content\/uploads\/2021\/05\/Velada-Gala-25-5-1024x682.jpeg?fit=1024%2C682&ssl=1","jetpack_sharing_enabled":true,"_links":{"self":[{"href":"https:\/\/cdnoticias.com\/index.php\/wp-json\/wp\/v2\/posts\/22043","targetHints":{"allow":["GET"]}}],"collection":[{"href":"https:\/\/cdnoticias.com\/index.php\/wp-json\/wp\/v2\/posts"}],"about":[{"href":"https:\/\/cdnoticias.com\/index.php\/wp-json\/wp\/v2\/types\/post"}],"author":[{"embeddable":true,"href":"https:\/\/cdnoticias.com\/index.php\/wp-json\/wp\/v2\/users\/4"}],"replies":[{"embeddable":true,"href":"https:\/\/cdnoticias.com\/index.php\/wp-json\/wp\/v2\/comments?post=22043"}],"version-history":[{"count":0,"href":"https:\/\/cdnoticias.com\/index.php\/wp-json\/wp\/v2\/posts\/22043\/revisions"}],"wp:featuredmedia":[{"embeddable":true,"href":"https:\/\/cdnoticias.com\/index.php\/wp-json\/wp\/v2\/media\/22044"}],"wp:attachment":[{"href":"https:\/\/cdnoticias.com\/index.php\/wp-json\/wp\/v2\/media?parent=22043"}],"wp:term":[{"taxonomy":"category","embeddable":true,"href":"https:\/\/cdnoticias.com\/index.php\/wp-json\/wp\/v2\/categories?post=22043"},{"taxonomy":"post_tag","embeddable":true,"href":"https:\/\/cdnoticias.com\/index.php\/wp-json\/wp\/v2\/tags?post=22043"}],"curies":[{"name":"wp","href":"https:\/\/api.w.org\/{rel}","templated":true}]}}