{"id":22027,"date":"2021-05-21T08:35:15","date_gmt":"2021-05-21T11:35:15","guid":{"rendered":"http:\/\/www.centraldenoticias.com.ar\/?p=22027"},"modified":"2021-05-21T09:52:06","modified_gmt":"2021-05-21T12:52:06","slug":"por-la-lluvia-el-rta-se-traslada-a-la-iglesia-de-avenida-sarmiento","status":"publish","type":"post","link":"https:\/\/cdnoticias.com\/index.php\/2021\/05\/21\/por-la-lluvia-el-rta-se-traslada-a-la-iglesia-de-avenida-sarmiento\/","title":{"rendered":"Por la lluvia, el RTA se traslada a la iglesia de avenida Sarmiento"},"content":{"rendered":"<p>La jornada de testeos que iba a concretarse este viernes en el Paseo de la Salud cambia de sede. Comenzar\u00e1 a las 10.<!--more--><\/p>\n<hr \/>\n<p><strong>La jornada de testeos del programa municipal RTA cambiar\u00e1 de sede debido a la lluvia<\/strong>.<\/p>\n<p>&nbsp;<\/p>\n<p>As\u00ed se inform\u00f3 en la ma\u00f1ana de este viernes desde la Municipalidad: <strong>desde las 10 los testeos se har\u00e1n en la Iglesia Jesucristo de los Santos de los \u00daltimos D\u00edas ubicada en Sarmiento y Alsina<\/strong>, frente al Hospital.<\/p>\n<p>&nbsp;<\/p>\n<p>En el mismo lugar se hacen diariamente los hisopados PCR desde las 7 y tambi\u00e9n los testeos pedi\u00e1tricos desde 9.30.<\/p>\n","protected":false},"excerpt":{"rendered":"<p>La jornada de testeos que iba a concretarse este viernes en el Paseo de la Salud cambia de sede. Comenzar\u00e1<\/p>\n","protected":false},"author":4,"featured_media":22028,"comment_status":"closed","ping_status":"closed","sticky":false,"template":"","format":"standard","meta":{"_jetpack_memberships_contains_paid_content":false,"footnotes":""},"categories":[16,1],"tags":[],"class_list":["post-22027","post","type-post","status-publish","format-standard","has-post-thumbnail","hentry","category-covid-19","category-portada"],"jetpack_featured_media_url":"https:\/\/i0.wp.com\/cdnoticias.com\/wp-content\/uploads\/2021\/05\/testeos-iglesia-RTA.jpg?fit=800%2C444&ssl=1","jetpack_sharing_enabled":true,"_links":{"self":[{"href":"https:\/\/cdnoticias.com\/index.php\/wp-json\/wp\/v2\/posts\/22027","targetHints":{"allow":["GET"]}}],"collection":[{"href":"https:\/\/cdnoticias.com\/index.php\/wp-json\/wp\/v2\/posts"}],"about":[{"href":"https:\/\/cdnoticias.com\/index.php\/wp-json\/wp\/v2\/types\/post"}],"author":[{"embeddable":true,"href":"https:\/\/cdnoticias.com\/index.php\/wp-json\/wp\/v2\/users\/4"}],"replies":[{"embeddable":true,"href":"https:\/\/cdnoticias.com\/index.php\/wp-json\/wp\/v2\/comments?post=22027"}],"version-history":[{"count":0,"href":"https:\/\/cdnoticias.com\/index.php\/wp-json\/wp\/v2\/posts\/22027\/revisions"}],"wp:featuredmedia":[{"embeddable":true,"href":"https:\/\/cdnoticias.com\/index.php\/wp-json\/wp\/v2\/media\/22028"}],"wp:attachment":[{"href":"https:\/\/cdnoticias.com\/index.php\/wp-json\/wp\/v2\/media?parent=22027"}],"wp:term":[{"taxonomy":"category","embeddable":true,"href":"https:\/\/cdnoticias.com\/index.php\/wp-json\/wp\/v2\/categories?post=22027"},{"taxonomy":"post_tag","embeddable":true,"href":"https:\/\/cdnoticias.com\/index.php\/wp-json\/wp\/v2\/tags?post=22027"}],"curies":[{"name":"wp","href":"https:\/\/api.w.org\/{rel}","templated":true}]}}