{"id":21998,"date":"2021-05-20T17:34:43","date_gmt":"2021-05-20T20:34:43","guid":{"rendered":"http:\/\/www.centraldenoticias.com.ar\/?p=21998"},"modified":"2021-05-20T17:34:43","modified_gmt":"2021-05-20T20:34:43","slug":"segunda-ola-bolivar-sumo-mas-de-100-casos-positivos-y-cinco-muertes","status":"publish","type":"post","link":"https:\/\/cdnoticias.com\/index.php\/2021\/05\/20\/segunda-ola-bolivar-sumo-mas-de-100-casos-positivos-y-cinco-muertes\/","title":{"rendered":"Segunda Ola: Bol\u00edvar sum\u00f3 m\u00e1s de 100 casos positivos y cinco muertes"},"content":{"rendered":"<p>El distrito vecino sigue atravesando el peor momento de la pandemia. Actualmente cuenta con m\u00e1s de 1100 casos activos.<!--more--><\/p>\n<hr \/>\n<p>Bol\u00edvar sigue atravesando los momentos m\u00e1s duros de toda la pandemia, con un abultado y sostenido aumento de casos, que lo ha ubicado en <strong>uno de los distritos con m\u00e1s casos activos de la regi\u00f3n. Tal es as\u00ed que multiplica los valores actuales de Olavarr\u00eda (455 seg\u00fan el informe de este jueves) y es superado en el centro bonaerense \u00fanicamente por Tandil, que posee una poblaci\u00f3n mucho m\u00e1s grande<\/strong>.<\/p>\n<p>&nbsp;<\/p>\n<p><img data-recalc-dims=\"1\" loading=\"lazy\" decoding=\"async\" class=\"alignnone size-full wp-image-21999\" src=\"https:\/\/i0.wp.com\/cdnoticias.com\/wp-content\/uploads\/2021\/05\/bolivar-2.jpg?resize=800%2C445&#038;ssl=1\" alt=\"\" width=\"800\" height=\"445\" srcset=\"https:\/\/i0.wp.com\/cdnoticias.com\/wp-content\/uploads\/2021\/05\/bolivar-2.jpg?w=800&amp;ssl=1 800w, https:\/\/i0.wp.com\/cdnoticias.com\/wp-content\/uploads\/2021\/05\/bolivar-2.jpg?resize=300%2C167&amp;ssl=1 300w, https:\/\/i0.wp.com\/cdnoticias.com\/wp-content\/uploads\/2021\/05\/bolivar-2.jpg?resize=768%2C427&amp;ssl=1 768w\" sizes=\"auto, (max-width: 800px) 100vw, 800px\" \/><\/p>\n<p>&nbsp;<\/p>\n<p>Seg\u00fan el parte oficial emitido en las \u00faltimas horas, <strong>tras el an\u00e1lisis de 253 muestras, 105 fueron positivas<\/strong>, lo cual no s\u00f3lo se traduce en la cifra m\u00e1s alta, sino tambi\u00e9n en un porcentaje de positividad sumamente alto. Los pacientes recuperados fueron 77, por lo que ascendi\u00f3 a <strong>1161 la cantidad de personas que actualmente tienen la enfermedad.<\/strong><\/p>\n<p>&nbsp;<\/p>\n<p><strong>A la par, en las \u00faltimas horas murieron 5 pacientes positivos de Covid19<\/strong>. Se trat\u00f3 de una mujer de 73 a\u00f1os y 4 hombres, de 67, 73, 84 y 79 a\u00f1os respectivamente. <strong>Bol\u00edvar registra ya 87 fallecimientos, gran parte de los cuales se dieron en las \u00faltimas semanas.<\/strong><\/p>\n<p>&nbsp;<\/p>\n<p><img data-recalc-dims=\"1\" loading=\"lazy\" decoding=\"async\" class=\"alignnone size-full wp-image-22000\" src=\"https:\/\/i0.wp.com\/cdnoticias.com\/wp-content\/uploads\/2021\/05\/tandil.jpg?resize=800%2C445&#038;ssl=1\" alt=\"\" width=\"800\" height=\"445\" srcset=\"https:\/\/i0.wp.com\/cdnoticias.com\/wp-content\/uploads\/2021\/05\/tandil.jpg?w=800&amp;ssl=1 800w, https:\/\/i0.wp.com\/cdnoticias.com\/wp-content\/uploads\/2021\/05\/tandil.jpg?resize=300%2C167&amp;ssl=1 300w, https:\/\/i0.wp.com\/cdnoticias.com\/wp-content\/uploads\/2021\/05\/tandil.jpg?resize=768%2C427&amp;ssl=1 768w\" sizes=\"auto, (max-width: 800px) 100vw, 800px\" \/><\/p>\n<p>&nbsp;<\/p>\n<p>A partir de la menci\u00f3n vale referir tambi\u00e9n qu\u00e9 es lo que sucede en <strong>Tandil<\/strong>, que al igual que Bol\u00edvar se encuentra en fase 2. El distrito serrano sum\u00f3 en las \u00faltimas horas<strong> 150 casos tras la realizaci\u00f3n de alrededor de 300 testeos, lo que elev\u00f3 1218 la cifra de casos activos.<\/strong><\/p>\n<p>&nbsp;<\/p>\n<p><strong>A la par, en las \u00faltimas 24 horas murieron 4 pacientes<\/strong>. Se trat\u00f3 de 3 mujeres, de 49, 91 y 92 a\u00f1os respectivamente, y un hombre de 94 a\u00f1os. Desde el inicio de la pandemia han sufrido <strong>292 fallecimientos, siendo en ese apartado tambi\u00e9n el m\u00e1s alto del centro bonaerense.<\/strong><\/p>\n","protected":false},"excerpt":{"rendered":"<p>El distrito vecino sigue atravesando el peor momento de la pandemia. Actualmente cuenta con m\u00e1s de 1100 casos activos.<\/p>\n","protected":false},"author":2,"featured_media":3945,"comment_status":"closed","ping_status":"closed","sticky":false,"template":"","format":"standard","meta":{"_jetpack_memberships_contains_paid_content":false,"footnotes":""},"categories":[6,1],"tags":[],"class_list":["post-21998","post","type-post","status-publish","format-standard","has-post-thumbnail","hentry","category-nacionales","category-portada"],"jetpack_featured_media_url":"https:\/\/i0.wp.com\/cdnoticias.com\/wp-content\/uploads\/2020\/10\/20200413101554-fortalecimiento-social-y-prodiaba-atend.jpg?fit=1200%2C799&ssl=1","jetpack_sharing_enabled":true,"_links":{"self":[{"href":"https:\/\/cdnoticias.com\/index.php\/wp-json\/wp\/v2\/posts\/21998","targetHints":{"allow":["GET"]}}],"collection":[{"href":"https:\/\/cdnoticias.com\/index.php\/wp-json\/wp\/v2\/posts"}],"about":[{"href":"https:\/\/cdnoticias.com\/index.php\/wp-json\/wp\/v2\/types\/post"}],"author":[{"embeddable":true,"href":"https:\/\/cdnoticias.com\/index.php\/wp-json\/wp\/v2\/users\/2"}],"replies":[{"embeddable":true,"href":"https:\/\/cdnoticias.com\/index.php\/wp-json\/wp\/v2\/comments?post=21998"}],"version-history":[{"count":0,"href":"https:\/\/cdnoticias.com\/index.php\/wp-json\/wp\/v2\/posts\/21998\/revisions"}],"wp:featuredmedia":[{"embeddable":true,"href":"https:\/\/cdnoticias.com\/index.php\/wp-json\/wp\/v2\/media\/3945"}],"wp:attachment":[{"href":"https:\/\/cdnoticias.com\/index.php\/wp-json\/wp\/v2\/media?parent=21998"}],"wp:term":[{"taxonomy":"category","embeddable":true,"href":"https:\/\/cdnoticias.com\/index.php\/wp-json\/wp\/v2\/categories?post=21998"},{"taxonomy":"post_tag","embeddable":true,"href":"https:\/\/cdnoticias.com\/index.php\/wp-json\/wp\/v2\/tags?post=21998"}],"curies":[{"name":"wp","href":"https:\/\/api.w.org\/{rel}","templated":true}]}}