{"id":21996,"date":"2021-05-20T18:15:35","date_gmt":"2021-05-20T21:15:35","guid":{"rendered":"http:\/\/www.centraldenoticias.com.ar\/?p=21996"},"modified":"2021-05-20T18:15:58","modified_gmt":"2021-05-20T21:15:58","slug":"quedaron-detenidos-los-dos-acusados-por-el-violento-asalto-en-pueblo-nuevo","status":"publish","type":"post","link":"https:\/\/cdnoticias.com\/index.php\/2021\/05\/20\/quedaron-detenidos-los-dos-acusados-por-el-violento-asalto-en-pueblo-nuevo\/","title":{"rendered":"Quedaron detenidos los dos acusados por el violento asalto en Pueblo Nuevo"},"content":{"rendered":"<p>As\u00ed lo resolvi\u00f3 en las \u00faltimas horas la jueza Fabiana San Rom\u00e1n, ante el planteo de la fiscal Mar\u00eda Paula Serrano.<!--more--><\/p>\n<hr \/>\n<p>Los dos acusados por el <a href=\"https:\/\/cdnoticias.com\/index.php\/2021\/05\/16\/se-conocieron-mas-detalles-del-violento-intento-de-asalto-en-el-barrio-pueblo-nuevo\/\" target=\"_blank\" rel=\"noopener\">violento asalto que el pasado fin de semana se registr\u00f3 en el barrio Pueblo Nuevo<\/a> ya se encuentran en calidad de detenidos, seg\u00fan fue resuelto en las \u00faltimas horas por <strong>la jueza de Garant\u00edas Fabiana San Rom\u00e1n, quien acompa\u00f1\u00f3 el planteo que d\u00edas atr\u00e1s hab\u00eda sido elevado por la fiscal de la causa, Mar\u00eda Paula Serrano<\/strong>.<\/p>\n<p>&nbsp;<\/p>\n<p><img data-recalc-dims=\"1\" loading=\"lazy\" decoding=\"async\" class=\"alignnone size-full wp-image-21673\" src=\"https:\/\/i0.wp.com\/cdnoticias.com\/wp-content\/uploads\/2021\/05\/asalto05.jpg?resize=800%2C469&#038;ssl=1\" alt=\"\" width=\"800\" height=\"469\" srcset=\"https:\/\/i0.wp.com\/cdnoticias.com\/wp-content\/uploads\/2021\/05\/asalto05.jpg?w=913&amp;ssl=1 913w, https:\/\/i0.wp.com\/cdnoticias.com\/wp-content\/uploads\/2021\/05\/asalto05.jpg?resize=300%2C176&amp;ssl=1 300w, https:\/\/i0.wp.com\/cdnoticias.com\/wp-content\/uploads\/2021\/05\/asalto05.jpg?resize=768%2C450&amp;ssl=1 768w\" sizes=\"auto, (max-width: 800px) 100vw, 800px\" \/><\/p>\n<p>&nbsp;<\/p>\n<p>Se trata de Diego Ibarra y Pablo D\u00edaz, ambos imputados por el delito de <strong>\u201crobo doblemente agravado, por su comisi\u00f3n con arma de fuego y escalamiento\u201d<\/strong>. Sin embargo, el primero de los mencionados es quien afronta una situaci\u00f3n procesal mucho m\u00e1s compleja, ya que tambi\u00e9n afronta cargos por los delitos de<strong> \u201cportaci\u00f3n ilegal de arma\u201d y \u201ccoacci\u00f3n agravada\u201d.<\/strong><\/p>\n<p>&nbsp;<\/p>\n<p>Estas dos \u00faltimas figuras se desprenden de hallazgo del arma que habr\u00eda intentado esconder entre unas plantas, sobre el acceso a un complejo de departamentos, a pocas cuadras del lugar de los hechos. <strong>Las pericias sobre la misma arrojaron que era apta para el disparo.<\/strong><\/p>\n<p>&nbsp;<\/p>\n<p><img data-recalc-dims=\"1\" loading=\"lazy\" decoding=\"async\" class=\"alignnone size-full wp-image-21676\" src=\"https:\/\/i0.wp.com\/cdnoticias.com\/wp-content\/uploads\/2021\/05\/asalto03.jpg?resize=800%2C469&#038;ssl=1\" alt=\"\" width=\"800\" height=\"469\" srcset=\"https:\/\/i0.wp.com\/cdnoticias.com\/wp-content\/uploads\/2021\/05\/asalto03.jpg?w=913&amp;ssl=1 913w, https:\/\/i0.wp.com\/cdnoticias.com\/wp-content\/uploads\/2021\/05\/asalto03.jpg?resize=300%2C176&amp;ssl=1 300w, https:\/\/i0.wp.com\/cdnoticias.com\/wp-content\/uploads\/2021\/05\/asalto03.jpg?resize=768%2C450&amp;ssl=1 768w\" sizes=\"auto, (max-width: 800px) 100vw, 800px\" \/><\/p>\n<p>&nbsp;<\/p>\n<p>Momentos m\u00e1s tarde, cuando fue imputado y notificado de las actuaciones en su contra, <a href=\"https:\/\/cdnoticias.com\/index.php\/2021\/05\/18\/se-nego-a-declarar-uno-de-los-acusados-por-el-violento-asalto-en-pueblo-nuevo\/\" target=\"_blank\" rel=\"noopener\">Ibarra se neg\u00f3 a declarar<\/a> y actualmente<strong> permanece alojado en una seccional policial local, pero a partir de esta resoluci\u00f3n podr\u00eda ser trasladado a otros calabozos.<\/strong><\/p>\n<p>&nbsp;<\/p>\n<p>El otro acusado, Pablo D\u00edaz, permanece internado en el Hospital Municipal tras haber recibido un disparo en el rostro por parte de una de las v\u00edctimas. <strong>Desde la fiscal\u00eda se aguarda por la evoluci\u00f3n en su condici\u00f3n m\u00e9dica para poder indagarlo.<\/strong><\/p>\n","protected":false},"excerpt":{"rendered":"<p>As\u00ed lo resolvi\u00f3 en las \u00faltimas horas la jueza Fabiana San Rom\u00e1n, ante el planteo de la fiscal Mar\u00eda Paula<\/p>\n","protected":false},"author":2,"featured_media":21689,"comment_status":"closed","ping_status":"closed","sticky":false,"template":"","format":"standard","meta":{"_jetpack_memberships_contains_paid_content":false,"footnotes":""},"categories":[14,1],"tags":[],"class_list":["post-21996","post","type-post","status-publish","format-standard","has-post-thumbnail","hentry","category-policiales","category-portada"],"jetpack_featured_media_url":"https:\/\/i0.wp.com\/cdnoticias.com\/wp-content\/uploads\/2021\/05\/asalto07.jpg?fit=913%2C535&ssl=1","jetpack_sharing_enabled":true,"_links":{"self":[{"href":"https:\/\/cdnoticias.com\/index.php\/wp-json\/wp\/v2\/posts\/21996","targetHints":{"allow":["GET"]}}],"collection":[{"href":"https:\/\/cdnoticias.com\/index.php\/wp-json\/wp\/v2\/posts"}],"about":[{"href":"https:\/\/cdnoticias.com\/index.php\/wp-json\/wp\/v2\/types\/post"}],"author":[{"embeddable":true,"href":"https:\/\/cdnoticias.com\/index.php\/wp-json\/wp\/v2\/users\/2"}],"replies":[{"embeddable":true,"href":"https:\/\/cdnoticias.com\/index.php\/wp-json\/wp\/v2\/comments?post=21996"}],"version-history":[{"count":0,"href":"https:\/\/cdnoticias.com\/index.php\/wp-json\/wp\/v2\/posts\/21996\/revisions"}],"wp:featuredmedia":[{"embeddable":true,"href":"https:\/\/cdnoticias.com\/index.php\/wp-json\/wp\/v2\/media\/21689"}],"wp:attachment":[{"href":"https:\/\/cdnoticias.com\/index.php\/wp-json\/wp\/v2\/media?parent=21996"}],"wp:term":[{"taxonomy":"category","embeddable":true,"href":"https:\/\/cdnoticias.com\/index.php\/wp-json\/wp\/v2\/categories?post=21996"},{"taxonomy":"post_tag","embeddable":true,"href":"https:\/\/cdnoticias.com\/index.php\/wp-json\/wp\/v2\/tags?post=21996"}],"curies":[{"name":"wp","href":"https:\/\/api.w.org\/{rel}","templated":true}]}}