{"id":21984,"date":"2021-05-20T16:14:46","date_gmt":"2021-05-20T19:14:46","guid":{"rendered":"http:\/\/www.centraldenoticias.com.ar\/?p=21984"},"modified":"2021-05-20T16:14:46","modified_gmt":"2021-05-20T19:14:46","slug":"tres-arroyos-debio-ampliar-su-cementerio-por-la-suba-de-muertes-por-la-pandemia","status":"publish","type":"post","link":"https:\/\/cdnoticias.com\/index.php\/2021\/05\/20\/tres-arroyos-debio-ampliar-su-cementerio-por-la-suba-de-muertes-por-la-pandemia\/","title":{"rendered":"Tres Arroyos debi\u00f3 ampliar su cementerio por la suba de muertes por la pandemia"},"content":{"rendered":"<p>Lo anunci\u00f3 el jefe comunal del distrito bonaerense que recientemente debi\u00f3 bajar a fase por el reducrecimiento de los casos.<!--more--><\/p>\n<hr \/>\n<p>La municipalidad de Tres Arroyos inform\u00f3 este jueves que<strong> trabaja en la ampliaci\u00f3n del cementerio local ante \u201clas crudas estad\u00edsticas que arroja la pandemia\u201d<\/strong> y el crecimiento en el n\u00famero de fallecidos por coronavirus que se registra en el distrito.<\/p>\n<p>&nbsp;<\/p>\n<p>Tres Arroyos transita un momento cr\u00edtico en el marco de la pandemia de coronavirus: el<strong> pasado 12 de mayo debi\u00f3 bajar a fase 2 con su sistema de salud al l\u00edmite y actualmente tiene 405 casos activos<\/strong>, diez de los cuales est\u00e1n internados en terapia intensiva. Adem\u00e1s, desde el inicio de la pandemia registra 139 muertes.<\/p>\n<p>&nbsp;<\/p>\n<p>En este contexto, <strong>en las \u00faltimas horas el intendente Carlos S\u00e1nchez recorri\u00f3 un terreno hacia donde se dispondr\u00e1 la ampliaci\u00f3n del Cementerio Municipal<\/strong>. El Gobierno local inform\u00f3 la actividad en un comunicado en el que advirti\u00f3 que \u201clas crudas estad\u00edsticas que arroja la pandemia hace que las autoridades municipales deban tomar diferentes medidas\u201d.<\/p>\n<p>&nbsp;<\/p>\n<p>Y agreg\u00f3: \u201cEl ejemplo m\u00e1s concreto son las obras de ampliaci\u00f3n del Cementerio Municipal\u201d. Seg\u00fan el Municipio, la necr\u00f3polis local<strong> \u201crecibi\u00f3 en lo que va de este mes de mayo el doble de fallecidos que igual mes del a\u00f1o pasado\u201d<\/strong>.<\/p>\n<p>&nbsp;<\/p>\n<p><em>Fuente DIB<\/em><\/p>\n<p>&nbsp;<\/p>\n","protected":false},"excerpt":{"rendered":"<p>Lo anunci\u00f3 el jefe comunal del distrito bonaerense que recientemente debi\u00f3 bajar a fase por el reducrecimiento de los casos.<\/p>\n","protected":false},"author":2,"featured_media":21985,"comment_status":"closed","ping_status":"closed","sticky":false,"template":"","format":"standard","meta":{"_jetpack_memberships_contains_paid_content":false,"footnotes":""},"categories":[6,1],"tags":[],"class_list":["post-21984","post","type-post","status-publish","format-standard","has-post-thumbnail","hentry","category-nacionales","category-portada"],"jetpack_featured_media_url":"https:\/\/i0.wp.com\/cdnoticias.com\/wp-content\/uploads\/2021\/05\/10308-696x409.jpg?fit=696%2C409&ssl=1","jetpack_sharing_enabled":true,"_links":{"self":[{"href":"https:\/\/cdnoticias.com\/index.php\/wp-json\/wp\/v2\/posts\/21984","targetHints":{"allow":["GET"]}}],"collection":[{"href":"https:\/\/cdnoticias.com\/index.php\/wp-json\/wp\/v2\/posts"}],"about":[{"href":"https:\/\/cdnoticias.com\/index.php\/wp-json\/wp\/v2\/types\/post"}],"author":[{"embeddable":true,"href":"https:\/\/cdnoticias.com\/index.php\/wp-json\/wp\/v2\/users\/2"}],"replies":[{"embeddable":true,"href":"https:\/\/cdnoticias.com\/index.php\/wp-json\/wp\/v2\/comments?post=21984"}],"version-history":[{"count":0,"href":"https:\/\/cdnoticias.com\/index.php\/wp-json\/wp\/v2\/posts\/21984\/revisions"}],"wp:featuredmedia":[{"embeddable":true,"href":"https:\/\/cdnoticias.com\/index.php\/wp-json\/wp\/v2\/media\/21985"}],"wp:attachment":[{"href":"https:\/\/cdnoticias.com\/index.php\/wp-json\/wp\/v2\/media?parent=21984"}],"wp:term":[{"taxonomy":"category","embeddable":true,"href":"https:\/\/cdnoticias.com\/index.php\/wp-json\/wp\/v2\/categories?post=21984"},{"taxonomy":"post_tag","embeddable":true,"href":"https:\/\/cdnoticias.com\/index.php\/wp-json\/wp\/v2\/tags?post=21984"}],"curies":[{"name":"wp","href":"https:\/\/api.w.org\/{rel}","templated":true}]}}