{"id":21977,"date":"2021-05-20T14:56:43","date_gmt":"2021-05-20T17:56:43","guid":{"rendered":"http:\/\/www.centraldenoticias.com.ar\/?p=21977"},"modified":"2021-05-20T14:56:43","modified_gmt":"2021-05-20T17:56:43","slug":"destacadas-especialistas-debatieron-acerca-de-las-politicas-publicas-de-cuidado","status":"publish","type":"post","link":"https:\/\/cdnoticias.com\/index.php\/2021\/05\/20\/destacadas-especialistas-debatieron-acerca-de-las-politicas-publicas-de-cuidado\/","title":{"rendered":"Destacadas especialistas debatieron acerca de las pol\u00edticas p\u00fablicas de cuidado"},"content":{"rendered":"<p>El Conversatorio \u201cAportes para pensar las pol\u00edticas p\u00fablicas de cuidado. G\u00e9nero, derechos y territorio\u201d cont\u00f3 con la participaci\u00f3n de Patricia Cossani Padilla, Luc\u00eda Cirmi y Luc\u00eda Martelotte. Fue organizado por la Facultad de Ciencias Sociales y la REM-FEM.\u00a0<!--more--><\/p>\n<hr \/>\n<p><strong>Las pol\u00edticas p\u00fablicas sobre cuidado fueron debatidas en un conversatorio virtual que se desarroll\u00f3 a trav\u00e9s del canal de YouTube de la Facultad de Ciencias Sociales<\/strong>, en el que se compartieron experiencias de implementaci\u00f3n de pol\u00edticas p\u00fablicas en Uruguay y Argentina, as\u00ed como tambi\u00e9n se analizaron los aportes y la mirada de las organizaciones de la sociedad civil que abordan la tem\u00e1tica.<\/p>\n<p>&nbsp;<\/p>\n<p>El Conversatorio<em><strong> \u201cAportes para pensar las pol\u00edticas p\u00fablicas de cuidado. G\u00e9nero, derechos y territorio\u201d<\/strong><\/em> fue organizado en conjunto por la Facultad de Ciencias Sociales y la REM-FEM (Red de Mujeres Feministas especialistas en Territorio, Ciudad, Comunidad). Las expositoras fueron la Lic. Patricia Cossani Padilla, la Mag. Luc\u00eda Cirmi y la Mag. Luc\u00eda Martelotte.<\/p>\n<p>&nbsp;<\/p>\n<p>En la apertura del Conversatorio participaron la Decana de la Facultad de Ciencias Sociales de Olavarr\u00eda, Lic. Gabriela Gamberini; la Dra. Constanza Caffarelli, docente investigadora de la FACSO y miembro de la REM-FEM; y la Mag. Eleonora Spinelli, integrante de la Red de Mujeres Feministas. L<strong>a moderaci\u00f3n estuvo a cargo de la Lic. Celeste Alvarez, de REM-FEM Argentina.<\/strong><\/p>\n<p>&nbsp;<\/p>\n<p>En la presentaci\u00f3n la Dra. Caffarelli refiri\u00f3 que en REM-FEM <em>\u201ctrabajamos desde distintas disciplinas, nos interesa la acci\u00f3n pol\u00edtica, la acci\u00f3n p\u00fablica, la acci\u00f3n estrat\u00e9gica, queremos transformar. Entendemos que este es un compromiso en el que tenemos que involucrarnos, queremos fortalecer y vincularnos con otras mujeres de Latinoam\u00e9rica para reflexionar y poder transformar desde esta comuni\u00f3n\u201d.<\/em><\/p>\n<p>&nbsp;<\/p>\n<p>Por su parte, la Mag. Spinelli expuso que <strong><em>\u201choy hablar de cuidados es central, porque implica meterse en el mundo de las desigualdades de g\u00e9nero. Nos parece que es un tema necesario y urgente para desnaturalizar los roles, repensar la tarea de cuidados desde una mirada de la corresponsabilidad social y de la perspectiva de g\u00e9nero\u201d.<\/em> <\/strong><em>\u201cPara nosotras el cuidado es un derecho sobre el cual deber\u00edamos tener la posibilidad de elegir c\u00f3mo y en qu\u00e9 momento queremos cuidar. Para eso el rol del Estado y de todas las organizaciones del territorio es clave para revisar desigualdades, para profundizar los debates y para hacer a\u00fan mas visible el tema en agenda. Pero tambi\u00e9n nos convoca como Red a pensar en alternativas m\u00e1s justas para avanzar en un mundo mucho m\u00e1s justo\u201d<\/em>, agreg\u00f3.<\/p>\n<p>&nbsp;<\/p>\n<p><span style=\"text-decoration: underline;\"><strong>Las expositoras<\/strong><\/span><\/p>\n<p>&nbsp;<\/p>\n<p>Las expositoras fueron<strong> Patricia Cossani Padilla<\/strong>, Licenciada en Ciencia Pol\u00edtica, especialista en pol\u00edticas p\u00fablicas de g\u00e9nero, cuidados y protecci\u00f3n social. Desde 2007 y hasta 2015 se desempe\u00f1\u00f3 en la asistencia directa a cargos de la Direcci\u00f3n Nacional en el Ministerio de Desarrollo Social (Uruguay), fue Secretaria Nacional Adjunta del Sistema Nacional Integrado de Cuidados del Uruguay entre 2015 y 2020 y actualmente es consultora internacional.<\/p>\n<p>&nbsp;<\/p>\n<p><strong>Luc\u00eda Cirmi<\/strong>, Economista magna cum laude de la Universidad de Buenos Aires y magister en estudios del desarrollo del International Institute of Social Studies (Holanda). Actualmente es Directora Nacional de Pol\u00edticas de Cuidado del Ministerio de las Mujeres, G\u00e9neros y Diversidad (Argentina). Coordina la Mesa interministerial de Pol\u00edticas de Cuidado.<\/p>\n<p>&nbsp;<\/p>\n<p><strong>Luc\u00eda Martelotte<\/strong>, Licenciada en Sociolog\u00eda y en Ciencia Pol\u00edtica por la Universidad de Salamanca y Mag\u00edster en Democracia y Buen Gobierno por la misma Universidad. Se desempe\u00f1\u00f3 como Directora Ejecutiva Adjunta de ELA -Equipo Latinoamericano de Justicia y G\u00e9nero- entre 2016 y 2019. Fue Coordinadora de Programas para ONU Mujeres Argentina (2019-2020).<\/p>\n","protected":false},"excerpt":{"rendered":"<p>El Conversatorio \u201cAportes para pensar las pol\u00edticas p\u00fablicas de cuidado. G\u00e9nero, derechos y territorio\u201d cont\u00f3 con la participaci\u00f3n de Patricia<\/p>\n","protected":false},"author":2,"featured_media":21978,"comment_status":"closed","ping_status":"closed","sticky":false,"template":"","format":"standard","meta":{"_jetpack_memberships_contains_paid_content":false,"footnotes":""},"categories":[5],"tags":[],"class_list":["post-21977","post","type-post","status-publish","format-standard","has-post-thumbnail","hentry","category-informacion-general"],"jetpack_featured_media_url":"https:\/\/i0.wp.com\/cdnoticias.com\/wp-content\/uploads\/2021\/05\/REM-FEM.jpg?fit=800%2C450&ssl=1","jetpack_sharing_enabled":true,"_links":{"self":[{"href":"https:\/\/cdnoticias.com\/index.php\/wp-json\/wp\/v2\/posts\/21977","targetHints":{"allow":["GET"]}}],"collection":[{"href":"https:\/\/cdnoticias.com\/index.php\/wp-json\/wp\/v2\/posts"}],"about":[{"href":"https:\/\/cdnoticias.com\/index.php\/wp-json\/wp\/v2\/types\/post"}],"author":[{"embeddable":true,"href":"https:\/\/cdnoticias.com\/index.php\/wp-json\/wp\/v2\/users\/2"}],"replies":[{"embeddable":true,"href":"https:\/\/cdnoticias.com\/index.php\/wp-json\/wp\/v2\/comments?post=21977"}],"version-history":[{"count":0,"href":"https:\/\/cdnoticias.com\/index.php\/wp-json\/wp\/v2\/posts\/21977\/revisions"}],"wp:featuredmedia":[{"embeddable":true,"href":"https:\/\/cdnoticias.com\/index.php\/wp-json\/wp\/v2\/media\/21978"}],"wp:attachment":[{"href":"https:\/\/cdnoticias.com\/index.php\/wp-json\/wp\/v2\/media?parent=21977"}],"wp:term":[{"taxonomy":"category","embeddable":true,"href":"https:\/\/cdnoticias.com\/index.php\/wp-json\/wp\/v2\/categories?post=21977"},{"taxonomy":"post_tag","embeddable":true,"href":"https:\/\/cdnoticias.com\/index.php\/wp-json\/wp\/v2\/tags?post=21977"}],"curies":[{"name":"wp","href":"https:\/\/api.w.org\/{rel}","templated":true}]}}