{"id":21914,"date":"2021-05-19T15:40:53","date_gmt":"2021-05-19T18:40:53","guid":{"rendered":"http:\/\/www.centraldenoticias.com.ar\/?p=21914"},"modified":"2021-05-19T15:42:05","modified_gmt":"2021-05-19T18:42:05","slug":"valicenti-pidio-que-no-puedan-ser-proveedoras-del-estado-bonaerense-quienes-no-paguen-con-el-aporte-solidario","status":"publish","type":"post","link":"https:\/\/cdnoticias.com\/index.php\/2021\/05\/19\/valicenti-pidio-que-no-puedan-ser-proveedoras-del-estado-bonaerense-quienes-no-paguen-con-el-aporte-solidario\/","title":{"rendered":"Valicenti pidi\u00f3 que no puedan ser proveedoras del Estado Bonaerense quienes no paguen el aporte solidario"},"content":{"rendered":"<p>Se trata de un proyecto de Ley que fue presentado en la C\u00e1mara de Diputados de la Provincia.<!--more--><\/p>\n<hr \/>\n<p><strong>\u201cEs una medida ejemplificadora para priorizar a los empresarios que cumplieron con el aporte solidario\u201d<\/strong>, remarc\u00f3 el diputado provincial C\u00e9sar Valicenti y autor del proyecto que <strong>busca que las personas alcanzadas por la Ley Nacional 27.605 y sean proveedores del Estado Provincial cumplan con el pago del Aporte Solidario.\u00a0\u00a0<\/strong><\/p>\n<p>&nbsp;<\/p>\n<p>El diputado provincial del \u201cFrente de Todos\u201d, C\u00e9sar Valicenti, present\u00f3 un<strong> proyecto de ley para excluir del registro de proveedores del Estado provincial a las personas f\u00edsicas y las empresas que tengan como titulares a personas que no cumplieron con el pago del impuesto extraordinario a las grandes fortunas<\/strong> sancionado por el Congreso de la Naci\u00f3n y reglamentado desde el 1 de febrero de este a\u00f1o.<\/p>\n<p>&nbsp;<\/p>\n<p>La iniciativa busca promover que las personas alcanzadas por la Ley Nacional 27.605 y sean proveedores del Estado Provincial cumplan con el pago del\u00a0 Aporte Solidario. A trav\u00e9s de este proyecto, se plantea limitar la contrataci\u00f3n por parte de la Provincia de Buenos Aires con las empresas proveedoras actuales y futuras, cuyos <strong>titulares, socios, accionistas, gerentes, miembros del directorio y representantes no hayan registrado el pago del impuesto a las grandes fortunas.<\/strong><\/p>\n<p>&nbsp;<\/p>\n<p><img data-recalc-dims=\"1\" loading=\"lazy\" decoding=\"async\" class=\"alignnone size-large wp-image-21916\" src=\"https:\/\/i0.wp.com\/cdnoticias.com\/wp-content\/uploads\/2021\/05\/WhatsApp-Image-2021-05-19-at-13.57.18.jpeg?resize=800%2C800&#038;ssl=1\" alt=\"\" width=\"800\" height=\"800\" srcset=\"https:\/\/i0.wp.com\/cdnoticias.com\/wp-content\/uploads\/2021\/05\/WhatsApp-Image-2021-05-19-at-13.57.18.jpeg?resize=1024%2C1024&amp;ssl=1 1024w, https:\/\/i0.wp.com\/cdnoticias.com\/wp-content\/uploads\/2021\/05\/WhatsApp-Image-2021-05-19-at-13.57.18.jpeg?resize=150%2C150&amp;ssl=1 150w, https:\/\/i0.wp.com\/cdnoticias.com\/wp-content\/uploads\/2021\/05\/WhatsApp-Image-2021-05-19-at-13.57.18.jpeg?resize=300%2C300&amp;ssl=1 300w, https:\/\/i0.wp.com\/cdnoticias.com\/wp-content\/uploads\/2021\/05\/WhatsApp-Image-2021-05-19-at-13.57.18.jpeg?resize=768%2C769&amp;ssl=1 768w, https:\/\/i0.wp.com\/cdnoticias.com\/wp-content\/uploads\/2021\/05\/WhatsApp-Image-2021-05-19-at-13.57.18.jpeg?w=1279&amp;ssl=1 1279w\" sizes=\"auto, (max-width: 800px) 100vw, 800px\" \/><\/p>\n<p>&nbsp;<\/p>\n<p>En ese sentido, el diputado provincial C\u00e9sar Valicenti, remarc\u00f3 qu<strong>e \u201cesta iniciativa es una medida ejemplificadora que busca priorizar a los empresarios que cumplieron con el aporte solidario y que frente a la situaci\u00f3n de emergencia producto de la pandemia COVID-19 decidieron colaborar para morigerar los efectos de la crisis sanitaria que vivimos los argentinos y argentinas\u201d.<\/strong><\/p>\n<p>&nbsp;<\/p>\n<p><strong>\u201cEs imprescindible contar con mecanismos y herramientas que concienticen sobre el pago del Aporte Solidario y Extraordinario a quienes obtienen su rentabilidad como producto de una relaci\u00f3n comercial con la Provincia y que ante esa relaci\u00f3n no se puede omitir la responsabilidad social en el pago de este aporte\u201d<\/strong>, consider\u00f3 el legislador provincial.<\/p>\n<p>&nbsp;<\/p>\n<p>Cabe remarcar que <strong>el proyecto de ley plantea que la falta de acreditaci\u00f3n del pago del Aporte Extraordinario tendr\u00e1 como consecuencia la finalizaci\u00f3n del contrato sin posibilidad de pr\u00f3rroga o renovaci\u00f3n para las empresas que sean proveedoras del estado provincial, como as\u00ed tambi\u00e9n limitar\u00e1 la inscripci\u00f3n a futuros proveedores<\/strong>. Adem\u00e1s, se invita a los Municipios a adherir a la iniciativa para reproducir el proyecto de ley en los distritos de la Provincia de Buenos Aires.<\/p>\n","protected":false},"excerpt":{"rendered":"<p>Se trata de un proyecto de Ley que fue presentado en la C\u00e1mara de Diputados de la Provincia.<\/p>\n","protected":false},"author":3,"featured_media":21915,"comment_status":"closed","ping_status":"closed","sticky":false,"template":"","format":"standard","meta":{"_jetpack_memberships_contains_paid_content":false,"footnotes":""},"categories":[4,1],"tags":[],"class_list":["post-21914","post","type-post","status-publish","format-standard","has-post-thumbnail","hentry","category-politica","category-portada"],"jetpack_featured_media_url":"https:\/\/i0.wp.com\/cdnoticias.com\/wp-content\/uploads\/2021\/05\/WhatsApp-Image-2021-05-19-at-13.57.17.jpeg?fit=960%2C639&ssl=1","jetpack_sharing_enabled":true,"_links":{"self":[{"href":"https:\/\/cdnoticias.com\/index.php\/wp-json\/wp\/v2\/posts\/21914","targetHints":{"allow":["GET"]}}],"collection":[{"href":"https:\/\/cdnoticias.com\/index.php\/wp-json\/wp\/v2\/posts"}],"about":[{"href":"https:\/\/cdnoticias.com\/index.php\/wp-json\/wp\/v2\/types\/post"}],"author":[{"embeddable":true,"href":"https:\/\/cdnoticias.com\/index.php\/wp-json\/wp\/v2\/users\/3"}],"replies":[{"embeddable":true,"href":"https:\/\/cdnoticias.com\/index.php\/wp-json\/wp\/v2\/comments?post=21914"}],"version-history":[{"count":0,"href":"https:\/\/cdnoticias.com\/index.php\/wp-json\/wp\/v2\/posts\/21914\/revisions"}],"wp:featuredmedia":[{"embeddable":true,"href":"https:\/\/cdnoticias.com\/index.php\/wp-json\/wp\/v2\/media\/21915"}],"wp:attachment":[{"href":"https:\/\/cdnoticias.com\/index.php\/wp-json\/wp\/v2\/media?parent=21914"}],"wp:term":[{"taxonomy":"category","embeddable":true,"href":"https:\/\/cdnoticias.com\/index.php\/wp-json\/wp\/v2\/categories?post=21914"},{"taxonomy":"post_tag","embeddable":true,"href":"https:\/\/cdnoticias.com\/index.php\/wp-json\/wp\/v2\/tags?post=21914"}],"curies":[{"name":"wp","href":"https:\/\/api.w.org\/{rel}","templated":true}]}}