{"id":21901,"date":"2021-05-19T14:42:43","date_gmt":"2021-05-19T17:42:43","guid":{"rendered":"http:\/\/www.centraldenoticias.com.ar\/?p=21901"},"modified":"2021-05-19T14:42:43","modified_gmt":"2021-05-19T17:42:43","slug":"kicillof-se-reunio-con-el-comite-de-expertos-de-la-provincia","status":"publish","type":"post","link":"https:\/\/cdnoticias.com\/index.php\/2021\/05\/19\/kicillof-se-reunio-con-el-comite-de-expertos-de-la-provincia\/","title":{"rendered":"Kicillof se reuni\u00f3 con el Comit\u00e9 de Expertos de la Provincia"},"content":{"rendered":"<p>De forma virtual, abordaron los datos de las \u00faltimas semanas respecto a los contagios y la campa\u00f1a de vacunaci\u00f3n contra el Covid-19. Foco en el riesgo de trabajadores de la salud y embarazadas. Habr\u00e1 anuncios esta semana.<!--more--><\/p>\n<hr \/>\n<p><strong>El gobernador de la provincia de Buenos Aires, Axel Kicillof, se reuni\u00f3 en la ma\u00f1ana de mi\u00e9rcoles por videoconferencia con integrantes del Comit\u00e9 de Expertos<\/strong> para abordar la situaci\u00f3n epidemiol\u00f3gica y evaluar los pasos a seguir en el marco de la segunda ola de contagios de Covid-19.<\/p>\n<p>&nbsp;<\/p>\n<p>Estuvieron presentes el <strong>jefe de Gabinete, Carlos Bianco; el ministro de Salud, Daniel Gollan, y el viceministro del \u00e1rea, Nicol\u00e1s Kreplak<\/strong>; en tanto que de forma virtual participaron la <strong>directora general de Cultura y Educaci\u00f3n, Agustina Vila; la ministra de Gobierno, Teresa Garc\u00eda; y el ministro de Seguridad, Sergio Berni<\/strong>.<\/p>\n<p>&nbsp;<\/p>\n<p>Kicillof dio cuenta de las <strong>reuniones mantenidas con autoridades del Gobierno Nacional y de la Ciudad de Buenos Aires<\/strong> el martes. Destac\u00f3 que <em>\u201ccon las \u00faltimas medidas que se adoptaron, se observ\u00f3 durante las primeras semanas una disminuci\u00f3n en los indicadores de circulaci\u00f3n y de utilizaci\u00f3n del transporte\u201d<\/em>.<\/p>\n<p><img data-recalc-dims=\"1\" loading=\"lazy\" decoding=\"async\" class=\"size-full wp-image-21909 aligncenter\" src=\"https:\/\/i0.wp.com\/cdnoticias.com\/wp-content\/uploads\/2021\/05\/situacion-epidemiologica-provincia00.jpg?resize=800%2C445&#038;ssl=1\" alt=\"\" width=\"800\" height=\"445\" srcset=\"https:\/\/i0.wp.com\/cdnoticias.com\/wp-content\/uploads\/2021\/05\/situacion-epidemiologica-provincia00.jpg?w=800&amp;ssl=1 800w, https:\/\/i0.wp.com\/cdnoticias.com\/wp-content\/uploads\/2021\/05\/situacion-epidemiologica-provincia00.jpg?resize=300%2C167&amp;ssl=1 300w, https:\/\/i0.wp.com\/cdnoticias.com\/wp-content\/uploads\/2021\/05\/situacion-epidemiologica-provincia00.jpg?resize=768%2C427&amp;ssl=1 768w\" sizes=\"auto, (max-width: 800px) 100vw, 800px\" \/><\/p>\n<p>&nbsp;<\/p>\n<p>\u201cDesde un principio hemos sostenido que las medidas deben ser adoptadas en conjunto y acompa\u00f1adas por los instrumentos jur\u00eddicos y de asistencia econ\u00f3mica necesarios\u201d, sostuvo el Gobernador, al tiempo que subray\u00f3 que \u201ca partir del crecimiento de los casos de los \u00faltimos d\u00edas, <strong>debemos seguir trabajando en pol\u00edticas que permitan disminuir los contagios<\/strong>\u201d.<\/p>\n<p>&nbsp;<\/p>\n<p>Por su parte, el ministro Gollan expuso un informe detallado sobre la situaci\u00f3n epidemiol\u00f3gica en las \u00faltimas semanas y se\u00f1al\u00f3 que el <strong>avance del programa Buenos Aires Vacunate<\/strong> \u201cprofundiza la tendencia que muestra, en comparaci\u00f3n con el a\u00f1o anterior, una<strong> disminuci\u00f3n importante de la mortalidad entre los sectores que ya fueron inoculados<\/strong>\u201d.<\/p>\n<p>&nbsp;<\/p>\n<blockquote><p>En ese sentido, Kreplak manifest\u00f3 que \u201cel 95% de las personas que ingresan a terapia intensiva se han contagiado sin haber recibido ninguna dosis de las vacunas\u201d. \u201cEl esfuerzo hoy vale la pena m\u00e1s que nunca, ya que con el avance de la campa\u00f1a de vacunaci\u00f3n podremos aliviar la tensi\u00f3n sobre el sistema sanitario\u201d, a\u00f1adi\u00f3.<\/p><\/blockquote>\n<p>&nbsp;<\/p>\n<p>\u201cToda la sociedad debe tomar conciencia de que<strong> estamos transitando uno de los momentos m\u00e1s complejos de la pandemia en la Argentina<\/strong>\u201d, dijo el <strong>investigador del Conicet Rodrigo Quiroga<\/strong>, quien resalt\u00f3 que \u201cel esfuerzo debe hacerse sabiendo que tenemos un horizonte positivo con el desarrollo del Plan de Vacunaci\u00f3n\u201d.<\/p>\n<p><img data-recalc-dims=\"1\" loading=\"lazy\" decoding=\"async\" class=\"size-full wp-image-21908 aligncenter\" src=\"https:\/\/i0.wp.com\/cdnoticias.com\/wp-content\/uploads\/2021\/05\/situacion-epidemiologica-provincia02.jpg?resize=800%2C445&#038;ssl=1\" alt=\"\" width=\"800\" height=\"445\" srcset=\"https:\/\/i0.wp.com\/cdnoticias.com\/wp-content\/uploads\/2021\/05\/situacion-epidemiologica-provincia02.jpg?w=800&amp;ssl=1 800w, https:\/\/i0.wp.com\/cdnoticias.com\/wp-content\/uploads\/2021\/05\/situacion-epidemiologica-provincia02.jpg?resize=300%2C167&amp;ssl=1 300w, https:\/\/i0.wp.com\/cdnoticias.com\/wp-content\/uploads\/2021\/05\/situacion-epidemiologica-provincia02.jpg?resize=768%2C427&amp;ssl=1 768w\" sizes=\"auto, (max-width: 800px) 100vw, 800px\" \/><\/p>\n<p>&nbsp;<\/p>\n<p>El <strong>vir\u00f3logo e investigador del Conicet V\u00edctor Romanowsk<\/strong>i expres\u00f3 que \u201cla principal preocupaci\u00f3n es por los trabajadores y las trabajadoras que deben viajar en transporte p\u00fablico\u201d. En esa l\u00ednea, el <strong>infect\u00f3logo Tom\u00e1s Orduna<\/strong> destac\u00f3 \u201cla importancia de la fiscalizaci\u00f3n para el cumplimiento de las medidas\u201d. \u201cLa sociedad debe saber los alcances de esta segunda ola de coronavirus donde la enfermedad tiene otras caracter\u00edsticas, est\u00e1n falleciendo personas j\u00f3venes y tambi\u00e9n las embarazadas presentan mayor riesgo\u201d, afirm\u00f3 el <strong>m\u00e9dico sanitarista Mario Rovere<\/strong>.<\/p>\n<p>&nbsp;<\/p>\n<p>En ese sentido, especialistas coincidieron en la importancia de<strong> acelerar el proceso de vacunaci\u00f3n en mujeres embarazadas<\/strong>. La <strong>m\u00e9dica intensivista Elisa Estenssoro<\/strong> asegur\u00f3 que \u201ca diferencia de la primera ola de Covid-19, hoy el embarazo se ha convertido en un factor importante\u201d. En la misma l\u00ednea, la <strong>epidemi\u00f3loga Rosa Bologna<\/strong> resalt\u00f3 la decisi\u00f3n de priorizar la inmunizaci\u00f3n de este grupo con factores de riesgo.<\/p>\n<p>&nbsp;<\/p>\n<p>Por \u00faltimo, Kicillof enfatiz\u00f3 que <strong>\u201cla campa\u00f1a de vacunaci\u00f3n ya ha cumplido el primer hito y en los pr\u00f3ximos d\u00edas seguir\u00e1 alcanzando a los principales grupos de riesgo\u201d<\/strong>. \u201cLas vacunas est\u00e1n demostrando ser muy efectivas a la hora de disminuir la tasa de mortalidad de las y los bonaerenses que ya han sido inmunizados\u201d, concluy\u00f3.<\/p>\n<p>&nbsp;<\/p>\n<p>Por parte del Comit\u00e9 de Expertos estuvieron presentes Elisa Estenssoro, Ezequiel Alvarez, Juan Manuel Carballeda, Jorge Aliaga, Rodrigo Quiroga, Ana Huergo, Daniel Feierstein, Rosa Bologna, Sebasti\u00e1n Uchitel, V\u00edctor Romanowski, Tom\u00e1s Orduna, Franco M\u00e1rsico, Susana Ortale, Clarisa Testa, Soledad Gonzalez, Leonel Tesler, Mario Rovere, Marita Conti y Guillermo Dur\u00e1n.<\/p>\n<p>&nbsp;<\/p>\n<p>Participaron tambi\u00e9n de la videoconferencia la directora de Epidemiolog\u00eda, Teresa Varela; las subsecretar\u00edas de Salud Mental, Julieta Calmels; y de Gesti\u00f3n de la Informaci\u00f3n, Educaci\u00f3n Permanente y Fiscalizaci\u00f3n, Leticia Ceriani; el presidente de IOMA, Homero Giles; y el asesor de la Subsecretar\u00eda de Ciencia y Tecnolog\u00eda, Mat\u00edas Frydman.<\/p>\n","protected":false},"excerpt":{"rendered":"<p>De forma virtual, abordaron los datos de las \u00faltimas semanas respecto a los contagios y la campa\u00f1a de vacunaci\u00f3n contra<\/p>\n","protected":false},"author":4,"featured_media":21907,"comment_status":"closed","ping_status":"closed","sticky":false,"template":"","format":"standard","meta":{"_jetpack_memberships_contains_paid_content":false,"footnotes":""},"categories":[6,1],"tags":[],"class_list":["post-21901","post","type-post","status-publish","format-standard","has-post-thumbnail","hentry","category-nacionales","category-portada"],"jetpack_featured_media_url":"https:\/\/i0.wp.com\/cdnoticias.com\/wp-content\/uploads\/2021\/05\/situacion-epidemiologica-provincia01.jpg?fit=800%2C445&ssl=1","jetpack_sharing_enabled":true,"_links":{"self":[{"href":"https:\/\/cdnoticias.com\/index.php\/wp-json\/wp\/v2\/posts\/21901","targetHints":{"allow":["GET"]}}],"collection":[{"href":"https:\/\/cdnoticias.com\/index.php\/wp-json\/wp\/v2\/posts"}],"about":[{"href":"https:\/\/cdnoticias.com\/index.php\/wp-json\/wp\/v2\/types\/post"}],"author":[{"embeddable":true,"href":"https:\/\/cdnoticias.com\/index.php\/wp-json\/wp\/v2\/users\/4"}],"replies":[{"embeddable":true,"href":"https:\/\/cdnoticias.com\/index.php\/wp-json\/wp\/v2\/comments?post=21901"}],"version-history":[{"count":0,"href":"https:\/\/cdnoticias.com\/index.php\/wp-json\/wp\/v2\/posts\/21901\/revisions"}],"wp:featuredmedia":[{"embeddable":true,"href":"https:\/\/cdnoticias.com\/index.php\/wp-json\/wp\/v2\/media\/21907"}],"wp:attachment":[{"href":"https:\/\/cdnoticias.com\/index.php\/wp-json\/wp\/v2\/media?parent=21901"}],"wp:term":[{"taxonomy":"category","embeddable":true,"href":"https:\/\/cdnoticias.com\/index.php\/wp-json\/wp\/v2\/categories?post=21901"},{"taxonomy":"post_tag","embeddable":true,"href":"https:\/\/cdnoticias.com\/index.php\/wp-json\/wp\/v2\/tags?post=21901"}],"curies":[{"name":"wp","href":"https:\/\/api.w.org\/{rel}","templated":true}]}}