{"id":21895,"date":"2021-05-19T14:21:24","date_gmt":"2021-05-19T17:21:24","guid":{"rendered":"http:\/\/www.centraldenoticias.com.ar\/?p=21895"},"modified":"2021-05-19T14:46:03","modified_gmt":"2021-05-19T17:46:03","slug":"toma-del-barrio-lourdes-reuniones-en-el-municipio-y-temor-por-desalojo","status":"publish","type":"post","link":"https:\/\/cdnoticias.com\/index.php\/2021\/05\/19\/toma-del-barrio-lourdes-reuniones-en-el-municipio-y-temor-por-desalojo\/","title":{"rendered":"Toma del barrio Lourdes: reuniones en el Municipio y temor por desalojo"},"content":{"rendered":"<p>Adelantaron que el viernes ser\u00eda el desalojo y buscar\u00e1n quedarse en los terrenos hasta tener respuestas. Denunciaron \u201cbaja\u201d convocatoria de las familias para ser relevadas y fueron al Municipio para reunirse con funcionarios.\u00a0<!--more--><\/p>\n<hr \/>\n<p>Los d\u00edas pasan, y no hay novedades. Lo poco que se sabe o se rumorea no avizora una soluci\u00f3n pac\u00edfica para los vecinos que se mantienen en los terrenos ocupados del barrio Lourdes, por lo cual <strong>fueron ellos mismos quienes se acercaron al Municipio para dialogar con funcionarios y continuar con una soluci\u00f3n que les garantice el acceso a la tierra y la vivienda sin tener que desalojar.<\/strong><\/p>\n<p>&nbsp;<\/p>\n<blockquote><p>Fueron alrededor de cuatro familias las que<a href=\"https:\/\/cdnoticias.com\/index.php\/2021\/05\/19\/toma-de-barrio-lourdes-habra-una-reunion-en-la-municipalidad\/\" target=\"_blank\" rel=\"noopener\"> se acercaron al Palacio San Mart\u00edn<\/a>. El objetivo de la citaci\u00f3n era conocer la situaci\u00f3n de cada una de ellas que hace que est\u00e9n presentes en la ocupaci\u00f3n de tierras.<\/p><\/blockquote>\n<p>&nbsp;<\/p>\n<p>A la salida del encuentro<strong>, las familias dialogaron con medios y se\u00f1alaron que el ritmo de convocatoria es \u201clento\u201d y que mientras tanto los vecinos que est\u00e1n en los terrenos viven una dura realidad.<\/strong> <em>\u201cDesde hace dos meses estamos as\u00ed y nos llaman de a cuatro\u201d<\/em> dijo Bel\u00e9n, una de las vecinas, quien desliz\u00f3 que se trata de un desgaste.<\/p>\n<p>&nbsp;<\/p>\n<p>Cabe se\u00f1alar que<strong> estas familias decidieron separarse del grupo que acord\u00f3, d\u00edas atr\u00e1s, una salida pac\u00edfica del lugar para ser asistidas por el Municipio y la Provincia de Buenos Aires.<\/strong> Justamente, ese acuerdo imped\u00eda un desalojo siempre y cuando se vayan del lugar, cosa que no sucedi\u00f3 con al menos una treintena de familias que se mantienen all\u00ed.<\/p>\n<p>&nbsp;<\/p>\n<p><img data-recalc-dims=\"1\" loading=\"lazy\" decoding=\"async\" class=\"alignnone size-large wp-image-21904\" src=\"https:\/\/i0.wp.com\/cdnoticias.com\/wp-content\/uploads\/2021\/05\/WhatsApp-Image-2021-05-19-at-10.21.45.jpeg?resize=800%2C600&#038;ssl=1\" alt=\"\" width=\"800\" height=\"600\" srcset=\"https:\/\/i0.wp.com\/cdnoticias.com\/wp-content\/uploads\/2021\/05\/WhatsApp-Image-2021-05-19-at-10.21.45.jpeg?resize=1024%2C768&amp;ssl=1 1024w, https:\/\/i0.wp.com\/cdnoticias.com\/wp-content\/uploads\/2021\/05\/WhatsApp-Image-2021-05-19-at-10.21.45.jpeg?resize=300%2C225&amp;ssl=1 300w, https:\/\/i0.wp.com\/cdnoticias.com\/wp-content\/uploads\/2021\/05\/WhatsApp-Image-2021-05-19-at-10.21.45.jpeg?resize=768%2C576&amp;ssl=1 768w, https:\/\/i0.wp.com\/cdnoticias.com\/wp-content\/uploads\/2021\/05\/WhatsApp-Image-2021-05-19-at-10.21.45.jpeg?w=1040&amp;ssl=1 1040w\" sizes=\"auto, (max-width: 800px) 100vw, 800px\" \/><\/p>\n<p>&nbsp;<\/p>\n<p><strong>Ante los rumores de un desalojo para este viernes<\/strong>, las familias aprovecharon la oportunidad para presentar un petitorio para que el Municipio intente evitar esta situaci\u00f3n.<\/p>\n<p>&nbsp;<\/p>\n<p>Denunciaron, a su vez,<strong> la aguda situaci\u00f3n de precariedad que atraviesan en los terrenos ocupados, que la custodia policial se mantiene desde el primer d\u00eda<\/strong>, adem\u00e1s de que <em>\u201cno queremos nada de arriba\u201d<\/em> sino <em>\u201cacceder a un terreno para nuestros hijos\u201d.<\/em><\/p>\n<p>&nbsp;<\/p>\n<p>Insistieron en que<strong> se podr\u00eda generar un plan de pagos para los terrenos y que la organizaci\u00f3n de estas familias es tan importante que crearon una cooperativa que construye sus propios bloques para avanzar en las viviendas<\/strong> que se construir\u00edan en caso de que los dejen avanzar en los terrenos actualmente ocupados.<\/p>\n","protected":false},"excerpt":{"rendered":"<p>Adelantaron que el viernes ser\u00eda el desalojo y buscar\u00e1n quedarse en los terrenos hasta tener respuestas. Denunciaron \u201cbaja\u201d convocatoria de<\/p>\n","protected":false},"author":2,"featured_media":21903,"comment_status":"closed","ping_status":"closed","sticky":false,"template":"","format":"standard","meta":{"_jetpack_memberships_contains_paid_content":false,"footnotes":""},"categories":[5,1],"tags":[],"class_list":["post-21895","post","type-post","status-publish","format-standard","has-post-thumbnail","hentry","category-informacion-general","category-portada"],"jetpack_featured_media_url":"https:\/\/i0.wp.com\/cdnoticias.com\/wp-content\/uploads\/2021\/05\/WhatsApp-Image-2021-05-19-at-10.23.57.jpeg?fit=773%2C461&ssl=1","jetpack_sharing_enabled":true,"_links":{"self":[{"href":"https:\/\/cdnoticias.com\/index.php\/wp-json\/wp\/v2\/posts\/21895","targetHints":{"allow":["GET"]}}],"collection":[{"href":"https:\/\/cdnoticias.com\/index.php\/wp-json\/wp\/v2\/posts"}],"about":[{"href":"https:\/\/cdnoticias.com\/index.php\/wp-json\/wp\/v2\/types\/post"}],"author":[{"embeddable":true,"href":"https:\/\/cdnoticias.com\/index.php\/wp-json\/wp\/v2\/users\/2"}],"replies":[{"embeddable":true,"href":"https:\/\/cdnoticias.com\/index.php\/wp-json\/wp\/v2\/comments?post=21895"}],"version-history":[{"count":0,"href":"https:\/\/cdnoticias.com\/index.php\/wp-json\/wp\/v2\/posts\/21895\/revisions"}],"wp:featuredmedia":[{"embeddable":true,"href":"https:\/\/cdnoticias.com\/index.php\/wp-json\/wp\/v2\/media\/21903"}],"wp:attachment":[{"href":"https:\/\/cdnoticias.com\/index.php\/wp-json\/wp\/v2\/media?parent=21895"}],"wp:term":[{"taxonomy":"category","embeddable":true,"href":"https:\/\/cdnoticias.com\/index.php\/wp-json\/wp\/v2\/categories?post=21895"},{"taxonomy":"post_tag","embeddable":true,"href":"https:\/\/cdnoticias.com\/index.php\/wp-json\/wp\/v2\/tags?post=21895"}],"curies":[{"name":"wp","href":"https:\/\/api.w.org\/{rel}","templated":true}]}}