{"id":21852,"date":"2021-05-18T20:07:33","date_gmt":"2021-05-18T23:07:33","guid":{"rendered":"http:\/\/www.centraldenoticias.com.ar\/?p=21852"},"modified":"2021-05-18T20:40:58","modified_gmt":"2021-05-18T23:40:58","slug":"se-nego-a-declarar-uno-de-los-acusados-por-el-violento-asalto-en-pueblo-nuevo","status":"publish","type":"post","link":"https:\/\/cdnoticias.com\/index.php\/2021\/05\/18\/se-nego-a-declarar-uno-de-los-acusados-por-el-violento-asalto-en-pueblo-nuevo\/","title":{"rendered":"Se neg\u00f3 a declarar uno de los acusados por el violento asalto en Pueblo Nuevo"},"content":{"rendered":"<p>Las pericias confirmaron que el arma que portaba era apta para disparar. El otro acusado sigue internado en el Hospital Municipal.<!--more--><\/p>\n<hr \/>\n<p>En la ma\u00f1ana de este martes se concret\u00f3 finalmente la audiencia de declaraci\u00f3n indagatoria para el hombre que fue interceptado en el inicio de la tarde del pasado domingo, minutos despu\u00e9s de <a href=\"https:\/\/cdnoticias.com\/index.php\/2021\/05\/16\/se-conocieron-mas-detalles-del-violento-intento-de-asalto-en-el-barrio-pueblo-nuevo\/\" target=\"_blank\" rel=\"noopener\">un violento asalto a una mujer y su hijo en una vivienda ubicada sobre \u00c1lvaro Barros al 1500<\/a>. Vale recordar que <strong>ese hecho dej\u00f3 tambi\u00e9n como saldo a un hombre con un disparo en la cara, a quien tambi\u00e9n se lo acusa de haber ingresado a esa propiedad con\u00a0 fines de robo.<\/strong><\/p>\n<p>&nbsp;<\/p>\n<p><img data-recalc-dims=\"1\" loading=\"lazy\" decoding=\"async\" class=\"alignnone size-full wp-image-21675\" src=\"https:\/\/i0.wp.com\/cdnoticias.com\/wp-content\/uploads\/2021\/05\/asalto02.jpg?resize=800%2C469&#038;ssl=1\" alt=\"\" width=\"800\" height=\"469\" srcset=\"https:\/\/i0.wp.com\/cdnoticias.com\/wp-content\/uploads\/2021\/05\/asalto02.jpg?w=913&amp;ssl=1 913w, https:\/\/i0.wp.com\/cdnoticias.com\/wp-content\/uploads\/2021\/05\/asalto02.jpg?resize=300%2C176&amp;ssl=1 300w, https:\/\/i0.wp.com\/cdnoticias.com\/wp-content\/uploads\/2021\/05\/asalto02.jpg?resize=768%2C450&amp;ssl=1 768w\" sizes=\"auto, (max-width: 800px) 100vw, 800px\" \/><\/p>\n<p>&nbsp;<\/p>\n<p>Seg\u00fan narraron a <em><strong>Central de Noticias<\/strong><\/em> fuentes vinculadas a la investigaci\u00f3n, se concret\u00f3 en las \u00faltimas horas la audiencia en t\u00e9rminos del art\u00edculo 308 del C\u00f3digo Procesal Penal, la cual da la ocasi\u00f3n no solo para la imputaci\u00f3n formal y notificaci\u00f3n de los hechos contra el acusado, sino tambi\u00e9n la posibilidad de brindar su versi\u00f3n de los hechos. No obstante ello, en este caso <strong>el acusado opt\u00f3 por no declarar.<\/strong><\/p>\n<p>&nbsp;<\/p>\n<p>Es por ello que la audiencia no se prolong\u00f3 demasiado pero, a la par, permiti\u00f3 conocer c\u00f3mo fueron entendidos los hechos desde la fiscal\u00eda encabezada por la doctora Mar\u00eda Paula Serrano. Todo se desprende del encuadre penal de los hechos. <a href=\"https:\/\/cdnoticias.com\/index.php\/2021\/05\/17\/se-postergo-la-indagatoria-a-uno-de-los-acusados-por-el-violento-asalto-en-pueblo-nuevo\/\" target=\"_blank\" rel=\"noopener\">Tal como se hab\u00eda detallado horas atr\u00e1s<\/a>,<strong> la indagatoria hab\u00eda sido postergada debido a la puesta en marcha de una serie de pericias, algunas de las cuales vinculadas con el arma hallada en la persecuci\u00f3n al acusado.<\/strong><\/p>\n<p>&nbsp;<\/p>\n<p><img data-recalc-dims=\"1\" loading=\"lazy\" decoding=\"async\" class=\"alignnone size-full wp-image-21673\" src=\"https:\/\/i0.wp.com\/cdnoticias.com\/wp-content\/uploads\/2021\/05\/asalto05.jpg?resize=800%2C469&#038;ssl=1\" alt=\"\" width=\"800\" height=\"469\" srcset=\"https:\/\/i0.wp.com\/cdnoticias.com\/wp-content\/uploads\/2021\/05\/asalto05.jpg?w=913&amp;ssl=1 913w, https:\/\/i0.wp.com\/cdnoticias.com\/wp-content\/uploads\/2021\/05\/asalto05.jpg?resize=300%2C176&amp;ssl=1 300w, https:\/\/i0.wp.com\/cdnoticias.com\/wp-content\/uploads\/2021\/05\/asalto05.jpg?resize=768%2C450&amp;ssl=1 768w\" sizes=\"auto, (max-width: 800px) 100vw, 800px\" \/><\/p>\n<p>&nbsp;<\/p>\n<p>Esas tareas confirmaron que <strong>el arma era apta para ser utilizada<\/strong>, por lo que lo sucedido en el mediod\u00eda del \u00faltimo domingo fue tipificado como <strong>\u201crobo doblemente agravado, por su comisi\u00f3n con arma de fuego y escalamiento\u201d<\/strong>. El dato a tener en cuenta es que esta imputaci\u00f3n alcanza a los acusados, pero quien fue capturado minutos despu\u00e9s de los hechos afronta adem\u00e1s cargos por <strong>\u201cportaci\u00f3n ilegal de arma de fuego\u201d y \u201ccoacci\u00f3n agravada\u201d, ya que tambi\u00e9n con esa misma arma habr\u00eda amenazado y atacado a las v\u00edctimas.<\/strong><\/p>\n<p>&nbsp;<\/p>\n<p>Por otra parte, se aguarda por la evoluci\u00f3n m\u00e9dica del segundo acusado para tambi\u00e9n poder indagarlo y cumplir con las medidas procesales. Por \u00faltimo, la fiscal Mar\u00eda Paula Serrano elev\u00f3 ante el juzgado de Garant\u00edas en turno, el N\u00b0 1 de la doctora Fabiana San Rom\u00e1n, el <strong>planteo para convertir en detenci\u00f3n la aprehensi\u00f3n de los dos imputados.<\/strong><\/p>\n","protected":false},"excerpt":{"rendered":"<p>Las pericias confirmaron que el arma que portaba era apta para disparar. El otro acusado sigue internado en el Hospital<\/p>\n","protected":false},"author":2,"featured_media":21689,"comment_status":"closed","ping_status":"closed","sticky":false,"template":"","format":"standard","meta":{"_jetpack_memberships_contains_paid_content":false,"footnotes":""},"categories":[14,1],"tags":[],"class_list":["post-21852","post","type-post","status-publish","format-standard","has-post-thumbnail","hentry","category-policiales","category-portada"],"jetpack_featured_media_url":"https:\/\/i0.wp.com\/cdnoticias.com\/wp-content\/uploads\/2021\/05\/asalto07.jpg?fit=913%2C535&ssl=1","jetpack_sharing_enabled":true,"_links":{"self":[{"href":"https:\/\/cdnoticias.com\/index.php\/wp-json\/wp\/v2\/posts\/21852","targetHints":{"allow":["GET"]}}],"collection":[{"href":"https:\/\/cdnoticias.com\/index.php\/wp-json\/wp\/v2\/posts"}],"about":[{"href":"https:\/\/cdnoticias.com\/index.php\/wp-json\/wp\/v2\/types\/post"}],"author":[{"embeddable":true,"href":"https:\/\/cdnoticias.com\/index.php\/wp-json\/wp\/v2\/users\/2"}],"replies":[{"embeddable":true,"href":"https:\/\/cdnoticias.com\/index.php\/wp-json\/wp\/v2\/comments?post=21852"}],"version-history":[{"count":0,"href":"https:\/\/cdnoticias.com\/index.php\/wp-json\/wp\/v2\/posts\/21852\/revisions"}],"wp:featuredmedia":[{"embeddable":true,"href":"https:\/\/cdnoticias.com\/index.php\/wp-json\/wp\/v2\/media\/21689"}],"wp:attachment":[{"href":"https:\/\/cdnoticias.com\/index.php\/wp-json\/wp\/v2\/media?parent=21852"}],"wp:term":[{"taxonomy":"category","embeddable":true,"href":"https:\/\/cdnoticias.com\/index.php\/wp-json\/wp\/v2\/categories?post=21852"},{"taxonomy":"post_tag","embeddable":true,"href":"https:\/\/cdnoticias.com\/index.php\/wp-json\/wp\/v2\/tags?post=21852"}],"curies":[{"name":"wp","href":"https:\/\/api.w.org\/{rel}","templated":true}]}}