{"id":21850,"date":"2021-05-18T18:52:55","date_gmt":"2021-05-18T21:52:55","guid":{"rendered":"http:\/\/www.centraldenoticias.com.ar\/?p=21850"},"modified":"2021-05-18T18:52:55","modified_gmt":"2021-05-18T21:52:55","slug":"las-cifras-mas-altas-de-la-pandemia-745-muertes-y-mas-de-35-mil-casos","status":"publish","type":"post","link":"https:\/\/cdnoticias.com\/index.php\/2021\/05\/18\/las-cifras-mas-altas-de-la-pandemia-745-muertes-y-mas-de-35-mil-casos\/","title":{"rendered":"Las cifras m\u00e1s altas de la pandemia: 745 muertes y m\u00e1s de 35 mil casos"},"content":{"rendered":"<p>Argentina registr\u00f3 este martes los valores diarios m\u00e1s altos de toda la pandemia.<!--more--><\/p>\n<hr \/>\n<p><strong>Otras 745 personas murieron y 35.543 fueron reportadas con coronavirus en las \u00faltimas 24 horas en la Argentina<\/strong>, con lo que suman 71.771 los fallecidos registrados oficialmente a nivel nacional y 3.371 508 los contagiados desde el inicio de la pandemia, inform\u00f3 el Ministerio de Salud.<\/p>\n<p>&nbsp;<\/p>\n<p>La cartera sanitaria indic\u00f3 que son 5.813 los internados en unidades de terapia intensiva, con <strong>un porcentaje de ocupaci\u00f3n de camas de adultos de 72,2% en el pa\u00eds y del 76,2% en el \u00c1rea Metropolitana Buenos Aires.<\/strong><\/p>\n<p>&nbsp;<\/p>\n<p><img data-recalc-dims=\"1\" loading=\"lazy\" decoding=\"async\" class=\"alignnone size-full wp-image-18755\" src=\"https:\/\/i0.wp.com\/cdnoticias.com\/wp-content\/uploads\/2021\/04\/5ffec5649398b_1004x565.jpg?resize=800%2C450&#038;ssl=1\" alt=\"\" width=\"800\" height=\"450\" srcset=\"https:\/\/i0.wp.com\/cdnoticias.com\/wp-content\/uploads\/2021\/04\/5ffec5649398b_1004x565.jpg?w=1004&amp;ssl=1 1004w, https:\/\/i0.wp.com\/cdnoticias.com\/wp-content\/uploads\/2021\/04\/5ffec5649398b_1004x565.jpg?resize=300%2C169&amp;ssl=1 300w, https:\/\/i0.wp.com\/cdnoticias.com\/wp-content\/uploads\/2021\/04\/5ffec5649398b_1004x565.jpg?resize=768%2C432&amp;ssl=1 768w\" sizes=\"auto, (max-width: 800px) 100vw, 800px\" \/><\/p>\n<p>&nbsp;<\/p>\n<p><strong>Un 50,80% (18.058 personas) de los infectados de este martes (35.543) corresponden a la Ciudad y a la provincia de Buenos Aires<\/strong>. De los 3.371.508 contagiados, el 88,75% (2.992.325) recibi\u00f3 el alta y 307.412 son casos confirmados activos.<\/p>\n<p>&nbsp;<\/p>\n<p>El reporte consign\u00f3 que <strong>fallecieron 419 hombres y 319 mujeres<\/strong>, mientras que seis personas de la provincia de Buenos Aires y 1 de Mendoza fueron reportadas sin dato de sexo.<\/p>\n<p>&nbsp;<\/p>\n<p><em><strong>La situaci\u00f3n sanitaria en los distritos<\/strong><\/em><\/p>\n<p>&nbsp;<\/p>\n<p><strong>El parte precis\u00f3 que murieron 269 hombres en la provincia de Buenos Aires<\/strong>; 28 en la Ciudad de Buenos Aires; 4 en Catamarca; 9 en Chaco; 4 en Chubut; 4 en Corrientes; 15 en C\u00f3rdoba; 3 en Entre R\u00edos; 15 en Formosa; 9 en La Pampa; 10 en Mendoza; 8 en Neuqu\u00e9n; 10 en R\u00edo Negro; 2 en Salta; 6 en San Juan; 6 en San Luis; 3 en Santa Cruz; 10 en Santa Fe; y 4 en Santiago del Estero.<\/p>\n<p>&nbsp;<\/p>\n<p><strong>Tambi\u00e9n fallecieron 213 mujeres en Buenos Aires<\/strong>; 19 en la Ciudad de Buenos Aires; 5 en Catamarca; 2 en Chaco; 3 en Chubut; 1 en Corrientes; 10 en C\u00f3rdoba; 3 en Entre R\u00edos; 10 en Formosa; 9 en La Pampa; 10 en Mendoza; 2 en Neuqu\u00e9n; 3 en R\u00edo Negro; 6 en Salta; 2 en San Juan; 4 en San Luis; 2 en Santa Cruz; 14 en Santa Fe; y 1 en Santiago del Estero.<\/p>\n<p>&nbsp;<\/p>\n<p><img data-recalc-dims=\"1\" loading=\"lazy\" decoding=\"async\" class=\"alignnone size-large wp-image-17857\" src=\"https:\/\/i0.wp.com\/cdnoticias.com\/wp-content\/uploads\/2021\/04\/f53b416e-46e7-4ee4-b62e-97d5bfb22ceb_alta-libre-aspect-ratio_default_0.jpg?resize=800%2C500&#038;ssl=1\" alt=\"\" width=\"800\" height=\"500\" srcset=\"https:\/\/i0.wp.com\/cdnoticias.com\/wp-content\/uploads\/2021\/04\/f53b416e-46e7-4ee4-b62e-97d5bfb22ceb_alta-libre-aspect-ratio_default_0.jpg?resize=1024%2C640&amp;ssl=1 1024w, https:\/\/i0.wp.com\/cdnoticias.com\/wp-content\/uploads\/2021\/04\/f53b416e-46e7-4ee4-b62e-97d5bfb22ceb_alta-libre-aspect-ratio_default_0.jpg?resize=300%2C188&amp;ssl=1 300w, https:\/\/i0.wp.com\/cdnoticias.com\/wp-content\/uploads\/2021\/04\/f53b416e-46e7-4ee4-b62e-97d5bfb22ceb_alta-libre-aspect-ratio_default_0.jpg?resize=768%2C480&amp;ssl=1 768w, https:\/\/i0.wp.com\/cdnoticias.com\/wp-content\/uploads\/2021\/04\/f53b416e-46e7-4ee4-b62e-97d5bfb22ceb_alta-libre-aspect-ratio_default_0.jpg?w=1200&amp;ssl=1 1200w\" sizes=\"auto, (max-width: 800px) 100vw, 800px\" \/><\/p>\n<p>&nbsp;<\/p>\n<p><strong>Este martes se registraron en la provincia de Buenos Aires 14.593 casos<\/strong>; en la Ciudad de Buenos Aires, 3.465; en Catamarca, 440; en Chaco, 525; en Chubut, 320; en Corrientes, 35; en C\u00f3rdoba, 4.074; en Entre R\u00edos, 921; en Formosa, 328; en Jujuy, 145; en La Pampa, 799; en La Rioja, 376; en Mendoza, 1.095; en Misiones, 129; en Neuqu\u00e9n, 807; en R\u00edo Negro, 557; en Salta, 518; en San Juan, 735; en San Luis, 294; en Santa Cruz, 369; en Santa Fe, 3.302; en Santiago del Estero, 444; Tierra del Fuego, 78; y en Tucum\u00e1n, 1.194.<\/p>\n<p>&nbsp;<\/p>\n<p><strong>El total de acumulados por distrito indica que la provincia de Buenos Aires suma 1.462.970 casos<\/strong>; la Ciudad de Buenos Aires, 384.019; Catamarca, 18.632; Chaco, 50.264; Chubut, 58.454; Corrientes, 40.879; C\u00f3rdoba 263.463; Entre R\u00edos, 73.468; Formosa, 14.124; Jujuy, 26.464; La Pampa, 34.900.; La Rioja, 15.392; Mendoza, 110.330; Misiones, 18.199; Neuqu\u00e9n, 79.899; R\u00edo Negro, 67.402; Salta, 39.224; San Juan, 30.522; San Luis, 45.378; Santa Cruz, 48.726; Santa Fe, 307.927; Santiago del Estero, 36.199; Tierra del Fuego, 27.656; y Tucum\u00e1n, 117.017.<\/p>\n<p>&nbsp;<\/p>\n<p><a href=\"https:\/\/www.telam.com.ar\/notas\/202105\/554641-martes-18-mayo-argentina-casos-coronavirus-ministerio-de-salud.html\" target=\"_blank\" rel=\"noopener\"><em>Fuente T\u00e9lam<\/em><\/a><\/p>\n","protected":false},"excerpt":{"rendered":"<p>Argentina registr\u00f3 este martes los valores diarios m\u00e1s altos de toda la pandemia.<\/p>\n","protected":false},"author":2,"featured_media":19540,"comment_status":"closed","ping_status":"closed","sticky":false,"template":"","format":"standard","meta":{"_jetpack_memberships_contains_paid_content":false,"footnotes":""},"categories":[16,1],"tags":[],"class_list":["post-21850","post","type-post","status-publish","format-standard","has-post-thumbnail","hentry","category-covid-19","category-portada"],"jetpack_featured_media_url":"https:\/\/i0.wp.com\/cdnoticias.com\/wp-content\/uploads\/2021\/04\/6079fb60147df_1004x565.jpg?fit=1004%2C565&ssl=1","jetpack_sharing_enabled":true,"_links":{"self":[{"href":"https:\/\/cdnoticias.com\/index.php\/wp-json\/wp\/v2\/posts\/21850","targetHints":{"allow":["GET"]}}],"collection":[{"href":"https:\/\/cdnoticias.com\/index.php\/wp-json\/wp\/v2\/posts"}],"about":[{"href":"https:\/\/cdnoticias.com\/index.php\/wp-json\/wp\/v2\/types\/post"}],"author":[{"embeddable":true,"href":"https:\/\/cdnoticias.com\/index.php\/wp-json\/wp\/v2\/users\/2"}],"replies":[{"embeddable":true,"href":"https:\/\/cdnoticias.com\/index.php\/wp-json\/wp\/v2\/comments?post=21850"}],"version-history":[{"count":0,"href":"https:\/\/cdnoticias.com\/index.php\/wp-json\/wp\/v2\/posts\/21850\/revisions"}],"wp:featuredmedia":[{"embeddable":true,"href":"https:\/\/cdnoticias.com\/index.php\/wp-json\/wp\/v2\/media\/19540"}],"wp:attachment":[{"href":"https:\/\/cdnoticias.com\/index.php\/wp-json\/wp\/v2\/media?parent=21850"}],"wp:term":[{"taxonomy":"category","embeddable":true,"href":"https:\/\/cdnoticias.com\/index.php\/wp-json\/wp\/v2\/categories?post=21850"},{"taxonomy":"post_tag","embeddable":true,"href":"https:\/\/cdnoticias.com\/index.php\/wp-json\/wp\/v2\/tags?post=21850"}],"curies":[{"name":"wp","href":"https:\/\/api.w.org\/{rel}","templated":true}]}}