{"id":21843,"date":"2021-05-18T18:13:56","date_gmt":"2021-05-18T21:13:56","guid":{"rendered":"http:\/\/www.centraldenoticias.com.ar\/?p=21843"},"modified":"2021-05-19T07:44:35","modified_gmt":"2021-05-19T10:44:35","slug":"un-adolescente-olavarriense-murio-en-un-vuelco-en-general-la-madrid","status":"publish","type":"post","link":"https:\/\/cdnoticias.com\/index.php\/2021\/05\/18\/un-adolescente-olavarriense-murio-en-un-vuelco-en-general-la-madrid\/","title":{"rendered":"Un adolescente olavarriense muri\u00f3 en un vuelco en General La Madrid"},"content":{"rendered":"<p>El caso se registr\u00f3 en el inicio de la tarde de este martes sobre la ruta 86, a escasos kil\u00f3metros de la ciudad vecina.<!--more--><\/p>\n<hr \/>\n<p>En el inicio de la tarde de este martes <strong>un vuelco se cobr\u00f3 la vida de un adolescente con domicilio en nuestra ciudad<\/strong>, seg\u00fan narraron fuentes de La Madrid en las \u00faltimas horas.<\/p>\n<p>&nbsp;<\/p>\n<p>El caso se registr\u00f3 sobre la Ruta Provincial 86, a escasos kil\u00f3metros del casco urbano local, donde <strong>en condiciones que son materia de estudio un Chevrolet Corsa se despist\u00f3 y volc\u00f3.<\/strong><\/p>\n<p>&nbsp;<\/p>\n<p>En el rodado viajaban 4 ocupantes, uno de ellos falleci\u00f3 debido a las graves heridas. <strong>Otras dos personas permanecen internadas en un centro asistencial.<\/strong><\/p>\n<p>&nbsp;<\/p>\n<p>En el lugar, <strong>adem\u00e1s de personal medico, trabaj\u00f3 personal de bomberos y del Destacamento Vial de la polic\u00eda bonaerense.<\/strong><\/p>\n<p>&nbsp;<\/p>\n","protected":false},"excerpt":{"rendered":"<p>El caso se registr\u00f3 en el inicio de la tarde de este martes sobre la ruta 86, a escasos kil\u00f3metros<\/p>\n","protected":false},"author":2,"featured_media":21845,"comment_status":"closed","ping_status":"closed","sticky":false,"template":"","format":"standard","meta":{"_jetpack_memberships_contains_paid_content":false,"footnotes":""},"categories":[14,1],"tags":[],"class_list":["post-21843","post","type-post","status-publish","format-standard","has-post-thumbnail","hentry","category-policiales","category-portada"],"jetpack_featured_media_url":"https:\/\/i0.wp.com\/cdnoticias.com\/wp-content\/uploads\/2021\/05\/WhatsApp-Image-2021-05-18-at-18.05.54.jpeg?fit=1280%2C960&ssl=1","jetpack_sharing_enabled":true,"_links":{"self":[{"href":"https:\/\/cdnoticias.com\/index.php\/wp-json\/wp\/v2\/posts\/21843","targetHints":{"allow":["GET"]}}],"collection":[{"href":"https:\/\/cdnoticias.com\/index.php\/wp-json\/wp\/v2\/posts"}],"about":[{"href":"https:\/\/cdnoticias.com\/index.php\/wp-json\/wp\/v2\/types\/post"}],"author":[{"embeddable":true,"href":"https:\/\/cdnoticias.com\/index.php\/wp-json\/wp\/v2\/users\/2"}],"replies":[{"embeddable":true,"href":"https:\/\/cdnoticias.com\/index.php\/wp-json\/wp\/v2\/comments?post=21843"}],"version-history":[{"count":0,"href":"https:\/\/cdnoticias.com\/index.php\/wp-json\/wp\/v2\/posts\/21843\/revisions"}],"wp:featuredmedia":[{"embeddable":true,"href":"https:\/\/cdnoticias.com\/index.php\/wp-json\/wp\/v2\/media\/21845"}],"wp:attachment":[{"href":"https:\/\/cdnoticias.com\/index.php\/wp-json\/wp\/v2\/media?parent=21843"}],"wp:term":[{"taxonomy":"category","embeddable":true,"href":"https:\/\/cdnoticias.com\/index.php\/wp-json\/wp\/v2\/categories?post=21843"},{"taxonomy":"post_tag","embeddable":true,"href":"https:\/\/cdnoticias.com\/index.php\/wp-json\/wp\/v2\/tags?post=21843"}],"curies":[{"name":"wp","href":"https:\/\/api.w.org\/{rel}","templated":true}]}}