{"id":21840,"date":"2021-05-18T17:48:16","date_gmt":"2021-05-18T20:48:16","guid":{"rendered":"http:\/\/www.centraldenoticias.com.ar\/?p=21840"},"modified":"2021-05-18T20:42:02","modified_gmt":"2021-05-18T23:42:02","slug":"el-municipio-de-azul-manifesto-su-preocupacion-por-el-cierre-de-las-exportaciones-de-carne-vacuna","status":"publish","type":"post","link":"https:\/\/cdnoticias.com\/index.php\/2021\/05\/18\/el-municipio-de-azul-manifesto-su-preocupacion-por-el-cierre-de-las-exportaciones-de-carne-vacuna\/","title":{"rendered":"El Municipio de Azul manifest\u00f3 su \u201cpreocupaci\u00f3n\u201d por el cierre de las exportaciones de carne vacuna"},"content":{"rendered":"<p>Lo hizo a trav\u00e9s de una publicaci\u00f3n en las redes sociales, en la que se anunci\u00f3 adem\u00e1s el inicio de gestiones al Ministerio provincial de Desarrollo Agrario.<!--more--><\/p>\n<hr \/>\n<p><strong>\u201cPreocupaci\u00f3n por las fuentes de trabajo del Frigor\u00edfico Azul\u201d<\/strong>. De esa manera se titula una publicaci\u00f3n que en las \u00faltimas horas fue llevada adelante en las redes sociales del gobierno de la municipalidad de Azul. Inclusive, se lo acompa\u00f1a con una foto en la que puede verse al jefe de Gabinete, Alejandro Vieyra. \u201c<a href=\"https:\/\/cdnoticias.com\/index.php\/2021\/05\/18\/suspension-de-exportaciones-de-la-carne-el-campo-anuncio-un-paro\/\" target=\"_blank\" rel=\"noopener\">Ante el cierre de las exportaciones de carne vacuna anunciado por el Gobierno Nacional<\/a>, el Departamento Ejecutivo manifiesta su preocupaci\u00f3n por la<strong> afectaci\u00f3n que implicar\u00eda a la labor del Frigor\u00edfico Azul Natural Beef DEVESA y en consecuencia, a la ocupaci\u00f3n de la mano de obra actual de la planta<\/strong>\u201d, se enfatiz\u00f3.<\/p>\n<p>&nbsp;<\/p>\n<p>Es precisamente en dichos y gestiones de ese funcionario municipal que est\u00e1 basada esa publicaci\u00f3n, en la que se narra que \u201ca partir de la medida comunicada por las autoridades nacionales, la comuna se puso en comunicaci\u00f3n con los propietarios y administradores de la firma quienes expresaron que<strong> la adaptaci\u00f3n de la actividad \u00fanicamente al mercado interno provocar\u00eda la necesidad de desafectar a parte de los trabajadores con los que actualmente cuenta<\/strong>\u201d.<\/p>\n<p>&nbsp;<\/p>\n<p><iframe loading=\"lazy\" style=\"border: none; overflow: hidden;\" src=\"https:\/\/www.facebook.com\/plugins\/post.php?href=https%3A%2F%2Fwww.facebook.com%2Fmunicipiodeazul%2Fposts%2F4308241782542398&amp;show_text=true&amp;width=500\" width=\"500\" height=\"737\" frameborder=\"0\" scrolling=\"no\" allowfullscreen=\"allowfullscreen\"><\/iframe><\/p>\n<p>&nbsp;<\/p>\n<p>&nbsp;<\/p>\n<p>\u201cEn la comunicaci\u00f3n que mantuve con el due\u00f1o del frigor\u00edfico, este me manifest\u00f3 que <strong>de continuar estas medidas en el tiempo, no tendr\u00e1n otra alternativa que reducir significativamente el personal<\/strong>\u201d, se a\u00f1adi\u00f3.<\/p>\n<p>&nbsp;<\/p>\n<p>En la continuidad de la publicaci\u00f3n, adem\u00e1s de dar cuenta que la firma cuenta con alrededor de 700 trabajadores, se subray\u00f3 que \u201cel gobierno municipal, la firma propietaria, las empresas proveedoras de servicios, toda la comunidad intervino y puso su esfuerzo para llegar a la realidad que hoy tenemos; <strong>cada logro \u2013como los mercados externos que se fueron sumando-, cada certificaci\u00f3n, cada aumento en la toma de empleados fue el resultado de un gran trabajo; hoy estamos frente a la preocupaci\u00f3n de que todo esto se borre de un plumazo<\/strong>\u201d.<\/p>\n<p>&nbsp;<\/p>\n<p>En este marco, se adelant\u00f3 que desde la comuna se trabajar\u00e1 y gestionar\u00e1 ante las autoridades nacionales correspondientes para solicitar una excepci\u00f3n a la medida. \u201cNos estamos ocupando de esta situaci\u00f3n desde que se anunci\u00f3 la medida, desde el Ejecutivo, tambi\u00e9n con la senadora provincial y los concejales\u201d-relat\u00f3 Vieyra. \u201c<strong>El intendente Hern\u00e1n Bertellys le solicit\u00f3 por nota al ministro de Desarrollo Agrario de la Provincia Javier Rodr\u00edguez que interceda ante la Secretar\u00eda de Comercio Exterior para que el frigor\u00edfico no sea incluido en la medida que proh\u00edbe la exportaci\u00f3n de carne vacuna\u201d<\/strong>, concluy\u00f3.<\/p>\n<p>&nbsp;<\/p>\n","protected":false},"excerpt":{"rendered":"<p>Lo hizo a trav\u00e9s de una publicaci\u00f3n en las redes sociales, en la que se anunci\u00f3 adem\u00e1s el inicio de<\/p>\n","protected":false},"author":2,"featured_media":21841,"comment_status":"closed","ping_status":"closed","sticky":false,"template":"","format":"standard","meta":{"_jetpack_memberships_contains_paid_content":false,"footnotes":""},"categories":[6],"tags":[],"class_list":["post-21840","post","type-post","status-publish","format-standard","has-post-thumbnail","hentry","category-nacionales"],"jetpack_featured_media_url":"https:\/\/i0.wp.com\/cdnoticias.com\/wp-content\/uploads\/2021\/05\/azul.jpg?fit=800%2C445&ssl=1","jetpack_sharing_enabled":true,"_links":{"self":[{"href":"https:\/\/cdnoticias.com\/index.php\/wp-json\/wp\/v2\/posts\/21840","targetHints":{"allow":["GET"]}}],"collection":[{"href":"https:\/\/cdnoticias.com\/index.php\/wp-json\/wp\/v2\/posts"}],"about":[{"href":"https:\/\/cdnoticias.com\/index.php\/wp-json\/wp\/v2\/types\/post"}],"author":[{"embeddable":true,"href":"https:\/\/cdnoticias.com\/index.php\/wp-json\/wp\/v2\/users\/2"}],"replies":[{"embeddable":true,"href":"https:\/\/cdnoticias.com\/index.php\/wp-json\/wp\/v2\/comments?post=21840"}],"version-history":[{"count":0,"href":"https:\/\/cdnoticias.com\/index.php\/wp-json\/wp\/v2\/posts\/21840\/revisions"}],"wp:featuredmedia":[{"embeddable":true,"href":"https:\/\/cdnoticias.com\/index.php\/wp-json\/wp\/v2\/media\/21841"}],"wp:attachment":[{"href":"https:\/\/cdnoticias.com\/index.php\/wp-json\/wp\/v2\/media?parent=21840"}],"wp:term":[{"taxonomy":"category","embeddable":true,"href":"https:\/\/cdnoticias.com\/index.php\/wp-json\/wp\/v2\/categories?post=21840"},{"taxonomy":"post_tag","embeddable":true,"href":"https:\/\/cdnoticias.com\/index.php\/wp-json\/wp\/v2\/tags?post=21840"}],"curies":[{"name":"wp","href":"https:\/\/api.w.org\/{rel}","templated":true}]}}