{"id":21816,"date":"2021-05-18T15:16:16","date_gmt":"2021-05-18T18:16:16","guid":{"rendered":"http:\/\/www.centraldenoticias.com.ar\/?p=21816"},"modified":"2021-05-18T18:15:41","modified_gmt":"2021-05-18T21:15:41","slug":"la-unica-manera-de-abordar-una-pandemia-es-en-conjunto","status":"publish","type":"post","link":"https:\/\/cdnoticias.com\/index.php\/2021\/05\/18\/la-unica-manera-de-abordar-una-pandemia-es-en-conjunto\/","title":{"rendered":"\u201cLa \u00fanica manera de abordar una pandemia es en conjunto\u201d"},"content":{"rendered":"<p>El director provincial de redes y regiones sanitarias, Adri\u00e1n Gayoso, recorri\u00f3 el Hospital Municipal y dialog\u00f3 con funcionarios locales. Resalt\u00f3 el trabajo articulado y realiz\u00f3 un balance de la pandemia hasta ahora. La clave de la vacunaci\u00f3n.<!--more--><\/p>\n<hr \/>\n<p>En el mediod\u00eda de este martes,<strong> el director provincial de redes y regiones sanitarias, Adri\u00e1n Gayoso, visit\u00f3 Olavarr\u00eda en una agenda que lo tuvo por el Hospital Municipal<\/strong> y en un encuentro con el secretario de Gobierno, Hilario Galli, y su par de Salud, Germ\u00e1n Caputo, para continuar con la articulaci\u00f3n de la Provincia y el Municipio en la pandemia.<\/p>\n<p>&nbsp;<\/p>\n<p>Gayoso estuvo acompa\u00f1ado, en tanto, por el titular de la Regi\u00f3n Sanitaria IX, Ramiro Borzi, y la directora asociada \u00c1lvarez Morello.<\/p>\n<p>&nbsp;<\/p>\n<p>En un di\u00e1logo con los medios, Gayoso se\u00f1al\u00f3 que el trabajo de los Hospitales bonaerenses <em>\u201c<strong>es intenso, cansador, los y las trabajadoras de la Salud est\u00e1n agotados.<\/strong> Nosotros con la indicaci\u00f3n del gobernador Kicillof, del ministro Goll\u00e1n, estamos recorriendo la Provincia desde el inicio, incluso de antes de la pandemia. La indicaci\u00f3n precisa dado que me toca encabezar todas las Regiones Sanitarias, las 12 que hay en la Provincia es que este v\u00ednculo con los Municipios muestra que de la \u00fanica manera que se puede trabajar es en conjunto\u201d.<\/em><\/p>\n<p>&nbsp;<\/p>\n<p>Explic\u00f3 el trabajo no s\u00f3lo con hisopados, con planeamiento sino tambi\u00e9n con insumos y material.<em> \u201cPensamos igual que el Municipio: la \u00fanica manera de abordar una pandemia como esta y los problemas de salud en general es en conjunto\u201d<\/em>. Incluso, el trabajo es a largo plazo dado que se busca <strong><em>\u201cun sistema que se debe fortalecer en su integraci\u00f3n. Lo privado, lo estatal y dentro de lo estatal el Municipio y la Provincia\u201d.<\/em><\/strong><\/p>\n<p>&nbsp;<\/p>\n<p><img data-recalc-dims=\"1\" loading=\"lazy\" decoding=\"async\" class=\"alignnone size-large wp-image-21819\" src=\"https:\/\/i0.wp.com\/cdnoticias.com\/wp-content\/uploads\/2021\/05\/WhatsApp-Image-2021-05-18-at-15.11.24.jpeg?resize=800%2C450&#038;ssl=1\" alt=\"\" width=\"800\" height=\"450\" srcset=\"https:\/\/i0.wp.com\/cdnoticias.com\/wp-content\/uploads\/2021\/05\/WhatsApp-Image-2021-05-18-at-15.11.24.jpeg?resize=1024%2C576&amp;ssl=1 1024w, https:\/\/i0.wp.com\/cdnoticias.com\/wp-content\/uploads\/2021\/05\/WhatsApp-Image-2021-05-18-at-15.11.24.jpeg?resize=300%2C169&amp;ssl=1 300w, https:\/\/i0.wp.com\/cdnoticias.com\/wp-content\/uploads\/2021\/05\/WhatsApp-Image-2021-05-18-at-15.11.24.jpeg?resize=768%2C432&amp;ssl=1 768w, https:\/\/i0.wp.com\/cdnoticias.com\/wp-content\/uploads\/2021\/05\/WhatsApp-Image-2021-05-18-at-15.11.24.jpeg?w=1280&amp;ssl=1 1280w\" sizes=\"auto, (max-width: 800px) 100vw, 800px\" \/><\/p>\n<p>&nbsp;<\/p>\n<p>El funcionario provincial dej\u00f3 en claro que el momento es \u201ccr\u00edtico\u201d aunque<strong><em> \u201cel secretario de Salud me contaba que estaba todo m\u00e1s tranquilo ac\u00e1, pero el virus se mueve con mucha velocidad de contagio y hay que cuidarse mucho. Adem\u00e1s viene el invierno, puede estar complicado\u201d<\/em> <\/strong>aunque el trabajo est\u00e1 puesto en <em>\u201cseguir vacunando con las 600 postas. Viene un n\u00famero importante de vacunas, llegar\u00e1n casi 5 millones de vacunas antes de fin de mes\u201d.<\/em><\/p>\n<p>&nbsp;<\/p>\n<p>Se\u00f1al\u00f3 que se buscar\u00e1 salir de la pandemia \u201ccon el cuidado, con medidas m\u00e1s intensas que seguramente se tomar\u00e1n, y seguir vacunando\u201d.<\/p>\n<p>&nbsp;<\/p>\n<p><span style=\"text-decoration: underline;\"><strong>Vacunaci\u00f3n<\/strong><\/span><\/p>\n<p>&nbsp;<\/p>\n<p>Ante la consulta de la situaci\u00f3n de la vacunaci\u00f3n, <em>\u201cvan llegando y nosotros vamos distribuyendo y aplicando r\u00e1pidamente. La l\u00f3gica de campa\u00f1a que se implement\u00f3 es con muchos puestos de vacunaci\u00f3n exclusivos para COVID.<strong> Es hist\u00f3rico para la Provincia, porque es una campa\u00f1a nominalizada y de dos dosis. Tiene mucha complejidad<\/strong>\u201d.<\/em><\/p>\n<p>&nbsp;<\/p>\n<p>En el primer balance, se\u00f1al\u00f3 que dentro de los trabajadores de la Salud<em> \u201cno tuvimos bajas importantes en el sistema. La vacuna resulta, y los equipos que van a atender en el peor momento de la pandemia est\u00e1n al pie del ca\u00f1\u00f3n. Tenemos situaciones, cuadros leves, pero no tuvimos grandes bajas. Y en los mayores de 60, con un porcentaje alto de vacunaci\u00f3n, se ve lo mismo\u201d.<\/em><\/p>\n<p>&nbsp;<\/p>\n<p>Con respecto a la \u201cmeseta\u201d de inscripci\u00f3n para vacunarse, <em>\u201clos Municipios pueden ayudar mucho en la inscripci\u00f3n. Ya estamos en los menores de 60 con factores de riesgo,<strong> hay que anotarse en la p\u00e1gina, y el que no sepa que pueda buscar asistencia para ser inscripto<\/strong>\u201d.<\/em><\/p>\n<p>&nbsp;<\/p>\n<p><img data-recalc-dims=\"1\" loading=\"lazy\" decoding=\"async\" class=\"alignnone size-large wp-image-21829\" src=\"https:\/\/i0.wp.com\/cdnoticias.com\/wp-content\/uploads\/2021\/05\/Salud-Visita-Adrian-Gayoso-4-scaled.jpg?resize=800%2C534&#038;ssl=1\" alt=\"\" width=\"800\" height=\"534\" srcset=\"https:\/\/i0.wp.com\/cdnoticias.com\/wp-content\/uploads\/2021\/05\/Salud-Visita-Adrian-Gayoso-4-scaled.jpg?resize=1024%2C684&amp;ssl=1 1024w, https:\/\/i0.wp.com\/cdnoticias.com\/wp-content\/uploads\/2021\/05\/Salud-Visita-Adrian-Gayoso-4-scaled.jpg?resize=300%2C201&amp;ssl=1 300w, https:\/\/i0.wp.com\/cdnoticias.com\/wp-content\/uploads\/2021\/05\/Salud-Visita-Adrian-Gayoso-4-scaled.jpg?resize=768%2C513&amp;ssl=1 768w, https:\/\/i0.wp.com\/cdnoticias.com\/wp-content\/uploads\/2021\/05\/Salud-Visita-Adrian-Gayoso-4-scaled.jpg?resize=272%2C182&amp;ssl=1 272w, https:\/\/i0.wp.com\/cdnoticias.com\/wp-content\/uploads\/2021\/05\/Salud-Visita-Adrian-Gayoso-4-scaled.jpg?w=1600&amp;ssl=1 1600w, https:\/\/i0.wp.com\/cdnoticias.com\/wp-content\/uploads\/2021\/05\/Salud-Visita-Adrian-Gayoso-4-scaled.jpg?w=2400&amp;ssl=1 2400w\" sizes=\"auto, (max-width: 800px) 100vw, 800px\" \/><\/p>\n<p>&nbsp;<\/p>\n<p>Explic\u00f3 la raz\u00f3n por la cual se vacuna en puntos particulares por fuera del sistema de salud,<em> \u201cesta campa\u00f1a es muy particular:<strong> necesitamos sacarlo del Hospital, de los centros de salud y dejar que sigan abocados a la atenci\u00f3n de pacientes y que en las postas de vacunaci\u00f3n nos dediquemos exclusivamente a resolver, en esta etapa de la campa\u00f1a.<\/strong> Seguramente cuando tengamos m\u00e1s volumen, m\u00e1s producci\u00f3n, y se masifique la llegada de vacunas los lugares de vacunaci\u00f3n se van a diversificar\u201d.<\/em><\/p>\n<p>&nbsp;<\/p>\n<blockquote><p>\u201cEstamos aplicando m\u00e1s vacunas pero a\u00fan es bajo el volumen a cantidad de personas vacunadas que necesitamos. Para que se produzca un impacto fuerte tiene que haber mucho m\u00e1s porcentaje de poblaci\u00f3n vacunada\u201d.<\/p><\/blockquote>\n<p>&nbsp;<\/p>\n<p>Si bien destac\u00f3 el respeto por las restricciones, admiti\u00f3 que a\u00fan hay importante cantidad de gente circulando<em> \u201cy hay otra cepa que es m\u00e1s agresiva, los cuadros son m\u00e1s r\u00e1pidos, los pacientes r\u00e1pidamente entran en una fase cr\u00edtica de la enfermedad, as\u00ed que con cuidado m\u00e1s ampliar el n\u00famero de vacunas deber\u00edamos revertirlo\u201d.<\/em><\/p>\n<p>&nbsp;<\/p>\n<p>Adem\u00e1s, resalt\u00f3 el trabajo para ampliar la ocupaci\u00f3n de Terapia Intensiva: <em>\u201c<strong>pasamos de 880 camas que ten\u00edamos el a\u00f1o pasado a m\u00e1s de 2.500 camas preparadas para recibir pacientes cr\u00edticos por COVID o por politraumatismos<\/strong>. Se ampli\u00f3 mucho. Hasta hoy todas las camas ampliadas pudieron ser atendidas por el esfuerzo desmedido de los enfermeros, enfermeras y m\u00e9dicos\u201d.<\/em><\/p>\n<p>&nbsp;<\/p>\n<blockquote><p>\u201cHace falta m\u00e1s, por ahora ampliamos lo que el Municipio nos dice que pueden ampliar y con el esfuerzo que eso conlleva. El tema es encontrar el personal capacitado. Se fue buscando una manera de poder cubrir y atender esas camas\u201d.<\/p><\/blockquote>\n<p>&nbsp;<\/p>\n<p>Finalmente<strong>, Hilario Galli<\/strong> destac\u00f3 que acompa\u00f1aban al funcionario y agradeci\u00f3 <em>\u201csobre todo por la importancia de los elementos que est\u00e1n entregando, que son muy necesarios. <strong>Por ah\u00ed alguna de ellas no son para ampliar sino para reemplazar algunos respiradores con mucho uso, de 24 horas de utilizaci\u00f3n constante y obviamente necesitan recambio.<\/strong> Pero el trabajo articulado lo venimos haciendo con Regi\u00f3n Sanitaria y no es necesario elevar un pedido m\u00e1s arriba\u201d.<\/em><\/p>\n<p>&nbsp;<\/p>\n<p><em>Foto: gentileza LU32 Radio Olavarr\u00eda<\/em><\/p>\n","protected":false},"excerpt":{"rendered":"<p>El director provincial de redes y regiones sanitarias, Adri\u00e1n Gayoso, recorri\u00f3 el Hospital Municipal y dialog\u00f3 con funcionarios locales. Resalt\u00f3<\/p>\n","protected":false},"author":2,"featured_media":21828,"comment_status":"closed","ping_status":"closed","sticky":false,"template":"","format":"standard","meta":{"_jetpack_memberships_contains_paid_content":false,"footnotes":""},"categories":[16,1],"tags":[],"class_list":["post-21816","post","type-post","status-publish","format-standard","has-post-thumbnail","hentry","category-covid-19","category-portada"],"jetpack_featured_media_url":"https:\/\/i0.wp.com\/cdnoticias.com\/wp-content\/uploads\/2021\/05\/Salud-Visita-Adrian-Gayoso-1.jpg?fit=1181%2C787&ssl=1","jetpack_sharing_enabled":true,"_links":{"self":[{"href":"https:\/\/cdnoticias.com\/index.php\/wp-json\/wp\/v2\/posts\/21816","targetHints":{"allow":["GET"]}}],"collection":[{"href":"https:\/\/cdnoticias.com\/index.php\/wp-json\/wp\/v2\/posts"}],"about":[{"href":"https:\/\/cdnoticias.com\/index.php\/wp-json\/wp\/v2\/types\/post"}],"author":[{"embeddable":true,"href":"https:\/\/cdnoticias.com\/index.php\/wp-json\/wp\/v2\/users\/2"}],"replies":[{"embeddable":true,"href":"https:\/\/cdnoticias.com\/index.php\/wp-json\/wp\/v2\/comments?post=21816"}],"version-history":[{"count":0,"href":"https:\/\/cdnoticias.com\/index.php\/wp-json\/wp\/v2\/posts\/21816\/revisions"}],"wp:featuredmedia":[{"embeddable":true,"href":"https:\/\/cdnoticias.com\/index.php\/wp-json\/wp\/v2\/media\/21828"}],"wp:attachment":[{"href":"https:\/\/cdnoticias.com\/index.php\/wp-json\/wp\/v2\/media?parent=21816"}],"wp:term":[{"taxonomy":"category","embeddable":true,"href":"https:\/\/cdnoticias.com\/index.php\/wp-json\/wp\/v2\/categories?post=21816"},{"taxonomy":"post_tag","embeddable":true,"href":"https:\/\/cdnoticias.com\/index.php\/wp-json\/wp\/v2\/tags?post=21816"}],"curies":[{"name":"wp","href":"https:\/\/api.w.org\/{rel}","templated":true}]}}