{"id":2181,"date":"2020-09-22T19:26:37","date_gmt":"2020-09-22T22:26:37","guid":{"rendered":"http:\/\/www.centraldenoticias.com.ar\/?p=2181"},"modified":"2020-09-22T19:26:37","modified_gmt":"2020-09-22T22:26:37","slug":"unidad-n2-docentes-y-el-desafio-de-ensenar-en-pandemia","status":"publish","type":"post","link":"https:\/\/cdnoticias.com\/index.php\/2020\/09\/22\/unidad-n2-docentes-y-el-desafio-de-ensenar-en-pandemia\/","title":{"rendered":"Unidad N\u00b02: docentes y el desaf\u00edo de ense\u00f1ar en pandemia"},"content":{"rendered":"<p>&nbsp;<\/p>\n<p>Los docentes en contexto de encierro desplegaron distintas estrategias para lograr una continuidad pedag\u00f3gica. Tal es el caso de la Unidad Penal N\u00b02 de Sierra Chica donde se trabaja para garantizar el derecho a la educaci\u00f3n.<!--more--><\/p>\n<hr \/>\n<p><strong>La continuidad pedag\u00f3gica sigue vigente en la Unidad Penal N\u00b02 de Sierra Chica donde, como en el resto de las c\u00e1rceles del Servicio Penitenciario Bonaerense, se suspendieron las clases presenciales en todos los niveles a causa de la pandemia.<\/strong> Sin embargo, los docentes trabajan para garantizar el derecho a la educaci\u00f3n a quienes la Jefatura de la c\u00e1rcel de m\u00e1xima seguridad brinda su apoyo y cuidado en el contexto carcelario.<\/p>\n<p>&nbsp;<\/p>\n<p>La realidad en la que se desempe\u00f1an los docentes en contextos de encierro es compleja por las particularidades de los y las estudiantes. Sin embargo, desplegaron distintas estrategias para ense\u00f1ar. Los directivos y docentes de los niveles primario, secundario, terciario y universitario, <strong>contin\u00faan con su tarea a partir de la utilizaci\u00f3n de cuadernillos realizados por los docentes de cada asignatura<\/strong>. Por otra parte, el Ministerio de Educaci\u00f3n de la Provincia junto con el Servicio Penitenciario entreg\u00f3 mate<strong>rial evaluativo para la totalidad de la poblaci\u00f3n estudiantil.<\/strong><\/p>\n<p>&nbsp;<\/p>\n<p>Las propuestas en formato de <strong>cuadernillos e insumos como l\u00e1piz, goma y lapicera son entregadas por el personal del \u00e1rea de Educaci\u00f3n de la Unidad 2<\/strong>, ya que la continuidad pedag\u00f3gica en el nivel primario se bas\u00f3 principalmente en el soporte en papel. Los niveles secundario, terciario y universidad usan cuadernillos y el soporte electr\u00f3nico por medio de grupos de whatsapp.<\/p>\n<p>&nbsp;<\/p>\n<p><img data-recalc-dims=\"1\" loading=\"lazy\" decoding=\"async\" class=\"alignnone size-large wp-image-2183\" src=\"https:\/\/i0.wp.com\/cdnoticias.com\/wp-content\/uploads\/2020\/09\/U2-D%C3%ADa-del-profesor-2020-Septiembre-2-1024x768.jpg?resize=800%2C600&#038;ssl=1\" alt=\"\" width=\"800\" height=\"600\" srcset=\"https:\/\/i0.wp.com\/cdnoticias.com\/wp-content\/uploads\/2020\/09\/U2-D%C3%ADa-del-profesor-2020-Septiembre-2.jpg?resize=1024%2C768&amp;ssl=1 1024w, https:\/\/i0.wp.com\/cdnoticias.com\/wp-content\/uploads\/2020\/09\/U2-D%C3%ADa-del-profesor-2020-Septiembre-2.jpg?resize=300%2C225&amp;ssl=1 300w, https:\/\/i0.wp.com\/cdnoticias.com\/wp-content\/uploads\/2020\/09\/U2-D%C3%ADa-del-profesor-2020-Septiembre-2.jpg?resize=768%2C576&amp;ssl=1 768w, https:\/\/i0.wp.com\/cdnoticias.com\/wp-content\/uploads\/2020\/09\/U2-D%C3%ADa-del-profesor-2020-Septiembre-2.jpg?w=1040&amp;ssl=1 1040w\" sizes=\"auto, (max-width: 800px) 100vw, 800px\" \/><\/p>\n<p>&nbsp;<\/p>\n<p><em>\u201cA partir de conocer las fortalezas y debilidades del alumnado podemos trabajar con m\u00e1s precisi\u00f3n sobre c\u00f3mo generar la continuidad. En este camino nos hemos equivocado y reformulado estrategias did\u00e1cticas para llegar a los estudiantes y seguir manteniendo el v\u00ednculo. Por ejemplo, hab\u00edamos pensado en utilizar los celulares para clases virtuales, pero la respuesta no fue buena porque el tama\u00f1o de la pantalla para leer no les resultaba satisfactorio. Por ello resolvimos centrarnos en lo escrito y el celular qued\u00f3 para consultas.\u00a0Nada reemplaza el v\u00ednculo directo con el profesor y todo lo que se aprende en la escuela no es \u00fanicamente contenido, esto les va a faltar a todos los alumnos\u201d<\/em>, explic\u00f3 el profesor y subdirector del Cens N\u00b0455.<\/p>\n<p>&nbsp;<\/p>\n<p>Una vez que los alumnos terminan todas las actividades del cuadernillo lo entregan a la Coordinadora Educativa Marcela Igui\u00f1iz, quien es el nexo con los directivos de cada nivel que luego les devuelven una nota conceptual. <em>\u201cDesde nuestro lugar de Tratamiento hacemos un trabajo de apoyo a la modalidad de educaci\u00f3n a distancia, pero siempre teniendo en cuenta que lo primordial es cuidar la salud de los privados y privada de la libertad\u201d<\/em>, destac\u00f3 el director de la Unidad N\u00b02, Cristian Pastorino.<\/p>\n<p>&nbsp;<\/p>\n<p><strong>Los docentes se encuentran comprometidos en sostener el derecho a la educaci\u00f3n de las personas privadas de la libertad<\/strong>, en pensar la pr\u00e1ctica de ense\u00f1anza en este contexto, con la organizaci\u00f3n de las tareas y del tiempo, adaptado a la realidad de sus necesidades. Fue importante repensar las formas, los contenidos y el c\u00f3mo llegar a los alumnos. <em>\u201cLa respuesta de los alumnos fue muy buena, sabiendo que el modo habitual de ense\u00f1anza es presencial. La virtualidad y distancia genera desgano, pero a pesar de ello la respuesta fue buena y seguimos trabajando en pos de garantizar la educaci\u00f3n<\/em>\u201d, dijo el director del Cens N\u00b0455, Ezequiel Maitini.<\/p>\n","protected":false},"excerpt":{"rendered":"<p>&nbsp; Los docentes en contexto de encierro desplegaron distintas estrategias para lograr una continuidad pedag\u00f3gica. Tal es el caso de<\/p>\n","protected":false},"author":5,"featured_media":2184,"comment_status":"closed","ping_status":"closed","sticky":false,"template":"","format":"standard","meta":{"_jetpack_memberships_contains_paid_content":false,"footnotes":""},"categories":[5,1],"tags":[],"class_list":["post-2181","post","type-post","status-publish","format-standard","has-post-thumbnail","hentry","category-informacion-general","category-portada"],"jetpack_featured_media_url":"https:\/\/i0.wp.com\/cdnoticias.com\/wp-content\/uploads\/2020\/09\/U2-D%C3%ADa-del-profesor-2020-Septiembre-1.jpg?fit=584%2C497&ssl=1","jetpack_sharing_enabled":true,"_links":{"self":[{"href":"https:\/\/cdnoticias.com\/index.php\/wp-json\/wp\/v2\/posts\/2181","targetHints":{"allow":["GET"]}}],"collection":[{"href":"https:\/\/cdnoticias.com\/index.php\/wp-json\/wp\/v2\/posts"}],"about":[{"href":"https:\/\/cdnoticias.com\/index.php\/wp-json\/wp\/v2\/types\/post"}],"author":[{"embeddable":true,"href":"https:\/\/cdnoticias.com\/index.php\/wp-json\/wp\/v2\/users\/5"}],"replies":[{"embeddable":true,"href":"https:\/\/cdnoticias.com\/index.php\/wp-json\/wp\/v2\/comments?post=2181"}],"version-history":[{"count":0,"href":"https:\/\/cdnoticias.com\/index.php\/wp-json\/wp\/v2\/posts\/2181\/revisions"}],"wp:featuredmedia":[{"embeddable":true,"href":"https:\/\/cdnoticias.com\/index.php\/wp-json\/wp\/v2\/media\/2184"}],"wp:attachment":[{"href":"https:\/\/cdnoticias.com\/index.php\/wp-json\/wp\/v2\/media?parent=2181"}],"wp:term":[{"taxonomy":"category","embeddable":true,"href":"https:\/\/cdnoticias.com\/index.php\/wp-json\/wp\/v2\/categories?post=2181"},{"taxonomy":"post_tag","embeddable":true,"href":"https:\/\/cdnoticias.com\/index.php\/wp-json\/wp\/v2\/tags?post=2181"}],"curies":[{"name":"wp","href":"https:\/\/api.w.org\/{rel}","templated":true}]}}