{"id":21797,"date":"2021-05-18T13:18:33","date_gmt":"2021-05-18T16:18:33","guid":{"rendered":"http:\/\/www.centraldenoticias.com.ar\/?p=21797"},"modified":"2021-05-18T15:16:27","modified_gmt":"2021-05-18T18:16:27","slug":"el-ministro-de-salud-provincial-sin-expectativas-de-que-siga-la-baja-de-casos","status":"publish","type":"post","link":"https:\/\/cdnoticias.com\/index.php\/2021\/05\/18\/el-ministro-de-salud-provincial-sin-expectativas-de-que-siga-la-baja-de-casos\/","title":{"rendered":"El ministro de Salud provincial, sin expectativas de que siga la baja de casos"},"content":{"rendered":"<p>Daniel Gollan indic\u00f3 que \u201cestamos en el l\u00edmite de lo que se puede conseguir con estas medidas\u201d. Los casos del interior, la vacunaci\u00f3n y el f\u00fatbol, \u201cun riesgo que no tiene mucho sentido\u201d.<!--more--><\/p>\n<hr \/>\n<p><strong>El ministro de Salud bonaerense, Daniel Gollan, advirti\u00f3 este martes sobre el aumento de los contagios en la provincia de Buenos Aires \u2013sobre todo en el interior\u2013<\/strong>, y sostuvo que <em>\u201cestamos en el l\u00edmite de lo que se puede conseguir con estas medidas\u201d<\/em>, que se encuentran vigentes hasta el pr\u00f3ximo viernes 21, al se\u00f1alar que hubo un relajamiento de la poblaci\u00f3n.<\/p>\n<p>&nbsp;<\/p>\n<p>Fue en el marco de la <a href=\"https:\/\/cdnoticias.com\/index.php\/2021\/05\/18\/olavarria-sigue-en-fase-3-mas-distritos-en-las-fases-mas-complicadas\/\" target=\"_blank\" rel=\"noopener\">conferencia sobre la situaci\u00f3n sanitaria<\/a> donde tambi\u00e9n estuvo el jefe de Gabinete Carlos Bianco y se present\u00f3 la actualizaci\u00f3n del sistema de fases.<\/p>\n<p>&nbsp;<\/p>\n<blockquote><p>\u201cEstamos en el l\u00edmite de lo que se puede conseguir con estas medidas\u201d, dijo el ministro en conferencia de prensa desde Casa de Gobierno. \u201cLas expectativas acerca de que continuara una ca\u00edda de cara al 21 est\u00e1n definitivamente terminadas\u201d, ampli\u00f3 el ministro.<\/p><\/blockquote>\n<p>&nbsp;<\/p>\n<p><img data-recalc-dims=\"1\" loading=\"lazy\" decoding=\"async\" class=\"size-full wp-image-21802 aligncenter\" src=\"https:\/\/i0.wp.com\/cdnoticias.com\/wp-content\/uploads\/2021\/05\/conferencia-gollan-bianco08.jpg?resize=800%2C444&#038;ssl=1\" alt=\"\" width=\"800\" height=\"444\" srcset=\"https:\/\/i0.wp.com\/cdnoticias.com\/wp-content\/uploads\/2021\/05\/conferencia-gollan-bianco08.jpg?w=800&amp;ssl=1 800w, https:\/\/i0.wp.com\/cdnoticias.com\/wp-content\/uploads\/2021\/05\/conferencia-gollan-bianco08.jpg?resize=300%2C167&amp;ssl=1 300w, https:\/\/i0.wp.com\/cdnoticias.com\/wp-content\/uploads\/2021\/05\/conferencia-gollan-bianco08.jpg?resize=768%2C426&amp;ssl=1 768w\" sizes=\"auto, (max-width: 800px) 100vw, 800px\" \/><\/p>\n<p>&nbsp;<\/p>\n<p>\u201cSiempre que se tomaron medidas las primeras semana se cumplieron de manera estricta y despu\u00e9s relaja un poco m\u00e1s. <strong>Las medidas no se respetan de forma pareja en todas las semana<\/strong>s\u201d, consider\u00f3 Gollan.<\/p>\n<p>&nbsp;<\/p>\n<p><strong>Los datos<\/strong><\/p>\n<p>&nbsp;<\/p>\n<p>Tras dos semanas de descenso de un 18% y un 8% respectivamente,<strong> los contagios volvieron a subir la semana pasada en la provincia un 3,5%, a expensas de lo que ocurre en los municipios del interior<\/strong>, donde <a href=\"https:\/\/cdnoticias.com\/index.php\/2021\/05\/17\/los-contagios-de-covid-subieron-274-en-el-interior-bonaerense-en-la-ultima-semana\/\" target=\"_blank\" rel=\"noopener\">los casos subieron un 27,4% -tal como se hab\u00eda adelantado-<\/a>, mientras que en el AMBA hubo un leve descenso del 2,5%.<\/p>\n<p>&nbsp;<\/p>\n<p><strong>El promedio diario semanal fue de 9.221 contagios<\/strong> (321 m\u00e1s que la semana anterior), mientras que <strong>en el interior fueron 2.314<\/strong> (497 m\u00e1s que el promedio de la semana anterior) y en el AMBA 6.870 (191 menos).<\/p>\n<p>&nbsp;<\/p>\n<p><img data-recalc-dims=\"1\" loading=\"lazy\" decoding=\"async\" class=\"size-full wp-image-21803 aligncenter\" src=\"https:\/\/i0.wp.com\/cdnoticias.com\/wp-content\/uploads\/2021\/05\/conferencia-gollan-bianco09.jpg?resize=800%2C445&#038;ssl=1\" alt=\"\" width=\"800\" height=\"445\" srcset=\"https:\/\/i0.wp.com\/cdnoticias.com\/wp-content\/uploads\/2021\/05\/conferencia-gollan-bianco09.jpg?w=800&amp;ssl=1 800w, https:\/\/i0.wp.com\/cdnoticias.com\/wp-content\/uploads\/2021\/05\/conferencia-gollan-bianco09.jpg?resize=300%2C167&amp;ssl=1 300w, https:\/\/i0.wp.com\/cdnoticias.com\/wp-content\/uploads\/2021\/05\/conferencia-gollan-bianco09.jpg?resize=768%2C427&amp;ssl=1 768w\" sizes=\"auto, (max-width: 800px) 100vw, 800px\" \/><\/p>\n<p>&nbsp;<\/p>\n<p><strong>Los casos en el interior representan ahora el 28% de los contagios y en el AMBA el 78%<\/strong>. \u201cHasta hace apenas unas pocas semanas, la proporci\u00f3n era de 87% para el AMBA y 13% para el interior\u201d, indic\u00f3 Gollan. Y se\u00f1al\u00f3 que<em> los casos empiezan a expandirse como el a\u00f1o pasado, pero a un velocidad mucho m\u00e1s r\u00e1pida<\/em>.<\/p>\n<p>&nbsp;<\/p>\n<blockquote><p>La tasa de incidencia general es de 8.257 casos cada 100.000 habitantes y para la zona \u201cinterior\u201d es de 7.980 casos cada 100.000 habitantes.<\/p><\/blockquote>\n<p>&nbsp;<\/p>\n<p>En lo referido al<strong> nivel de ocupaci\u00f3n de camas de terapia intensiva<\/strong>, el ministro explic\u00f3 que, si bien se estabiliz\u00f3,<strong> \u201cestamos en un nivel alt\u00edsimo\u201d, que en el AMBA llega al 73,75%<\/strong>, con 1.605 pacientes internados con casos sospechosos o confirmados de Covid-19, mientras que <strong>en el interior provincial asciende al 59,35%<\/strong>, con 492 internados por la misma condici\u00f3n.<\/p>\n<p>&nbsp;<\/p>\n<p><img data-recalc-dims=\"1\" loading=\"lazy\" decoding=\"async\" class=\"size-full wp-image-21805 aligncenter\" src=\"https:\/\/i0.wp.com\/cdnoticias.com\/wp-content\/uploads\/2021\/05\/conferencia-gollan-bianco10.jpg?resize=800%2C445&#038;ssl=1\" alt=\"\" width=\"800\" height=\"445\" srcset=\"https:\/\/i0.wp.com\/cdnoticias.com\/wp-content\/uploads\/2021\/05\/conferencia-gollan-bianco10.jpg?w=800&amp;ssl=1 800w, https:\/\/i0.wp.com\/cdnoticias.com\/wp-content\/uploads\/2021\/05\/conferencia-gollan-bianco10.jpg?resize=300%2C167&amp;ssl=1 300w, https:\/\/i0.wp.com\/cdnoticias.com\/wp-content\/uploads\/2021\/05\/conferencia-gollan-bianco10.jpg?resize=768%2C427&amp;ssl=1 768w\" sizes=\"auto, (max-width: 800px) 100vw, 800px\" \/><\/p>\n<p>&nbsp;<\/p>\n<p>Gollan alert\u00f3 que <strong>\u201ceste rebrote que estamos viendo impactar\u00e1 sobre la cantidad de camas ocupadas, poniendo nuevamente al sistema en alerta\u201d<\/strong>.<\/p>\n<p>&nbsp;<\/p>\n<p><strong>Vacunaci\u00f3n<\/strong><\/p>\n<p>&nbsp;<\/p>\n<blockquote><p>El ministro destac\u00f3 que la buena noticia est\u00e1 dada en que la provincia de Buenos Aires recibir\u00e1, en los pr\u00f3ximos 25 d\u00edas, unas 3 millones de vacunas. Ser\u00e1n provenientes del mecanismo Covax y del acuerdo con AstraZeneca.<\/p><\/blockquote>\n<p>&nbsp;<\/p>\n<p>Permitir\u00e1n <strong>completar esquemas a quienes recibieron en febrero la dosis de Covishield<\/strong> (misma f\u00f3rmula que AstraZeneca) y <em>avanzar en la vacunaci\u00f3n entre mayores de 60 con o sin comorbilidades y mayores de 40 con enfermedades preexistentes<\/em>.<\/p>\n<p>&nbsp;<\/p>\n<p><img data-recalc-dims=\"1\" loading=\"lazy\" decoding=\"async\" class=\"size-full wp-image-21806 aligncenter\" src=\"https:\/\/i0.wp.com\/cdnoticias.com\/wp-content\/uploads\/2021\/05\/conferencia-gollan-bianco11.jpg?resize=800%2C445&#038;ssl=1\" alt=\"\" width=\"800\" height=\"445\" srcset=\"https:\/\/i0.wp.com\/cdnoticias.com\/wp-content\/uploads\/2021\/05\/conferencia-gollan-bianco11.jpg?w=800&amp;ssl=1 800w, https:\/\/i0.wp.com\/cdnoticias.com\/wp-content\/uploads\/2021\/05\/conferencia-gollan-bianco11.jpg?resize=300%2C167&amp;ssl=1 300w, https:\/\/i0.wp.com\/cdnoticias.com\/wp-content\/uploads\/2021\/05\/conferencia-gollan-bianco11.jpg?resize=768%2C427&amp;ssl=1 768w\" sizes=\"auto, (max-width: 800px) 100vw, 800px\" \/><\/p>\n<p>&nbsp;<\/p>\n<p>\u201cLas medidas que hayan que tomar se inscriben en un <strong>proceso de vacunaci\u00f3n intenso<\/strong>\u201d, dijo el ministro de Salud de Axel Kicillof.<\/p>\n<p>&nbsp;<\/p>\n<p>En territorio bonaerense se aplicaron un total de 4.012.299 de vacunas, de las cuales <strong>3.228.595 corresponden a la primera dosis<\/strong>.<\/p>\n<p>&nbsp;<\/p>\n<p>El funcionario tambi\u00e9n se refiri\u00f3 a que hay <strong>unos 7 millones de anotados en la web Vacunate<\/strong> y que la poblaci\u00f3n objetivo es de 12 millones de personas. En ese marco hizo<em> un \u201cpedido especial para los intendentes\u201d<\/em> para que hagan <strong>visitas \u201ccasa por casa que garantiza que los que no est\u00e1n anotados puedan sacarse dudas y enterarse de la campa\u00f1a\u201d<\/strong>.<\/p>\n<p>&nbsp;<\/p>\n<p><img data-recalc-dims=\"1\" loading=\"lazy\" decoding=\"async\" class=\"size-full wp-image-21807 aligncenter\" src=\"https:\/\/i0.wp.com\/cdnoticias.com\/wp-content\/uploads\/2021\/05\/conferencia-gollan-bianco12.jpg?resize=800%2C446&#038;ssl=1\" alt=\"\" width=\"800\" height=\"446\" srcset=\"https:\/\/i0.wp.com\/cdnoticias.com\/wp-content\/uploads\/2021\/05\/conferencia-gollan-bianco12.jpg?w=800&amp;ssl=1 800w, https:\/\/i0.wp.com\/cdnoticias.com\/wp-content\/uploads\/2021\/05\/conferencia-gollan-bianco12.jpg?resize=300%2C167&amp;ssl=1 300w, https:\/\/i0.wp.com\/cdnoticias.com\/wp-content\/uploads\/2021\/05\/conferencia-gollan-bianco12.jpg?resize=768%2C428&amp;ssl=1 768w\" sizes=\"auto, (max-width: 800px) 100vw, 800px\" \/><\/p>\n<p>&nbsp;<\/p>\n<p><strong>F\u00fatbol, \u201cun riesgo que no tiene mucho sentido\u201d<\/strong><\/p>\n<p>&nbsp;<\/p>\n<p>El ministro Gollan, se refiri\u00f3 este martes a lo ocurrido con los testeos positivos en el plantel de River, antes y despu\u00e9s del supercl\u00e1sico. <strong>\u201cSe est\u00e1 jugando a un riesgo que no tiene mucho sentido\u201d<\/strong>, dijo el funcionario.<\/p>\n<p>&nbsp;<\/p>\n<blockquote><p>\u201cNo entiendo a esta altura del partido c\u00f3mo puede ser que cinco jugadores estuvieran en condiciones de contagiar jugando un partido de f\u00fatbol y al otro d\u00eda den positivo\u201d, se pregunt\u00f3 Gollan en conferencia de prensa desde la Gobernaci\u00f3n.<\/p><\/blockquote>\n<p>&nbsp;<\/p>\n<p><img data-recalc-dims=\"1\" loading=\"lazy\" decoding=\"async\" class=\"alignnone size-full wp-image-21795\" src=\"https:\/\/i0.wp.com\/cdnoticias.com\/wp-content\/uploads\/2021\/05\/conferencia-gollan-bianco06.jpg?resize=800%2C445&#038;ssl=1\" alt=\"\" width=\"800\" height=\"445\" srcset=\"https:\/\/i0.wp.com\/cdnoticias.com\/wp-content\/uploads\/2021\/05\/conferencia-gollan-bianco06.jpg?w=800&amp;ssl=1 800w, https:\/\/i0.wp.com\/cdnoticias.com\/wp-content\/uploads\/2021\/05\/conferencia-gollan-bianco06.jpg?resize=300%2C167&amp;ssl=1 300w, https:\/\/i0.wp.com\/cdnoticias.com\/wp-content\/uploads\/2021\/05\/conferencia-gollan-bianco06.jpg?resize=768%2C427&amp;ssl=1 768w\" sizes=\"auto, (max-width: 800px) 100vw, 800px\" \/><\/p>\n<p>&nbsp;<\/p>\n<p>Cabe se\u00f1alar que con un plantel diezmado por el coronavirus, River present\u00f3 el domingo un equipo suplente para jugar con Boca Juniors, su cl\u00e1sico rival. Pero, en las \u00faltimas horas, otros cinco jugadores dieron positivo, tres de los cuales hab\u00edan participado del partido.<\/p>\n<p>&nbsp;<\/p>\n<p>El ministro se refiri\u00f3 a la pol\u00e9mica por el f\u00fatbol tras plantear que no tiene sentido \u201ctestear por testear\u201d sino se sigue un \u201ccriterio epidemiol\u00f3gico y de aislamiento\u201d.<\/p>\n<p>&nbsp;<\/p>\n<p>\u201c<strong>Los testeos tienen que tener criterio epidemiol\u00f3gico<\/strong> y los testeos hechos por que s\u00ed no tienen sentido\u201d, dijo Gollan y puso como ejemplo lo ocurrido en River.<\/p>\n<p>&nbsp;<\/p>\n<p>Fuente: <em>con datos de Agencia DIB<\/em><\/p>\n","protected":false},"excerpt":{"rendered":"<p>Daniel Gollan indic\u00f3 que \u201cestamos en el l\u00edmite de lo que se puede conseguir con estas medidas\u201d. Los casos del<\/p>\n","protected":false},"author":4,"featured_media":21801,"comment_status":"closed","ping_status":"closed","sticky":false,"template":"","format":"standard","meta":{"_jetpack_memberships_contains_paid_content":false,"footnotes":""},"categories":[6,1],"tags":[],"class_list":["post-21797","post","type-post","status-publish","format-standard","has-post-thumbnail","hentry","category-nacionales","category-portada"],"jetpack_featured_media_url":"https:\/\/i0.wp.com\/cdnoticias.com\/wp-content\/uploads\/2021\/05\/conferencia-gollan-bianco05.jpg?fit=800%2C445&ssl=1","jetpack_sharing_enabled":true,"_links":{"self":[{"href":"https:\/\/cdnoticias.com\/index.php\/wp-json\/wp\/v2\/posts\/21797","targetHints":{"allow":["GET"]}}],"collection":[{"href":"https:\/\/cdnoticias.com\/index.php\/wp-json\/wp\/v2\/posts"}],"about":[{"href":"https:\/\/cdnoticias.com\/index.php\/wp-json\/wp\/v2\/types\/post"}],"author":[{"embeddable":true,"href":"https:\/\/cdnoticias.com\/index.php\/wp-json\/wp\/v2\/users\/4"}],"replies":[{"embeddable":true,"href":"https:\/\/cdnoticias.com\/index.php\/wp-json\/wp\/v2\/comments?post=21797"}],"version-history":[{"count":0,"href":"https:\/\/cdnoticias.com\/index.php\/wp-json\/wp\/v2\/posts\/21797\/revisions"}],"wp:featuredmedia":[{"embeddable":true,"href":"https:\/\/cdnoticias.com\/index.php\/wp-json\/wp\/v2\/media\/21801"}],"wp:attachment":[{"href":"https:\/\/cdnoticias.com\/index.php\/wp-json\/wp\/v2\/media?parent=21797"}],"wp:term":[{"taxonomy":"category","embeddable":true,"href":"https:\/\/cdnoticias.com\/index.php\/wp-json\/wp\/v2\/categories?post=21797"},{"taxonomy":"post_tag","embeddable":true,"href":"https:\/\/cdnoticias.com\/index.php\/wp-json\/wp\/v2\/tags?post=21797"}],"curies":[{"name":"wp","href":"https:\/\/api.w.org\/{rel}","templated":true}]}}