{"id":21787,"date":"2021-05-18T11:28:48","date_gmt":"2021-05-18T14:28:48","guid":{"rendered":"http:\/\/www.centraldenoticias.com.ar\/?p=21787"},"modified":"2021-05-18T12:18:44","modified_gmt":"2021-05-18T15:18:44","slug":"suspension-de-exportaciones-de-la-carne-el-campo-anuncio-un-paro","status":"publish","type":"post","link":"https:\/\/cdnoticias.com\/index.php\/2021\/05\/18\/suspension-de-exportaciones-de-la-carne-el-campo-anuncio-un-paro\/","title":{"rendered":"Suspensi\u00f3n de exportaciones de carne: el campo anunci\u00f3 un paro"},"content":{"rendered":"<p>Ser\u00e1 por ocho d\u00edas para protestar por la decisi\u00f3n del presidente Fern\u00e1ndez de no permitir exportaciones de carne al menos por un mes. La decisi\u00f3n fue informada por la Mesa de Enlace.\u00a0<!--more--><\/p>\n<hr \/>\n<p>La <strong>Mesa de Enlace de las organizaciones del campo defini\u00f3 este martes ir a un cese en la comercializaci\u00f3n de todas las categor\u00edas de hacienda durante ocho d\u00edas<\/strong> para protestar por la decisi\u00f3n del Gobierno de cerrar las exportaciones de carne por un mes.<\/p>\n<p>&nbsp;<\/p>\n<p>Del encuentro, en el que se defini\u00f3 la medida de fuerza, participaron los presidentes de las cuatro entidades rurales: Jorge Chemes (CRA), Carlos Iannizzotto (Coninagro), Daniel Pelegrina (Sociedad Rural) y Carlos Achetoni (Federaci\u00f3n Agraria).<\/p>\n<p>&nbsp;<\/p>\n<p>Tras el c\u00f3nclave, las entidades publicaron un comunicado en el que llamaron a un <strong><em>\u201ccese de comercializaci\u00f3n de todas las categor\u00edas de hacienda de todas las categor\u00edas de hacienda vacuna desde las 0 horas del jueves 20 de mayo hasta las 24 horas del viernes 28 de mayo\u201d.<\/em><\/strong><\/p>\n<p>&nbsp;<\/p>\n<p>La decisi\u00f3n del Ejecutivo ya hab\u00eda sido repudiada por los ruralistas. <em>\u201cEstamos totalmente convencidos que al peque\u00f1o y mediano productor, no s\u00f3lo de carne vacuna sino de cualquier tipo de carne, lo va a afectar seriamente, generando grandes deserciones del circuito productivo\u201d<\/em>, consider\u00f3 Achetoni tras el anuncio del Gobierno.<\/p>\n<p>&nbsp;<\/p>\n<p>Pelegrina dijo que<strong><em> \u201ces un error y un paso atr\u00e1s en todo sentido\u201d<\/em><\/strong> que <em>\u201ccausar\u00e1 un da\u00f1o irreparable a un sector productivo que ha demostrado que genera empleo y actividad en todo el territorio nacional\u201d<\/em>. Tambi\u00e9n en tono cr\u00edtico se expresaron Iannizzotto y Chemes.<\/p>\n<p>&nbsp;<\/p>\n<p>La medida del Gobierno <strong>busca contener los precios luego de las fuertes subas que se dieron durante el \u00faltimo a\u00f1o<\/strong>. La misma fue comunicada este lunes por el presidente Alberto Fern\u00e1ndez al Consorcio de Exportadores de Carnes.<\/p>\n<p>&nbsp;<\/p>\n<p>En el marco de las limitaciones,<strong> el Ejecutivo buscar\u00e1 ordenar el funcionamiento del sector para evitar pr\u00e1cticas especulativas y la evasi\u00f3n fiscal.<\/strong><\/p>\n","protected":false},"excerpt":{"rendered":"<p>Ser\u00e1 por ocho d\u00edas para protestar por la decisi\u00f3n del presidente Fern\u00e1ndez de no permitir exportaciones de carne al menos<\/p>\n","protected":false},"author":2,"featured_media":21789,"comment_status":"closed","ping_status":"closed","sticky":false,"template":"","format":"standard","meta":{"_jetpack_memberships_contains_paid_content":false,"footnotes":""},"categories":[6,1],"tags":[],"class_list":["post-21787","post","type-post","status-publish","format-standard","has-post-thumbnail","hentry","category-nacionales","category-portada"],"jetpack_featured_media_url":"https:\/\/i0.wp.com\/cdnoticias.com\/wp-content\/uploads\/2021\/05\/frigorifico-de-carne-vacuna-1123709.jpeg?fit=950%2C534&ssl=1","jetpack_sharing_enabled":true,"_links":{"self":[{"href":"https:\/\/cdnoticias.com\/index.php\/wp-json\/wp\/v2\/posts\/21787","targetHints":{"allow":["GET"]}}],"collection":[{"href":"https:\/\/cdnoticias.com\/index.php\/wp-json\/wp\/v2\/posts"}],"about":[{"href":"https:\/\/cdnoticias.com\/index.php\/wp-json\/wp\/v2\/types\/post"}],"author":[{"embeddable":true,"href":"https:\/\/cdnoticias.com\/index.php\/wp-json\/wp\/v2\/users\/2"}],"replies":[{"embeddable":true,"href":"https:\/\/cdnoticias.com\/index.php\/wp-json\/wp\/v2\/comments?post=21787"}],"version-history":[{"count":0,"href":"https:\/\/cdnoticias.com\/index.php\/wp-json\/wp\/v2\/posts\/21787\/revisions"}],"wp:featuredmedia":[{"embeddable":true,"href":"https:\/\/cdnoticias.com\/index.php\/wp-json\/wp\/v2\/media\/21789"}],"wp:attachment":[{"href":"https:\/\/cdnoticias.com\/index.php\/wp-json\/wp\/v2\/media?parent=21787"}],"wp:term":[{"taxonomy":"category","embeddable":true,"href":"https:\/\/cdnoticias.com\/index.php\/wp-json\/wp\/v2\/categories?post=21787"},{"taxonomy":"post_tag","embeddable":true,"href":"https:\/\/cdnoticias.com\/index.php\/wp-json\/wp\/v2\/tags?post=21787"}],"curies":[{"name":"wp","href":"https:\/\/api.w.org\/{rel}","templated":true}]}}