{"id":21782,"date":"2021-05-18T11:35:19","date_gmt":"2021-05-18T14:35:19","guid":{"rendered":"http:\/\/www.centraldenoticias.com.ar\/?p=21782"},"modified":"2021-05-18T12:26:08","modified_gmt":"2021-05-18T15:26:08","slug":"olavarria-sigue-en-fase-3-mas-distritos-en-las-fases-mas-complicadas","status":"publish","type":"post","link":"https:\/\/cdnoticias.com\/index.php\/2021\/05\/18\/olavarria-sigue-en-fase-3-mas-distritos-en-las-fases-mas-complicadas\/","title":{"rendered":"Olavarr\u00eda sigue en fase 3: m\u00e1s distritos en las fases m\u00e1s complicadas"},"content":{"rendered":"<p>La Provincia present\u00f3 el mapa de fases actualizado. El jefe de Gabinete y el ministro de Salud, Carlos Bianco y Daniel Goll\u00e1n, mostraron preocupaci\u00f3n por la suba casos.<!--more--><\/p>\n<hr \/>\n<p><strong>La conferencia sobre el situaci\u00f3n sanitaria provincial mostr\u00f3 la preocupaci\u00f3n de las autoridades<\/strong>: el ministro de Salud, Daniel Goll\u00e1n, apunt\u00f3 a la <strong>\u201cralentizaci\u00f3n\u201d en la ca\u00edda de casos<\/strong> y adelant\u00f3 que los indicadores de esta semana <strong>apuntan a un nuevo aumento de los contagios<\/strong> detectados de cara a la semana pr\u00f3xima.<\/p>\n<p>&nbsp;<\/p>\n<blockquote><p>El panorama qued\u00f3 ratificado en el mapa de fases: hay m\u00e1s distritos en las fases de medidas m\u00e1s restrictivas. En ese marco, Olavarr\u00eda sigue en fase 3 y en nuestra regi\u00f3n Laprida pas\u00f3 a la misma fase.<\/p><\/blockquote>\n<p>&nbsp;<\/p>\n<p>Sobre el tema habl\u00f3<strong> el jefe de Gabinete Carlos Bianco<\/strong> quien se\u00f1al\u00f3 que la \u201cactualizaci\u00f3n de medio t\u00e9rmino\u201d, en referencia a los anuncios del s\u00e1bado para pasar m\u00e1s distritos a fase 2, se dio ante <strong>\u201cla gravedad de la situaci\u00f3n detectada y que nos comentaban intendentes del interior\u201d<\/strong>.<\/p>\n<p>&nbsp;<\/p>\n<p>&nbsp;<\/p>\n<p>&nbsp;<\/p>\n<blockquote><p>Actualmente, el mapa muestra 59 distritos en fase 2 (la semana anterior eran 52), 66 municipios en fase 3 (la semana anterior eran 60) y 10 municipios en fase 4 (la semana previa eran 23). En fase 5, nuevamente, no hay distritos.<\/p><\/blockquote>\n<p><img data-recalc-dims=\"1\" loading=\"lazy\" decoding=\"async\" class=\"alignnone size-full wp-image-21794\" src=\"https:\/\/i0.wp.com\/cdnoticias.com\/wp-content\/uploads\/2021\/05\/conferencia-gollan-bianco03.jpg?resize=800%2C445&#038;ssl=1\" alt=\"\" width=\"800\" height=\"445\" srcset=\"https:\/\/i0.wp.com\/cdnoticias.com\/wp-content\/uploads\/2021\/05\/conferencia-gollan-bianco03.jpg?w=800&amp;ssl=1 800w, https:\/\/i0.wp.com\/cdnoticias.com\/wp-content\/uploads\/2021\/05\/conferencia-gollan-bianco03.jpg?resize=300%2C167&amp;ssl=1 300w, https:\/\/i0.wp.com\/cdnoticias.com\/wp-content\/uploads\/2021\/05\/conferencia-gollan-bianco03.jpg?resize=768%2C427&amp;ssl=1 768w\" sizes=\"auto, (max-width: 800px) 100vw, 800px\" \/><\/p>\n<p>Bianco detall\u00f3 que \u201c<strong>hay cinco distritos m\u00e1s en fase 2<\/strong>: Alsina, Alberti, Coronel Su\u00e1rez, Pergamino y San Pedro\u201d.\u00a0<a href=\"https:\/\/cdnoticias.com\/index.php\/2021\/05\/14\/bolivar-mas-restricciones-por-alta-ocupacion-hospitalaria-y-el-intendente-aislado\/\" target=\"_blank\" rel=\"noopener\">Se mantiene all\u00ed Bol\u00edvar<\/a>.<\/p>\n<p>&nbsp;<\/p>\n<p>S\u00f3lo Bah\u00eda Blanca sali\u00f3 de fase 2 para pasar a fase 3 ante la mejora de sus indicadores. \u201cNo quita que monitoreamos minuto a minuto la situaci\u00f3n\u201d dijo el jefe de Gabinete.<\/p>\n<p>&nbsp;<\/p>\n<p>&nbsp;<\/p>\n<p><strong>De los 66 municipios que est\u00e1n en fase 3, 14 de ellos estaban la semana previa en la fase m\u00e1s permisiva, entre ellos Laprida<\/strong>.<\/p>\n<p><img data-recalc-dims=\"1\" loading=\"lazy\" decoding=\"async\" class=\"alignnone size-full wp-image-21795\" src=\"https:\/\/i0.wp.com\/cdnoticias.com\/wp-content\/uploads\/2021\/05\/conferencia-gollan-bianco06.jpg?resize=800%2C445&#038;ssl=1\" alt=\"\" width=\"800\" height=\"445\" srcset=\"https:\/\/i0.wp.com\/cdnoticias.com\/wp-content\/uploads\/2021\/05\/conferencia-gollan-bianco06.jpg?w=800&amp;ssl=1 800w, https:\/\/i0.wp.com\/cdnoticias.com\/wp-content\/uploads\/2021\/05\/conferencia-gollan-bianco06.jpg?resize=300%2C167&amp;ssl=1 300w, https:\/\/i0.wp.com\/cdnoticias.com\/wp-content\/uploads\/2021\/05\/conferencia-gollan-bianco06.jpg?resize=768%2C427&amp;ssl=1 768w\" sizes=\"auto, (max-width: 800px) 100vw, 800px\" \/><\/p>\n<p>Por \u00faltimo, s\u00f3lo un distrito, <strong>San Cayetano, pas\u00f3 de fase 3 a la fase 4<\/strong> ante la mejora de sus indicadores sanitarios.<\/p>\n<p>&nbsp;<\/p>\n<p>En el cierre de su intervenci\u00f3n Bianco adelant\u00f3 que<strong> este martes la Provincia mantendr\u00e1 una reuni\u00f3n con autoridades nacionales y de la Capital<\/strong> ya que el 21 de mayo terminar\u00e1 esta etapa del aislamiento y deber\u00e1n disponerse nuevas medidas.<\/p>\n<p>&nbsp;<\/p>\n","protected":false},"excerpt":{"rendered":"<p>La Provincia present\u00f3 el mapa de fases actualizado. El jefe de Gabinete y el ministro de Salud, Carlos Bianco y<\/p>\n","protected":false},"author":4,"featured_media":21784,"comment_status":"closed","ping_status":"closed","sticky":false,"template":"","format":"standard","meta":{"_jetpack_memberships_contains_paid_content":false,"footnotes":""},"categories":[16,1],"tags":[],"class_list":["post-21782","post","type-post","status-publish","format-standard","has-post-thumbnail","hentry","category-covid-19","category-portada"],"jetpack_featured_media_url":"https:\/\/i0.wp.com\/cdnoticias.com\/wp-content\/uploads\/2021\/05\/conferencia-gollan-bianco00.jpg?fit=800%2C446&ssl=1","jetpack_sharing_enabled":true,"_links":{"self":[{"href":"https:\/\/cdnoticias.com\/index.php\/wp-json\/wp\/v2\/posts\/21782","targetHints":{"allow":["GET"]}}],"collection":[{"href":"https:\/\/cdnoticias.com\/index.php\/wp-json\/wp\/v2\/posts"}],"about":[{"href":"https:\/\/cdnoticias.com\/index.php\/wp-json\/wp\/v2\/types\/post"}],"author":[{"embeddable":true,"href":"https:\/\/cdnoticias.com\/index.php\/wp-json\/wp\/v2\/users\/4"}],"replies":[{"embeddable":true,"href":"https:\/\/cdnoticias.com\/index.php\/wp-json\/wp\/v2\/comments?post=21782"}],"version-history":[{"count":0,"href":"https:\/\/cdnoticias.com\/index.php\/wp-json\/wp\/v2\/posts\/21782\/revisions"}],"wp:featuredmedia":[{"embeddable":true,"href":"https:\/\/cdnoticias.com\/index.php\/wp-json\/wp\/v2\/media\/21784"}],"wp:attachment":[{"href":"https:\/\/cdnoticias.com\/index.php\/wp-json\/wp\/v2\/media?parent=21782"}],"wp:term":[{"taxonomy":"category","embeddable":true,"href":"https:\/\/cdnoticias.com\/index.php\/wp-json\/wp\/v2\/categories?post=21782"},{"taxonomy":"post_tag","embeddable":true,"href":"https:\/\/cdnoticias.com\/index.php\/wp-json\/wp\/v2\/tags?post=21782"}],"curies":[{"name":"wp","href":"https:\/\/api.w.org\/{rel}","templated":true}]}}