{"id":21779,"date":"2021-05-18T10:57:23","date_gmt":"2021-05-18T13:57:23","guid":{"rendered":"http:\/\/www.centraldenoticias.com.ar\/?p=21779"},"modified":"2021-05-18T13:18:58","modified_gmt":"2021-05-18T16:18:58","slug":"se-conocieron-mas-detalles-del-violento-caso-del-parque-sur","status":"publish","type":"post","link":"https:\/\/cdnoticias.com\/index.php\/2021\/05\/18\/se-conocieron-mas-detalles-del-violento-caso-del-parque-sur\/","title":{"rendered":"Se conocieron m\u00e1s detalles del violento caso del Parque Sur"},"content":{"rendered":"<p>Fuentes policiales expusieron que la causa penal se investiga como \u201crobo agravado y lesiones\u201d. Interviene personal de la comisar\u00eda Primera y la UFI N.\u00ba 4.<!--more--><\/p>\n<hr \/>\n<p>Se dieron a conocer m\u00e1s detalles del avance de las averiguaciones por el <a href=\"https:\/\/cdnoticias.com\/index.php\/2021\/05\/18\/denuncio-un-violento-hecho-en-el-parque-sur-me-ataco-un-tipo-con-un-martillo\/\" target=\"_blank\" rel=\"noopener\">violento caso del Parque Sur<\/a> que dio a conocer <strong>Central de Noticias<\/strong> en la ma\u00f1ana de este martes tras la <strong>exposici\u00f3n p\u00fablica que present\u00f3 la v\u00edctima<\/strong>.<\/p>\n<p>&nbsp;<\/p>\n<p>Fuentes policiales dejaron saber que <strong>la causa penal se investiga como \u201crobo agravado y lesiones\u201d<\/strong> con intervenci\u00f3n de la UFI N.\u00ba 4 a cargo de la fiscal Paula Serrano.<\/p>\n<p>&nbsp;<\/p>\n<p>Se pudo saber que en la madrugada del lunes, tras <strong>un llamado al 911<\/strong>, personal del CPO lleg\u00f3 a Parque Sur donde <em>una mujer de 27 a\u00f1os manifest\u00f3 que instantes antes, mientras andaba en bicicleta por el sector, hab\u00eda sido atacada<\/em>.<\/p>\n<p>&nbsp;<\/p>\n<blockquote><p>En la comunicaci\u00f3n que se dio a conocer se detall\u00f3 que en la denuncia se expuso que el atacante era un hombre, con el &#8220;rostro cubierto&#8221;, que la golpe\u00f3 con &#8220;un martillo&#8221; y le sustrajo dos tel\u00e9fonos celulares para luego darse a la fuga.<\/p><\/blockquote>\n<p>Se detall\u00f3 que posteriormente <strong>el personal policial hall\u00f3 uno de los tel\u00e9fonos celulares en cercan\u00edas del lugar del hecho<\/strong> y que, para esta instancia, contaron con \u201ccolaboraci\u00f3n de familiares de la v\u00edctima\u201d. Fue recogido y sumado como elemento probatorio.<\/p>\n<p>&nbsp;<\/p>\n<p><strong>Personal policial de la Comisar\u00eda Primera est\u00e1 abocado a la investigaci\u00f3n<\/strong> que conduce la UFI N.\u00ba 4 local.<\/p>\n","protected":false},"excerpt":{"rendered":"<p>Fuentes policiales expusieron que la causa penal se investiga como \u201crobo agravado y lesiones\u201d. Interviene personal de la comisar\u00eda Primera<\/p>\n","protected":false},"author":4,"featured_media":21780,"comment_status":"closed","ping_status":"closed","sticky":false,"template":"","format":"standard","meta":{"_jetpack_memberships_contains_paid_content":false,"footnotes":""},"categories":[14,1],"tags":[],"class_list":["post-21779","post","type-post","status-publish","format-standard","has-post-thumbnail","hentry","category-policiales","category-portada"],"jetpack_featured_media_url":"https:\/\/i0.wp.com\/cdnoticias.com\/wp-content\/uploads\/2021\/05\/parque-sur.jpg?fit=800%2C446&ssl=1","jetpack_sharing_enabled":true,"_links":{"self":[{"href":"https:\/\/cdnoticias.com\/index.php\/wp-json\/wp\/v2\/posts\/21779","targetHints":{"allow":["GET"]}}],"collection":[{"href":"https:\/\/cdnoticias.com\/index.php\/wp-json\/wp\/v2\/posts"}],"about":[{"href":"https:\/\/cdnoticias.com\/index.php\/wp-json\/wp\/v2\/types\/post"}],"author":[{"embeddable":true,"href":"https:\/\/cdnoticias.com\/index.php\/wp-json\/wp\/v2\/users\/4"}],"replies":[{"embeddable":true,"href":"https:\/\/cdnoticias.com\/index.php\/wp-json\/wp\/v2\/comments?post=21779"}],"version-history":[{"count":0,"href":"https:\/\/cdnoticias.com\/index.php\/wp-json\/wp\/v2\/posts\/21779\/revisions"}],"wp:featuredmedia":[{"embeddable":true,"href":"https:\/\/cdnoticias.com\/index.php\/wp-json\/wp\/v2\/media\/21780"}],"wp:attachment":[{"href":"https:\/\/cdnoticias.com\/index.php\/wp-json\/wp\/v2\/media?parent=21779"}],"wp:term":[{"taxonomy":"category","embeddable":true,"href":"https:\/\/cdnoticias.com\/index.php\/wp-json\/wp\/v2\/categories?post=21779"},{"taxonomy":"post_tag","embeddable":true,"href":"https:\/\/cdnoticias.com\/index.php\/wp-json\/wp\/v2\/tags?post=21779"}],"curies":[{"name":"wp","href":"https:\/\/api.w.org\/{rel}","templated":true}]}}