{"id":21772,"date":"2021-05-18T09:19:03","date_gmt":"2021-05-18T12:19:03","guid":{"rendered":"http:\/\/www.centraldenoticias.com.ar\/?p=21772"},"modified":"2021-05-18T10:57:57","modified_gmt":"2021-05-18T13:57:57","slug":"denuncio-un-violento-hecho-en-el-parque-sur-me-ataco-un-tipo-con-un-martillo","status":"publish","type":"post","link":"https:\/\/cdnoticias.com\/index.php\/2021\/05\/18\/denuncio-un-violento-hecho-en-el-parque-sur-me-ataco-un-tipo-con-un-martillo\/","title":{"rendered":"Denunci\u00f3 un violento hecho en el Parque Sur: \u201cme atac\u00f3 un tipo con un martillo\u201d"},"content":{"rendered":"<p>Una joven expuso el caso del que fue v\u00edctima y r\u00e1pidamente se viraliz\u00f3. Hay una denuncia por \u201crobo\u201d y la causa ya presenta avances.<!--more--><\/p>\n<hr \/>\n<p><strong>Una joven expuso en redes sociales que fue v\u00edctima de un violento episodio en el Parque Sur el domingo alrededor de las 20.30<\/strong>.<\/p>\n<p>&nbsp;<\/p>\n<blockquote><p>\u201cMe atac\u00f3 un tipo con un martillo a menos de 100 metros de la avenida Avellaneda\u201d cont\u00f3 la v\u00edctima en redes sociales. La publicaci\u00f3n se viraliz\u00f3 en las \u00faltimas horas.<\/p><\/blockquote>\n<p>&nbsp;<\/p>\n<p>La joven indic\u00f3 que <strong>el atacante la golpe\u00f3 y la ahorc\u00f3<\/strong>, incluso mostr\u00f3 las lesiones sufridas que, aclar\u00f3, no fueron graves. <strong>\u201cLo cuento porque pude escaparme\u201d<\/strong> destac\u00f3.<\/p>\n<p>&nbsp;<\/p>\n<p>La joven estim\u00f3 que el atacante <strong>\u201cno ten\u00eda intenci\u00f3n de robarme, sino de violarme y seguro matarme\u201d<\/strong>.<\/p>\n<p>&nbsp;<\/p>\n<blockquote><p>Sobre el tema, <strong>Central de Noticias<\/strong> consult\u00f3 con fuentes de seguridad que dieron cuenta de que el hecho fue formalmente denunciado en las primeras horas del lunes y consta en la denuncia el ataque con \u201cun martillo\u201d. No obstante, se inform\u00f3 que la investigaci\u00f3n es por un \u201crobo\u201d de dos celulares.<\/p><\/blockquote>\n<p>&nbsp;<\/p>\n<p>Se adelant\u00f3 que <strong>la intencionalidad del ataque no fue expuesta<\/strong> y que, entre los avances de las averiguaciones, <strong>ya fue recuperado uno de los celulares<\/strong>.<\/p>\n","protected":false},"excerpt":{"rendered":"<p>Una joven expuso el caso del que fue v\u00edctima y r\u00e1pidamente se viraliz\u00f3. Hay una denuncia por \u201crobo\u201d y la<\/p>\n","protected":false},"author":4,"featured_media":21773,"comment_status":"closed","ping_status":"closed","sticky":false,"template":"","format":"standard","meta":{"_jetpack_memberships_contains_paid_content":false,"footnotes":""},"categories":[14,1],"tags":[],"class_list":["post-21772","post","type-post","status-publish","format-standard","has-post-thumbnail","hentry","category-policiales","category-portada"],"jetpack_featured_media_url":"https:\/\/i0.wp.com\/cdnoticias.com\/wp-content\/uploads\/2021\/05\/denuncia-parque-sur00.jpg?fit=849%2C472&ssl=1","jetpack_sharing_enabled":true,"_links":{"self":[{"href":"https:\/\/cdnoticias.com\/index.php\/wp-json\/wp\/v2\/posts\/21772","targetHints":{"allow":["GET"]}}],"collection":[{"href":"https:\/\/cdnoticias.com\/index.php\/wp-json\/wp\/v2\/posts"}],"about":[{"href":"https:\/\/cdnoticias.com\/index.php\/wp-json\/wp\/v2\/types\/post"}],"author":[{"embeddable":true,"href":"https:\/\/cdnoticias.com\/index.php\/wp-json\/wp\/v2\/users\/4"}],"replies":[{"embeddable":true,"href":"https:\/\/cdnoticias.com\/index.php\/wp-json\/wp\/v2\/comments?post=21772"}],"version-history":[{"count":0,"href":"https:\/\/cdnoticias.com\/index.php\/wp-json\/wp\/v2\/posts\/21772\/revisions"}],"wp:featuredmedia":[{"embeddable":true,"href":"https:\/\/cdnoticias.com\/index.php\/wp-json\/wp\/v2\/media\/21773"}],"wp:attachment":[{"href":"https:\/\/cdnoticias.com\/index.php\/wp-json\/wp\/v2\/media?parent=21772"}],"wp:term":[{"taxonomy":"category","embeddable":true,"href":"https:\/\/cdnoticias.com\/index.php\/wp-json\/wp\/v2\/categories?post=21772"},{"taxonomy":"post_tag","embeddable":true,"href":"https:\/\/cdnoticias.com\/index.php\/wp-json\/wp\/v2\/tags?post=21772"}],"curies":[{"name":"wp","href":"https:\/\/api.w.org\/{rel}","templated":true}]}}