{"id":21768,"date":"2021-05-18T08:41:10","date_gmt":"2021-05-18T11:41:10","guid":{"rendered":"http:\/\/www.centraldenoticias.com.ar\/?p=21768"},"modified":"2021-05-18T09:21:50","modified_gmt":"2021-05-18T12:21:50","slug":"se-creara-una-zona-de-reserva-natural-en-cerro-largo","status":"publish","type":"post","link":"https:\/\/cdnoticias.com\/index.php\/2021\/05\/18\/se-creara-una-zona-de-reserva-natural-en-cerro-largo\/","title":{"rendered":"Se crear\u00e1 una zona de reserva natural en Cerro Largo"},"content":{"rendered":"<p>Aguilera confirm\u00f3 que inici\u00f3 las gestiones con Iv\u00e1n Durigon, presidente de Fabricaciones Militares, organismo propietario del predio.<!--more--><\/p>\n<hr \/>\n<p><strong>El subsecretario de Miner\u00eda Bonaerense, Federico Aguilera, dio a conocer que se crear\u00e1 una zona de reserva natural en Cerro Largo de Sierras Bayas<\/strong>. El tema se hab\u00eda planteado como inquietud y pedido desde esa localidad.<\/p>\n<p>&nbsp;<\/p>\n<p>Para concretar esta creaci\u00f3n, <strong>el funcionario de Olavarr\u00eda mantuvo una serie de reuniones con Iv\u00e1n Durigon, presidente de Fabricaciones Militares<\/strong>, \u00e1rea que depende del Ministerio de Defensa de la Naci\u00f3n a quien corresponde el predio.<\/p>\n<p>&nbsp;<\/p>\n<blockquote><p>Seg\u00fan se detall\u00f3, Aguilera y Durigon acordaron trabajar en conjunto para la creaci\u00f3n de una &#8220;Reserva Natural de la Defensa&#8221; en el Cerro Largo \u201ccon el objetivo de preservar el lugar, su biodiversidad y el patrimonio cultural\u201d, se detall\u00f3.<\/p><\/blockquote>\n<p>&nbsp;<\/p>\n<p><img data-recalc-dims=\"1\" loading=\"lazy\" decoding=\"async\" class=\"size-full wp-image-21187 aligncenter\" src=\"https:\/\/i0.wp.com\/cdnoticias.com\/wp-content\/uploads\/2021\/05\/cerro-largo-sierras-bayas.jpg?resize=800%2C450&#038;ssl=1\" alt=\"\" width=\"800\" height=\"450\" srcset=\"https:\/\/i0.wp.com\/cdnoticias.com\/wp-content\/uploads\/2021\/05\/cerro-largo-sierras-bayas.jpg?w=800&amp;ssl=1 800w, https:\/\/i0.wp.com\/cdnoticias.com\/wp-content\/uploads\/2021\/05\/cerro-largo-sierras-bayas.jpg?resize=300%2C169&amp;ssl=1 300w, https:\/\/i0.wp.com\/cdnoticias.com\/wp-content\/uploads\/2021\/05\/cerro-largo-sierras-bayas.jpg?resize=768%2C432&amp;ssl=1 768w\" sizes=\"auto, (max-width: 800px) 100vw, 800px\" \/><\/p>\n<p>&nbsp;<\/p>\n<p>El Cerro Largo pertenece a Fabricaciones Militares dependiente del Ministerio de Defensa de la Naci\u00f3n. \u201cUna vez creada la Reserva Natural de la Defensa<strong> se conformar\u00e1 un Comit\u00e9 Local con participaci\u00f3n del personal de la Administraci\u00f3n de Parques Nacionales y la Fuerza Armada correspondiente<\/strong>\u201d se adelant\u00f3 sobre el procedimiento.<\/p>\n<p>&nbsp;<\/p>\n<p>Se inform\u00f3 que en el mismo sentido el s\u00e1bado <strong>Federico Aguilera mantuvo un encuentro con los vecinos de Sierras Bayas<\/strong> <em>\u201cpara informarles la propuesta de la posibilidad de crear una Reserva y la conformaci\u00f3n de una comisi\u00f3n vecinal de seguimiento\u201d<\/em>.<\/p>\n<p>&nbsp;<\/p>\n<p>Es que <strong>el pedido de conservaci\u00f3n del \u00e1rea ya hab\u00eda sido expuesto por los vecinos desde hace varios a\u00f1os<\/strong> y <a href=\"https:\/\/cdnoticias.com\/index.php\/2021\/04\/25\/vecinos-de-sierras-bayas-volvieron-a-pedir-por-la-no-explotacion-del-cerro-largo\/\">volvi\u00f3 a tomar fuerza en los \u00faltimos meses<\/a>, con el pedido de creaci\u00f3n de un \u201c\u00e1rea protegida\u201d que se lanz\u00f3 <a href=\"https:\/\/cdnoticias.com\/index.php\/2021\/05\/11\/una-peticion-para-declarar-area-protegida-al-cerro-largo\/\" target=\"_blank\" rel=\"noopener\">por diversos medios<\/a>.<\/p>\n","protected":false},"excerpt":{"rendered":"<p>Aguilera confirm\u00f3 que inici\u00f3 las gestiones con Iv\u00e1n Durigon, presidente de Fabricaciones Militares, organismo propietario del predio.<\/p>\n","protected":false},"author":4,"featured_media":21770,"comment_status":"closed","ping_status":"closed","sticky":false,"template":"","format":"standard","meta":{"_jetpack_memberships_contains_paid_content":false,"footnotes":""},"categories":[5,1],"tags":[],"class_list":["post-21768","post","type-post","status-publish","format-standard","has-post-thumbnail","hentry","category-informacion-general","category-portada"],"jetpack_featured_media_url":"https:\/\/i0.wp.com\/cdnoticias.com\/wp-content\/uploads\/2021\/05\/Federico-Aguilera-reunion-cerro-largo1.jpg?fit=800%2C445&ssl=1","jetpack_sharing_enabled":true,"_links":{"self":[{"href":"https:\/\/cdnoticias.com\/index.php\/wp-json\/wp\/v2\/posts\/21768","targetHints":{"allow":["GET"]}}],"collection":[{"href":"https:\/\/cdnoticias.com\/index.php\/wp-json\/wp\/v2\/posts"}],"about":[{"href":"https:\/\/cdnoticias.com\/index.php\/wp-json\/wp\/v2\/types\/post"}],"author":[{"embeddable":true,"href":"https:\/\/cdnoticias.com\/index.php\/wp-json\/wp\/v2\/users\/4"}],"replies":[{"embeddable":true,"href":"https:\/\/cdnoticias.com\/index.php\/wp-json\/wp\/v2\/comments?post=21768"}],"version-history":[{"count":0,"href":"https:\/\/cdnoticias.com\/index.php\/wp-json\/wp\/v2\/posts\/21768\/revisions"}],"wp:featuredmedia":[{"embeddable":true,"href":"https:\/\/cdnoticias.com\/index.php\/wp-json\/wp\/v2\/media\/21770"}],"wp:attachment":[{"href":"https:\/\/cdnoticias.com\/index.php\/wp-json\/wp\/v2\/media?parent=21768"}],"wp:term":[{"taxonomy":"category","embeddable":true,"href":"https:\/\/cdnoticias.com\/index.php\/wp-json\/wp\/v2\/categories?post=21768"},{"taxonomy":"post_tag","embeddable":true,"href":"https:\/\/cdnoticias.com\/index.php\/wp-json\/wp\/v2\/tags?post=21768"}],"curies":[{"name":"wp","href":"https:\/\/api.w.org\/{rel}","templated":true}]}}