{"id":21766,"date":"2021-05-18T08:11:24","date_gmt":"2021-05-18T11:11:24","guid":{"rendered":"http:\/\/www.centraldenoticias.com.ar\/?p=21766"},"modified":"2021-05-18T08:11:24","modified_gmt":"2021-05-18T11:11:24","slug":"hilario-cobos-q-e-p-d","status":"publish","type":"post","link":"https:\/\/cdnoticias.com\/index.php\/2021\/05\/18\/hilario-cobos-q-e-p-d\/","title":{"rendered":"Hilario Cobos (Q.E.P.D.)"},"content":{"rendered":"<p>Falleci\u00f3 en Olavarr\u00eda el d\u00eda 17 de Mayo de 2021 a los\u00a0 90\u00a0 a\u00f1os de edad.<\/p>\n<p>Su esposa Haydee Villacorta; sus hijos; sus nietos; sus bisnietos y dem\u00e1s\u00a0deudos participan su fallecimiento.<\/p>\n<p>Sin velatorio. Sin responso.\u00a0Inhumaci\u00f3n: Cementerio Loma de Paz, martes a las\u00a08:30.\u00a0Servicio adherido a Coopelectric.<\/p>\n<p>Barrio en el que viv\u00eda: Provincial.<\/p>\n<p>Lugar de nacimiento: Urdampilleta.<\/p>\n<p>Actividad que desarrollaba: Jubilado.<span style=\"color: #888888;\"><br \/>\n<\/span><\/p>\n","protected":false},"excerpt":{"rendered":"<p>Falleci\u00f3 en Olavarr\u00eda el d\u00eda 17 de Mayo de 2021 a los\u00a0 90\u00a0 a\u00f1os de edad. Su esposa Haydee Villacorta;<\/p>\n","protected":false},"author":4,"featured_media":0,"comment_status":"closed","ping_status":"closed","sticky":false,"template":"","format":"standard","meta":{"_jetpack_memberships_contains_paid_content":false,"footnotes":""},"categories":[10],"tags":[],"class_list":["post-21766","post","type-post","status-publish","format-standard","hentry","category-necrologicas"],"jetpack_featured_media_url":"","jetpack_sharing_enabled":true,"_links":{"self":[{"href":"https:\/\/cdnoticias.com\/index.php\/wp-json\/wp\/v2\/posts\/21766","targetHints":{"allow":["GET"]}}],"collection":[{"href":"https:\/\/cdnoticias.com\/index.php\/wp-json\/wp\/v2\/posts"}],"about":[{"href":"https:\/\/cdnoticias.com\/index.php\/wp-json\/wp\/v2\/types\/post"}],"author":[{"embeddable":true,"href":"https:\/\/cdnoticias.com\/index.php\/wp-json\/wp\/v2\/users\/4"}],"replies":[{"embeddable":true,"href":"https:\/\/cdnoticias.com\/index.php\/wp-json\/wp\/v2\/comments?post=21766"}],"version-history":[{"count":0,"href":"https:\/\/cdnoticias.com\/index.php\/wp-json\/wp\/v2\/posts\/21766\/revisions"}],"wp:attachment":[{"href":"https:\/\/cdnoticias.com\/index.php\/wp-json\/wp\/v2\/media?parent=21766"}],"wp:term":[{"taxonomy":"category","embeddable":true,"href":"https:\/\/cdnoticias.com\/index.php\/wp-json\/wp\/v2\/categories?post=21766"},{"taxonomy":"post_tag","embeddable":true,"href":"https:\/\/cdnoticias.com\/index.php\/wp-json\/wp\/v2\/tags?post=21766"}],"curies":[{"name":"wp","href":"https:\/\/api.w.org\/{rel}","templated":true}]}}