{"id":21757,"date":"2021-05-17T21:33:46","date_gmt":"2021-05-18T00:33:46","guid":{"rendered":"http:\/\/www.centraldenoticias.com.ar\/?p=21757"},"modified":"2021-05-17T21:33:46","modified_gmt":"2021-05-18T00:33:46","slug":"victorio-eduardo-zanazzi-poroto-q-e-p-d","status":"publish","type":"post","link":"https:\/\/cdnoticias.com\/index.php\/2021\/05\/17\/victorio-eduardo-zanazzi-poroto-q-e-p-d\/","title":{"rendered":"Victorio Eduardo Zanazzi  &#8220;Poroto&#8221;  (Q.E.P.D.)"},"content":{"rendered":"<p>Falleci\u00f3 en Olavarr\u00eda el d\u00eda 17 de Mayo de 2021 a los 79 a\u00f1os de edad.<\/p>\n<p>&nbsp;<\/p>\n<p>&nbsp;<\/p>\n<p>&nbsp;<\/p>\n<p>VELATORIO: Sala de Espa\u00f1a 2942, Departamento &#8221;B&#8221;. Martes 18\/05 de 8:30 a 10:30 Hs.<\/p>\n<p>&nbsp;<\/p>\n<p>SIN RESPONSO.<\/p>\n<p>&nbsp;<\/p>\n<p>INHUMACI\u00d3N: CEMENTERIO LOMA DE PAZ<\/p>\n<p>&nbsp;<\/p>\n<p>D\u00cdA Y HORA: MARTES 18\/05 A LAS 10:30 HS.<\/p>\n<p>&nbsp;<\/p>\n<p>&nbsp;<\/p>\n<p>&nbsp;<\/p>\n<p>Barrio en el que viv\u00eda: VILLA MAIL\u00cdN<\/p>\n<p>&nbsp;<\/p>\n<p>Lugar de nacimiento: LAMADRID<\/p>\n<p>&nbsp;<\/p>\n<p>Actividad que desarrollaba: JUBILADO<\/p>\n","protected":false},"excerpt":{"rendered":"<p>Falleci\u00f3 en Olavarr\u00eda el d\u00eda 17 de Mayo de 2021 a los 79 a\u00f1os de edad. &nbsp; &nbsp; &nbsp; VELATORIO:<\/p>\n","protected":false},"author":3,"featured_media":0,"comment_status":"closed","ping_status":"closed","sticky":false,"template":"","format":"standard","meta":{"_jetpack_memberships_contains_paid_content":false,"footnotes":""},"categories":[10],"tags":[],"class_list":["post-21757","post","type-post","status-publish","format-standard","hentry","category-necrologicas"],"jetpack_featured_media_url":"","jetpack_sharing_enabled":true,"_links":{"self":[{"href":"https:\/\/cdnoticias.com\/index.php\/wp-json\/wp\/v2\/posts\/21757","targetHints":{"allow":["GET"]}}],"collection":[{"href":"https:\/\/cdnoticias.com\/index.php\/wp-json\/wp\/v2\/posts"}],"about":[{"href":"https:\/\/cdnoticias.com\/index.php\/wp-json\/wp\/v2\/types\/post"}],"author":[{"embeddable":true,"href":"https:\/\/cdnoticias.com\/index.php\/wp-json\/wp\/v2\/users\/3"}],"replies":[{"embeddable":true,"href":"https:\/\/cdnoticias.com\/index.php\/wp-json\/wp\/v2\/comments?post=21757"}],"version-history":[{"count":0,"href":"https:\/\/cdnoticias.com\/index.php\/wp-json\/wp\/v2\/posts\/21757\/revisions"}],"wp:attachment":[{"href":"https:\/\/cdnoticias.com\/index.php\/wp-json\/wp\/v2\/media?parent=21757"}],"wp:term":[{"taxonomy":"category","embeddable":true,"href":"https:\/\/cdnoticias.com\/index.php\/wp-json\/wp\/v2\/categories?post=21757"},{"taxonomy":"post_tag","embeddable":true,"href":"https:\/\/cdnoticias.com\/index.php\/wp-json\/wp\/v2\/tags?post=21757"}],"curies":[{"name":"wp","href":"https:\/\/api.w.org\/{rel}","templated":true}]}}