{"id":21744,"date":"2021-05-17T18:55:07","date_gmt":"2021-05-17T21:55:07","guid":{"rendered":"http:\/\/www.centraldenoticias.com.ar\/?p=21744"},"modified":"2021-05-17T18:55:07","modified_gmt":"2021-05-17T21:55:07","slug":"dia-contra-la-homofobia-sigamos-avanzando-y-conquistando-derechos","status":"publish","type":"post","link":"https:\/\/cdnoticias.com\/index.php\/2021\/05\/17\/dia-contra-la-homofobia-sigamos-avanzando-y-conquistando-derechos\/","title":{"rendered":"D\u00eda contra la homofobia: \u201cSigamos  avanzando y conquistando derechos\u201d"},"content":{"rendered":"<p>Con motivo de la fecha, Victoria Altavista, conocida tambi\u00e9n como Madame L\u00fa, escribi\u00f3 unas sentidas l\u00edneas.<!--more--><\/p>\n<hr \/>\n<p><strong>\u201cTodav\u00eda sue\u00f1o con poder caminar libremente\u201d<\/strong>, exclam\u00f3 en su escrito Victoria Altavista, tambi\u00e9n conocida como Madame L\u00fa. <strong>\u201cQueremos y tenemos derecho a expresarnos libremente, a caminar con libertad\u201d<\/strong>, complet\u00f3 una l\u00edneas despu\u00e9s.<\/p>\n<p>&nbsp;<\/p>\n<p><img data-recalc-dims=\"1\" loading=\"lazy\" decoding=\"async\" class=\"alignnone size-full wp-image-15609\" src=\"https:\/\/i0.wp.com\/cdnoticias.com\/wp-content\/uploads\/2021\/03\/WhatsApp-Image-2021-03-04-at-13.43.42.jpeg?resize=720%2C433&#038;ssl=1\" alt=\"\" width=\"720\" height=\"433\" srcset=\"https:\/\/i0.wp.com\/cdnoticias.com\/wp-content\/uploads\/2021\/03\/WhatsApp-Image-2021-03-04-at-13.43.42.jpeg?w=720&amp;ssl=1 720w, https:\/\/i0.wp.com\/cdnoticias.com\/wp-content\/uploads\/2021\/03\/WhatsApp-Image-2021-03-04-at-13.43.42.jpeg?resize=300%2C180&amp;ssl=1 300w\" sizes=\"auto, (max-width: 720px) 100vw, 720px\" \/><\/p>\n<p>&nbsp;<\/p>\n<p>Este lunes, como cada 17 de mayo, se conmemora el <strong>D\u00eda Internacional contra la Homofobia, la Bifobia y Transfobia<\/strong>. Fue por ello que decidi\u00f3 volcar sus sensaciones a trav\u00e9s de una suerte de carta o comunicado que a continuaci\u00f3n compartimos completo:<\/p>\n<p>&nbsp;<\/p>\n<p>Cuando decido cambiar mi vida&#8230; mostrarme tal cual SOY, sin pensar que\u00a0 pod\u00edan a llegar a decir lxs dem\u00e1s, arranco una nueva historia. Nadie dijo que iba a ser perfecta, incluso hoy no lo es, m\u00e1s all\u00e1 de los cambios que se han dado.<\/p>\n<p>&nbsp;<\/p>\n<p>La discriminaci\u00f3n a\u00fan hoy sigue existiendo y formando parte de una sociedad que quiere hacernos sentir culpables por nuestra elecci\u00f3n de vida. Lo m\u00e1s triste es que nosotras las Disidencias lo vivimos constantemente, y hace que algunas bajemos los brazos y transitemos la vida con esa sensaci\u00f3n de culpabilidad; Otras seguimos avanzando y caminando ante el dolor&#8230; para que a aquellas que est\u00e1n mal podamos ayudarlas y aconsejarlas que en esta vida todo se puede y m\u00e1s! Que los equivocadxs no somos nosotrxs sino ellos que no nos respetan.<\/p>\n<p>&nbsp;<\/p>\n<p><img data-recalc-dims=\"1\" loading=\"lazy\" decoding=\"async\" class=\"alignnone size-large wp-image-17663\" src=\"https:\/\/i0.wp.com\/cdnoticias.com\/wp-content\/uploads\/2021\/03\/WhatsApp-Image-2021-03-31-at-16.17.58.jpeg?resize=800%2C593&#038;ssl=1\" alt=\"\" width=\"800\" height=\"593\" srcset=\"https:\/\/i0.wp.com\/cdnoticias.com\/wp-content\/uploads\/2021\/03\/WhatsApp-Image-2021-03-31-at-16.17.58.jpeg?resize=1024%2C759&amp;ssl=1 1024w, https:\/\/i0.wp.com\/cdnoticias.com\/wp-content\/uploads\/2021\/03\/WhatsApp-Image-2021-03-31-at-16.17.58.jpeg?resize=300%2C222&amp;ssl=1 300w, https:\/\/i0.wp.com\/cdnoticias.com\/wp-content\/uploads\/2021\/03\/WhatsApp-Image-2021-03-31-at-16.17.58.jpeg?resize=768%2C569&amp;ssl=1 768w, https:\/\/i0.wp.com\/cdnoticias.com\/wp-content\/uploads\/2021\/03\/WhatsApp-Image-2021-03-31-at-16.17.58.jpeg?w=1296&amp;ssl=1 1296w\" sizes=\"auto, (max-width: 800px) 100vw, 800px\" \/><\/p>\n<p>&nbsp;<\/p>\n<p>\u00a1Todav\u00eda sue\u00f1o con poder caminar libremente! Sin que nadie me mire de arriba a abajo, donde no exista esa risa burlona, \u00a1donde no nos violenten y nos maten! Donde el miedo no forme parte de mi vida! Repito! Una vida!! Que elegimos para ser Felices como vos qu\u00e9 est\u00e1s leyendo esto! Basta de hacernos da\u00f1o! Basta de tratarnos como enfermos!!. Queremos y tenemos\u00a0 DERECHO a expresarnos\u00a0 libremente, a caminar con LIBERTAD!<\/p>\n<p>&nbsp;<\/p>\n<p>El derecho a poder TRABAJAR a qu\u00e9 se nos RESPETE!\u00a0 Como siempre expreso no es Empat\u00eda es RESPETO! PORQUE NO ESTAMOS AFUERA DE NADA! SOMOS PARTE DE ESTA SOCIEDAD!<\/p>\n<p>&nbsp;<\/p>\n<p><img data-recalc-dims=\"1\" loading=\"lazy\" decoding=\"async\" class=\"alignnone size-full wp-image-17662\" src=\"https:\/\/i0.wp.com\/cdnoticias.com\/wp-content\/uploads\/2021\/03\/WhatsApp-Image-2021-03-31-at-16.17.58-1.jpeg?resize=800%2C818&#038;ssl=1\" alt=\"\" width=\"800\" height=\"818\" srcset=\"https:\/\/i0.wp.com\/cdnoticias.com\/wp-content\/uploads\/2021\/03\/WhatsApp-Image-2021-03-31-at-16.17.58-1.jpeg?w=960&amp;ssl=1 960w, https:\/\/i0.wp.com\/cdnoticias.com\/wp-content\/uploads\/2021\/03\/WhatsApp-Image-2021-03-31-at-16.17.58-1.jpeg?resize=293%2C300&amp;ssl=1 293w, https:\/\/i0.wp.com\/cdnoticias.com\/wp-content\/uploads\/2021\/03\/WhatsApp-Image-2021-03-31-at-16.17.58-1.jpeg?resize=768%2C786&amp;ssl=1 768w\" sizes=\"auto, (max-width: 800px) 100vw, 800px\" \/><\/p>\n<p>&nbsp;<\/p>\n<p>Por eso mismo seguiremos activando, militando y visiliz\u00e1ndonos, porque es ese el legado que nos dejaron lxs dem\u00e1s compa\u00f1erxs! Se lo debemos a compa\u00f1eras que dejaron su VIDA! por todxs nosotrxs y saben porque?&#8230; porque so\u00f1aban con lo mismo! Por un mundo m\u00e1s diverso,donde el Respeto forme parte!<\/p>\n<p>&nbsp;<\/p>\n<p>Esto es por ellxs, por nosotrxs y por los que vendr\u00e1n!<\/p>\n<p>&nbsp;<\/p>\n<p>SIGAMOS AVANZANDO Y SOBRE TODO CONQUISTANDO DERECHOS!<\/p>\n","protected":false},"excerpt":{"rendered":"<p>Con motivo de la fecha, Victoria Altavista, conocida tambi\u00e9n como Madame L\u00fa, escribi\u00f3 unas sentidas l\u00edneas.<\/p>\n","protected":false},"author":4,"featured_media":21745,"comment_status":"closed","ping_status":"closed","sticky":false,"template":"","format":"standard","meta":{"_jetpack_memberships_contains_paid_content":false,"footnotes":""},"categories":[3,1],"tags":[],"class_list":["post-21744","post","type-post","status-publish","format-standard","has-post-thumbnail","hentry","category-genero","category-portada"],"jetpack_featured_media_url":"https:\/\/i0.wp.com\/cdnoticias.com\/wp-content\/uploads\/2021\/05\/WhatsApp-Image-2021-05-17-at-15.40.49-1.jpeg?fit=1280%2C854&ssl=1","jetpack_sharing_enabled":true,"_links":{"self":[{"href":"https:\/\/cdnoticias.com\/index.php\/wp-json\/wp\/v2\/posts\/21744","targetHints":{"allow":["GET"]}}],"collection":[{"href":"https:\/\/cdnoticias.com\/index.php\/wp-json\/wp\/v2\/posts"}],"about":[{"href":"https:\/\/cdnoticias.com\/index.php\/wp-json\/wp\/v2\/types\/post"}],"author":[{"embeddable":true,"href":"https:\/\/cdnoticias.com\/index.php\/wp-json\/wp\/v2\/users\/4"}],"replies":[{"embeddable":true,"href":"https:\/\/cdnoticias.com\/index.php\/wp-json\/wp\/v2\/comments?post=21744"}],"version-history":[{"count":0,"href":"https:\/\/cdnoticias.com\/index.php\/wp-json\/wp\/v2\/posts\/21744\/revisions"}],"wp:featuredmedia":[{"embeddable":true,"href":"https:\/\/cdnoticias.com\/index.php\/wp-json\/wp\/v2\/media\/21745"}],"wp:attachment":[{"href":"https:\/\/cdnoticias.com\/index.php\/wp-json\/wp\/v2\/media?parent=21744"}],"wp:term":[{"taxonomy":"category","embeddable":true,"href":"https:\/\/cdnoticias.com\/index.php\/wp-json\/wp\/v2\/categories?post=21744"},{"taxonomy":"post_tag","embeddable":true,"href":"https:\/\/cdnoticias.com\/index.php\/wp-json\/wp\/v2\/tags?post=21744"}],"curies":[{"name":"wp","href":"https:\/\/api.w.org\/{rel}","templated":true}]}}