{"id":21737,"date":"2021-05-17T19:45:16","date_gmt":"2021-05-17T22:45:16","guid":{"rendered":"http:\/\/www.centraldenoticias.com.ar\/?p=21737"},"modified":"2021-05-17T19:49:07","modified_gmt":"2021-05-17T22:49:07","slug":"fallecieron-dos-mujeres-que-estaban-internadas-con-covid19-en-el-hospital","status":"publish","type":"post","link":"https:\/\/cdnoticias.com\/index.php\/2021\/05\/17\/fallecieron-dos-mujeres-que-estaban-internadas-con-covid19-en-el-hospital\/","title":{"rendered":"Fallecieron dos mujeres que estaban internadas con Covid19 en el Hospital"},"content":{"rendered":"<p>Ten\u00edan 95 y 63 a\u00f1os. Adem\u00e1s, se registraron m\u00e1s de 80 casos positivos, pr\u00e1cticamente el doble de los casos curados.<!--more--><\/p>\n<hr \/>\n<p>En las \u00faltimas 24 horas <strong>fallecieron otros dos pacientes positivos de Coronavirus<\/strong>, seg\u00fan se revel\u00f3 en la tarde de este lunes a partir del informe sanitario emitido desde el municipio. A la par, <strong>aument\u00f3 el n\u00famero de casos activos a partir de la detecci\u00f3n de m\u00e1s de 80 positivos.<\/strong><\/p>\n<p>&nbsp;<\/p>\n<p><img data-recalc-dims=\"1\" loading=\"lazy\" decoding=\"async\" class=\"alignnone size-large wp-image-21740\" src=\"https:\/\/i0.wp.com\/cdnoticias.com\/wp-content\/uploads\/2021\/05\/WhatsApp-Image-2021-05-17-at-18.05.55.jpeg?resize=800%2C800&#038;ssl=1\" alt=\"\" width=\"800\" height=\"800\" srcset=\"https:\/\/i0.wp.com\/cdnoticias.com\/wp-content\/uploads\/2021\/05\/WhatsApp-Image-2021-05-17-at-18.05.55.jpeg?resize=1024%2C1024&amp;ssl=1 1024w, https:\/\/i0.wp.com\/cdnoticias.com\/wp-content\/uploads\/2021\/05\/WhatsApp-Image-2021-05-17-at-18.05.55.jpeg?resize=150%2C150&amp;ssl=1 150w, https:\/\/i0.wp.com\/cdnoticias.com\/wp-content\/uploads\/2021\/05\/WhatsApp-Image-2021-05-17-at-18.05.55.jpeg?resize=300%2C300&amp;ssl=1 300w, https:\/\/i0.wp.com\/cdnoticias.com\/wp-content\/uploads\/2021\/05\/WhatsApp-Image-2021-05-17-at-18.05.55.jpeg?resize=768%2C768&amp;ssl=1 768w, https:\/\/i0.wp.com\/cdnoticias.com\/wp-content\/uploads\/2021\/05\/WhatsApp-Image-2021-05-17-at-18.05.55.jpeg?w=1280&amp;ssl=1 1280w\" sizes=\"auto, (max-width: 800px) 100vw, 800px\" \/><\/p>\n<p>&nbsp;<\/p>\n<p>En cifras, desde la Secretar\u00eda de Salud del Gobierno Municipal se narr\u00f3\u00a0 que <strong>fallecieron dos mujeres que se encontraban internadas en el Hospital Doctor H\u00e9ctor Cura<\/strong>. Se a\u00f1adi\u00f3 que se trat\u00f3 de pacientes de 95 y 63 a\u00f1os respectivamente, con lo que<strong> la cifra de decesos por la pandemia subi\u00f3 a 254.<\/strong><\/p>\n<p>&nbsp;<\/p>\n<p><img data-recalc-dims=\"1\" loading=\"lazy\" decoding=\"async\" class=\"alignnone size-large wp-image-21742\" src=\"https:\/\/i0.wp.com\/cdnoticias.com\/wp-content\/uploads\/2021\/05\/WhatsApp-Image-2021-05-17-at-18.05.56.jpeg?resize=800%2C800&#038;ssl=1\" alt=\"\" width=\"800\" height=\"800\" srcset=\"https:\/\/i0.wp.com\/cdnoticias.com\/wp-content\/uploads\/2021\/05\/WhatsApp-Image-2021-05-17-at-18.05.56.jpeg?resize=1024%2C1024&amp;ssl=1 1024w, https:\/\/i0.wp.com\/cdnoticias.com\/wp-content\/uploads\/2021\/05\/WhatsApp-Image-2021-05-17-at-18.05.56.jpeg?resize=150%2C150&amp;ssl=1 150w, https:\/\/i0.wp.com\/cdnoticias.com\/wp-content\/uploads\/2021\/05\/WhatsApp-Image-2021-05-17-at-18.05.56.jpeg?resize=300%2C300&amp;ssl=1 300w, https:\/\/i0.wp.com\/cdnoticias.com\/wp-content\/uploads\/2021\/05\/WhatsApp-Image-2021-05-17-at-18.05.56.jpeg?resize=768%2C768&amp;ssl=1 768w, https:\/\/i0.wp.com\/cdnoticias.com\/wp-content\/uploads\/2021\/05\/WhatsApp-Image-2021-05-17-at-18.05.56.jpeg?w=1280&amp;ssl=1 1280w\" sizes=\"auto, (max-width: 800px) 100vw, 800px\" \/><\/p>\n<p>&nbsp;<\/p>\n<p>Por otra parte, se expres\u00f3 que, <strong>tras la realizaci\u00f3n de 247 testeos, se detectaron 82 casos positivos<\/strong>, lo que se tradujo no solo en un incremento en los positivos diarios, sino tambi\u00e9n en los casos activos, ya que\u00a0 fueron 46 los olavarrienses dados de alta.<\/p>\n<p>&nbsp;<\/p>\n<p><img data-recalc-dims=\"1\" loading=\"lazy\" decoding=\"async\" class=\"alignnone size-large wp-image-21739\" src=\"https:\/\/i0.wp.com\/cdnoticias.com\/wp-content\/uploads\/2021\/05\/WhatsApp-Image-2021-05-17-at-18.05.54.jpeg?resize=800%2C800&#038;ssl=1\" alt=\"\" width=\"800\" height=\"800\" srcset=\"https:\/\/i0.wp.com\/cdnoticias.com\/wp-content\/uploads\/2021\/05\/WhatsApp-Image-2021-05-17-at-18.05.54.jpeg?resize=1024%2C1024&amp;ssl=1 1024w, https:\/\/i0.wp.com\/cdnoticias.com\/wp-content\/uploads\/2021\/05\/WhatsApp-Image-2021-05-17-at-18.05.54.jpeg?resize=150%2C150&amp;ssl=1 150w, https:\/\/i0.wp.com\/cdnoticias.com\/wp-content\/uploads\/2021\/05\/WhatsApp-Image-2021-05-17-at-18.05.54.jpeg?resize=300%2C300&amp;ssl=1 300w, https:\/\/i0.wp.com\/cdnoticias.com\/wp-content\/uploads\/2021\/05\/WhatsApp-Image-2021-05-17-at-18.05.54.jpeg?resize=768%2C768&amp;ssl=1 768w, https:\/\/i0.wp.com\/cdnoticias.com\/wp-content\/uploads\/2021\/05\/WhatsApp-Image-2021-05-17-at-18.05.54.jpeg?w=1280&amp;ssl=1 1280w\" sizes=\"auto, (max-width: 800px) 100vw, 800px\" \/><\/p>\n<p>&nbsp;<\/p>\n<p>Por estas horas son<strong> 405 las personas que cursan la enfermedad, de las cuales el 88% tiene menos de 60 a\u00f1os.<\/strong><\/p>\n<p>&nbsp;<\/p>\n<p><img data-recalc-dims=\"1\" loading=\"lazy\" decoding=\"async\" class=\"alignnone size-large wp-image-21738\" src=\"https:\/\/i0.wp.com\/cdnoticias.com\/wp-content\/uploads\/2021\/05\/WhatsApp-Image-2021-05-17-at-18.05.53.jpeg?resize=800%2C800&#038;ssl=1\" alt=\"\" width=\"800\" height=\"800\" srcset=\"https:\/\/i0.wp.com\/cdnoticias.com\/wp-content\/uploads\/2021\/05\/WhatsApp-Image-2021-05-17-at-18.05.53.jpeg?resize=1024%2C1024&amp;ssl=1 1024w, https:\/\/i0.wp.com\/cdnoticias.com\/wp-content\/uploads\/2021\/05\/WhatsApp-Image-2021-05-17-at-18.05.53.jpeg?resize=150%2C150&amp;ssl=1 150w, https:\/\/i0.wp.com\/cdnoticias.com\/wp-content\/uploads\/2021\/05\/WhatsApp-Image-2021-05-17-at-18.05.53.jpeg?resize=300%2C300&amp;ssl=1 300w, https:\/\/i0.wp.com\/cdnoticias.com\/wp-content\/uploads\/2021\/05\/WhatsApp-Image-2021-05-17-at-18.05.53.jpeg?resize=768%2C768&amp;ssl=1 768w, https:\/\/i0.wp.com\/cdnoticias.com\/wp-content\/uploads\/2021\/05\/WhatsApp-Image-2021-05-17-at-18.05.53.jpeg?w=1280&amp;ssl=1 1280w\" sizes=\"auto, (max-width: 800px) 100vw, 800px\" \/><\/p>\n<p>&nbsp;<\/p>\n<p>Sobre los testeos positivos de este lunes se precis\u00f3 que <strong>diecis\u00e9is corresponden al Programa RTA que se desarroll\u00f3 en el Paseo de la Salud y dos al RTA Pedi\u00e1trico.<\/strong><\/p>\n<p>&nbsp;<\/p>\n<p><img data-recalc-dims=\"1\" loading=\"lazy\" decoding=\"async\" class=\"alignnone size-large wp-image-21741\" src=\"https:\/\/i0.wp.com\/cdnoticias.com\/wp-content\/uploads\/2021\/05\/WhatsApp-Image-2021-05-17-at-18.05.57.jpeg?resize=800%2C800&#038;ssl=1\" alt=\"\" width=\"800\" height=\"800\" srcset=\"https:\/\/i0.wp.com\/cdnoticias.com\/wp-content\/uploads\/2021\/05\/WhatsApp-Image-2021-05-17-at-18.05.57.jpeg?resize=1024%2C1024&amp;ssl=1 1024w, https:\/\/i0.wp.com\/cdnoticias.com\/wp-content\/uploads\/2021\/05\/WhatsApp-Image-2021-05-17-at-18.05.57.jpeg?resize=150%2C150&amp;ssl=1 150w, https:\/\/i0.wp.com\/cdnoticias.com\/wp-content\/uploads\/2021\/05\/WhatsApp-Image-2021-05-17-at-18.05.57.jpeg?resize=300%2C300&amp;ssl=1 300w, https:\/\/i0.wp.com\/cdnoticias.com\/wp-content\/uploads\/2021\/05\/WhatsApp-Image-2021-05-17-at-18.05.57.jpeg?resize=768%2C767&amp;ssl=1 768w, https:\/\/i0.wp.com\/cdnoticias.com\/wp-content\/uploads\/2021\/05\/WhatsApp-Image-2021-05-17-at-18.05.57.jpeg?w=1280&amp;ssl=1 1280w\" sizes=\"auto, (max-width: 800px) 100vw, 800px\" \/><\/p>\n<p>&nbsp;<\/p>\n<p>Por \u00faltimo, en lo que refiere al estado actual del Hospital, se indic\u00f3 que hay doce pacientes con Covid19 en la Unidad de <strong>Terapia Intensiva, que presenta una ocupaci\u00f3n del 75%, y veintiocho en Cuidados Generales, que est\u00e1 ocupada en un 86%.<\/strong><\/p>\n","protected":false},"excerpt":{"rendered":"<p>Ten\u00edan 95 y 63 a\u00f1os. Adem\u00e1s, se registraron m\u00e1s de 80 casos positivos, pr\u00e1cticamente el doble de los casos curados.<\/p>\n","protected":false},"author":4,"featured_media":21523,"comment_status":"closed","ping_status":"closed","sticky":false,"template":"","format":"standard","meta":{"_jetpack_memberships_contains_paid_content":false,"footnotes":""},"categories":[16,1],"tags":[],"class_list":["post-21737","post","type-post","status-publish","format-standard","has-post-thumbnail","hentry","category-covid-19","category-portada"],"jetpack_featured_media_url":"https:\/\/i0.wp.com\/cdnoticias.com\/wp-content\/uploads\/2021\/05\/hospital-respiradores5.jpg?fit=800%2C445&ssl=1","jetpack_sharing_enabled":true,"_links":{"self":[{"href":"https:\/\/cdnoticias.com\/index.php\/wp-json\/wp\/v2\/posts\/21737","targetHints":{"allow":["GET"]}}],"collection":[{"href":"https:\/\/cdnoticias.com\/index.php\/wp-json\/wp\/v2\/posts"}],"about":[{"href":"https:\/\/cdnoticias.com\/index.php\/wp-json\/wp\/v2\/types\/post"}],"author":[{"embeddable":true,"href":"https:\/\/cdnoticias.com\/index.php\/wp-json\/wp\/v2\/users\/4"}],"replies":[{"embeddable":true,"href":"https:\/\/cdnoticias.com\/index.php\/wp-json\/wp\/v2\/comments?post=21737"}],"version-history":[{"count":0,"href":"https:\/\/cdnoticias.com\/index.php\/wp-json\/wp\/v2\/posts\/21737\/revisions"}],"wp:featuredmedia":[{"embeddable":true,"href":"https:\/\/cdnoticias.com\/index.php\/wp-json\/wp\/v2\/media\/21523"}],"wp:attachment":[{"href":"https:\/\/cdnoticias.com\/index.php\/wp-json\/wp\/v2\/media?parent=21737"}],"wp:term":[{"taxonomy":"category","embeddable":true,"href":"https:\/\/cdnoticias.com\/index.php\/wp-json\/wp\/v2\/categories?post=21737"},{"taxonomy":"post_tag","embeddable":true,"href":"https:\/\/cdnoticias.com\/index.php\/wp-json\/wp\/v2\/tags?post=21737"}],"curies":[{"name":"wp","href":"https:\/\/api.w.org\/{rel}","templated":true}]}}