{"id":21723,"date":"2021-05-17T16:08:35","date_gmt":"2021-05-17T19:08:35","guid":{"rendered":"http:\/\/www.centraldenoticias.com.ar\/?p=21723"},"modified":"2021-05-17T16:08:35","modified_gmt":"2021-05-17T19:08:35","slug":"primeras-jornadas-iberoamericanas-sobre-derecho-del-consumidor","status":"publish","type":"post","link":"https:\/\/cdnoticias.com\/index.php\/2021\/05\/17\/primeras-jornadas-iberoamericanas-sobre-derecho-del-consumidor\/","title":{"rendered":"Primeras Jornadas Iberoamericanas sobre Derecho del Consumidor"},"content":{"rendered":"<p>Son organizadas por el Colegio de Abogados Departamental y se abordar\u00e1 tanto desde la mirada jur\u00eddica argentina como espa\u00f1ola<!--more--><\/p>\n<hr \/>\n<p>Este martes y el pr\u00f3ximo jueves, se llevar\u00e1n a cabo las Primeras Jornadas Iberoamericanas sobre Derecho del Consumidor. La propuesta es organizada por el Colegio de Abogados del Departamento Judicial de Azul, ser\u00e1 por v\u00eda streaming y contar\u00e1 con la participaci\u00f3n de reconocidos especialistas argentinos y espa\u00f1oles.<\/p>\n<p>&nbsp;<\/p>\n<p>\u201cDesde el Colegio de Abogados Departamental, sostenemos que es fundamental brindar capacitaciones y conocimientos sobre cuestiones de la agenda actual, que no s\u00f3lo son de inter\u00e9s para nuestros matriculados y matriculadas, sino para toda la comunidad. El derecho de las y los consumidores \u2013en sus m\u00faltiples dimensiones- posee rango constitucional y su tutela jur\u00eddica parte de una premisa esencial: la desigualdad entre las partes involucradas. Por un lado, el consumidor y, por otro, el mercado, con lo cual ya podemos avizorar el tipo de relaci\u00f3n que configura esta relaci\u00f3n jur\u00eddica. Que nos acompa\u00f1en profesionales de Espa\u00f1a en esta primera edici\u00f3n otorgar\u00e1, seguramente, un enorme activo que sumaremos al debate, tanto m\u00e1s si tenemos en cuenta que el universo del consumo y de los consumidores se ha vuelto m\u00e1s global y es materia de normativas y marcos regulatorios cada vez m\u00e1s transversales desde las soberan\u00edas territoriales\u201d, sostiene Gast\u00f3n Argeri, presidente del Colegio de Abogados Departamental.<\/p>\n<p>&nbsp;<\/p>\n<p><img data-recalc-dims=\"1\" loading=\"lazy\" decoding=\"async\" class=\"alignnone size-large wp-image-775\" src=\"https:\/\/i0.wp.com\/cdnoticias.com\/wp-content\/uploads\/2020\/09\/Dr.-Gast%C3%B3n-Argeri-Pte.-CAA-1024x682.jpeg?resize=800%2C533&#038;ssl=1\" alt=\"\" width=\"800\" height=\"533\" srcset=\"https:\/\/i0.wp.com\/cdnoticias.com\/wp-content\/uploads\/2020\/09\/Dr.-Gast%C3%B3n-Argeri-Pte.-CAA.jpeg?resize=1024%2C682&amp;ssl=1 1024w, https:\/\/i0.wp.com\/cdnoticias.com\/wp-content\/uploads\/2020\/09\/Dr.-Gast%C3%B3n-Argeri-Pte.-CAA.jpeg?resize=300%2C200&amp;ssl=1 300w, https:\/\/i0.wp.com\/cdnoticias.com\/wp-content\/uploads\/2020\/09\/Dr.-Gast%C3%B3n-Argeri-Pte.-CAA.jpeg?resize=768%2C512&amp;ssl=1 768w, https:\/\/i0.wp.com\/cdnoticias.com\/wp-content\/uploads\/2020\/09\/Dr.-Gast%C3%B3n-Argeri-Pte.-CAA.jpeg?resize=272%2C182&amp;ssl=1 272w, https:\/\/i0.wp.com\/cdnoticias.com\/wp-content\/uploads\/2020\/09\/Dr.-Gast%C3%B3n-Argeri-Pte.-CAA.jpeg?w=1280&amp;ssl=1 1280w\" sizes=\"auto, (max-width: 800px) 100vw, 800px\" \/><\/p>\n<p>&nbsp;<\/p>\n<p>Juan Ignacio Cruz Matteri, \u00e1rbitro nacional\u00a0en la Direcci\u00f3n Nacional de Defensa del Consumidor, es el coordinador de esta propuesta que pone a debate una tem\u00e1tica que involucra a diversos actores sociales: \u201cen la actualidad, los consumidores m\u00e1s afectados, al igual que el gran caudal de casos, pertenecen a los sectores m\u00e1s vulnerables de la sociedad: la gente de avanzada edad, los ni\u00f1os, ni\u00f1as y adolescentes, sectores con baja escolarizaci\u00f3n y grupos familiares con bajos ingresos. Dentro de este panorama, el derrotero de los casos es verdaderamente amplio pero podemos enumerar algunos de los m\u00e1s reiterados: planes de ahorro, pr\u00e9stamos, estafas bancarias, compras a distancia (v\u00eda telef\u00f3nica o web), contratos abusivos, falsas ofertas, todas ellas pr\u00e1cticas que no son aceptadas y reputadas por nuestro ordenamiento jur\u00eddico.<\/p>\n<p>&nbsp;<\/p>\n<p><strong>Con el incremento de otros patrones de consumo (sobre todo, a partir de medios digitales y telef\u00f3nicos) \u00bfaparecieron nuevas problem\u00e1ticas o se profundizaron las que ya se registraban?<\/strong><\/p>\n<p>&nbsp;<\/p>\n<p>S\u00ed, lo que enumeramos en el punto anterior ser\u00e1 materia de los paneles dise\u00f1ados para este primer encuentro. El objetivo de estas Jornadas Iberoamericanas tambi\u00e9n es mostrar la experiencia de c\u00f3mo es la din\u00e1mica negocial de las partes en el conflicto: cu\u00e1l es el punto \u00f3ptimo de estas tratativas y cu\u00e1les son los problemas habituales en los que se encuentran consumidores y profesionales del Derecho, en el complejo camino de llegar a un acuerdo. Por esa raz\u00f3n, hemos armado mesas de debate bien plurales, para poder abordar las m\u00faltiples dimensiones de la problem\u00e1tica. En mi caso, lo fundar\u00e9 con la experiencia como abogado litigante y como administrador de justicia siendo Arbitro Nacional.<\/p>\n<p>&nbsp;<\/p>\n<p><strong>C\u00f3mo coordinador de la jornada, \u00bfcu\u00e1les son los principales objetivos que se trazaron a la hora de dise\u00f1ar esta iniciativa?<\/strong><\/p>\n<p>&nbsp;<\/p>\n<p>El objetivo principal es crear jornadas de capacitaci\u00f3n en consumo que tengan continuidad y que, tanto a participantes como disertantes, nos permita crecer profesionalmente como tambi\u00e9n ver el Derecho desde otro sistema normativo similar. \u00bfPor qu\u00e9 desde el Departamento Judicial de Azul? Por la impronta vanguardista del Derecho que ha demostrado tener la instituci\u00f3n que preside Gast\u00f3n Argeri y, adem\u00e1s, Azul es ciudad Cervantina, ya es un puente natural de uni\u00f3n entre Am\u00e9rica del Sur y Espa\u00f1a.<\/p>\n<p>&nbsp;<\/p>\n<p><em><strong>La presencia de profesionales espa\u00f1oles<\/strong><\/em><\/p>\n<p>&nbsp;<\/p>\n<p><strong>\u00bfDe qu\u00e9 modo enriquece el debate la presencia de profesionales espa\u00f1oles, habida cuenta de que tienen una legislaci\u00f3n diferente a la nuestra, en relaci\u00f3n a las pautas que regulan el consumo?<\/strong><\/p>\n<p>&nbsp;<\/p>\n<p>Pedro L\u00f3pez Mas:\u00a0en el sistema continental, el Derecho Civil se rige por unos principios inspiradores comunes, cuyo origen se remonta a lo dispuesto por el Code Civil des fran\u00e7ais del a\u00f1o 1804. A partir de\u00a0\u00e9l se inspiraron, entre otros, el Codice Civile italiano (1865) y el C\u00f3digo Civil espa\u00f1ol de 1889, as\u00ed como el resto de C\u00f3digos que se promulgaron con posterioridad. En concreto, en tanto que la normativa espa\u00f1ola resulta, en unos casos, coincidente con la argentina y, en otros, muy similar, la participaci\u00f3n de acad\u00e9micos y profesionales espa\u00f1oles enriquece el debate ofreciendo interpretaciones jur\u00eddicas distintas de las ya llevadas a cabo en Argentina y tambi\u00e9n permite incidir, en aras de la seguridad jur\u00eddica, sobre cuestiones que podr\u00edan no haber sido reguladas todav\u00eda o, quiz\u00e1s, lo han sido, si bien de manera insuficiente y fragmentada.<\/p>\n<p>&nbsp;<\/p>\n<p><img data-recalc-dims=\"1\" loading=\"lazy\" decoding=\"async\" class=\"alignnone size-large wp-image-777\" src=\"https:\/\/i0.wp.com\/cdnoticias.com\/wp-content\/uploads\/2020\/09\/caa.jpg?resize=800%2C534&#038;ssl=1\" alt=\"\" width=\"800\" height=\"534\" srcset=\"https:\/\/i0.wp.com\/cdnoticias.com\/wp-content\/uploads\/2020\/09\/caa.jpg?resize=1024%2C683&amp;ssl=1 1024w, https:\/\/i0.wp.com\/cdnoticias.com\/wp-content\/uploads\/2020\/09\/caa.jpg?resize=300%2C200&amp;ssl=1 300w, https:\/\/i0.wp.com\/cdnoticias.com\/wp-content\/uploads\/2020\/09\/caa.jpg?resize=768%2C512&amp;ssl=1 768w, https:\/\/i0.wp.com\/cdnoticias.com\/wp-content\/uploads\/2020\/09\/caa.jpg?resize=272%2C182&amp;ssl=1 272w, https:\/\/i0.wp.com\/cdnoticias.com\/wp-content\/uploads\/2020\/09\/caa.jpg?w=1280&amp;ssl=1 1280w\" sizes=\"auto, (max-width: 800px) 100vw, 800px\" \/><\/p>\n<p>&nbsp;<\/p>\n<p>Irene Bruzon Cid:\u00a0cualquier debate se ve enriquecido por la presencia de profesionales de distintas nacionalidades, teniendo en cuenta que trabajan o se han formado en distintos \u00e1mbitos jur\u00eddicos. El intercambio de ideas e informaci\u00f3n puede resultar muy pr\u00f3spero y beneficioso para todos los intervinientes. En este caso, el tema que nos convoca es el consumo, una materia que est\u00e1 completamente globalizada y se ha visto influida por legislaciones tan dispares, como el\u00a0common law\u00a0y el movimiento que empez\u00f3 a tutelarse en la comunidad norteamericana y se ha ido trasladando al resto del mundo. Es necesario nutrirse de ideas que vienen de otra perspectiva, de movimientos o influencias normativas que se han llevado a cabo con soluciones distintas y herramientas jur\u00eddicas diferentes que las del pa\u00eds de origen. Ser\u00e1 un debate muy enriquecedor, no s\u00f3lo porque los profesionales espa\u00f1oles que vamos a participar podremos impregnarnos de la legislaci\u00f3n argentina sino tambi\u00e9n para los argentinos que podr\u00e1n escuchar lo que exponemos en relaci\u00f3n a la tem\u00e1tica.<\/p>\n<p>&nbsp;<\/p>\n<p><em><strong>Programaci\u00f3n completa<\/strong><\/em><\/p>\n<p>&nbsp;<\/p>\n<p><strong>Martes 18<\/strong><\/p>\n<p>Palabras de apertura a cargo del Dr. Gast\u00f3n Argeri, presidente del C.A.A.<\/p>\n<p>&nbsp;<\/p>\n<p>1\u00ba Panel: Perspectivas actuales del Derecho del Consumidor<\/p>\n<p>&nbsp;<\/p>\n<p>Consumidores hipervulnerables, a\u00a0cargo de Sebasti\u00e1n Barocelli, director nacional de Defensa del Consumidor.<\/p>\n<p>&nbsp;<\/p>\n<p>Acci\u00f3n ejecutiva de pagar\u00e9s de consumo, a cargo de Mar\u00eda Bel\u00e9n Japaze\u00a0(Espa\u00f1a)<\/p>\n<p>&nbsp;<\/p>\n<p>Consumo y cr\u00e9dito inmobiliario, a cargo de Irene Bruzon Cid\u00a0(Espa\u00f1a)<\/p>\n<p>&nbsp;<\/p>\n<p><em><strong>Jueves 20 de mayo<\/strong><\/em><\/p>\n<p>&nbsp;<\/p>\n<p>2\u00ba Panel:\u00a0Litigio en materia de consumo<\/p>\n<p>&nbsp;<\/p>\n<p>Lucro cesante en consumo, a cargo de Pedro Jos\u00e9 L\u00f3pez Mas (Espa\u00f1a)<\/p>\n<p>&nbsp;<\/p>\n<p>Da\u00f1o punitivo, a cargo de Jorge Rossi<\/p>\n<p>&nbsp;<\/p>\n<p>Expositor:\u00a0Dr. Jorge Rossi,\u00a0Arbitro del Sistema Nacional de Arbitraje de Consumo (SNAC)<\/p>\n<p>&nbsp;<\/p>\n<p>Estudio de procesos judiciales de consumo, a cargo de\u00a0Juan Ignacio Cruz Matteri,\u00a0Arbitro Nacional en la<\/p>\n<p>&nbsp;<\/p>\n<p>Direcci\u00f3n Nacional de Defensa del Consumidor.<\/p>\n<p>&nbsp;<\/p>\n<p>&nbsp;<\/p>\n","protected":false},"excerpt":{"rendered":"<p>Son organizadas por el Colegio de Abogados Departamental y se abordar\u00e1 tanto desde la mirada jur\u00eddica argentina como espa\u00f1ola<\/p>\n","protected":false},"author":4,"featured_media":21724,"comment_status":"closed","ping_status":"closed","sticky":false,"template":"","format":"standard","meta":{"_jetpack_memberships_contains_paid_content":false,"footnotes":""},"categories":[5],"tags":[],"class_list":["post-21723","post","type-post","status-publish","format-standard","has-post-thumbnail","hentry","category-informacion-general"],"jetpack_featured_media_url":"https:\/\/i0.wp.com\/cdnoticias.com\/wp-content\/uploads\/2021\/05\/colegio-d-abogados.jpg?fit=800%2C445&ssl=1","jetpack_sharing_enabled":true,"_links":{"self":[{"href":"https:\/\/cdnoticias.com\/index.php\/wp-json\/wp\/v2\/posts\/21723","targetHints":{"allow":["GET"]}}],"collection":[{"href":"https:\/\/cdnoticias.com\/index.php\/wp-json\/wp\/v2\/posts"}],"about":[{"href":"https:\/\/cdnoticias.com\/index.php\/wp-json\/wp\/v2\/types\/post"}],"author":[{"embeddable":true,"href":"https:\/\/cdnoticias.com\/index.php\/wp-json\/wp\/v2\/users\/4"}],"replies":[{"embeddable":true,"href":"https:\/\/cdnoticias.com\/index.php\/wp-json\/wp\/v2\/comments?post=21723"}],"version-history":[{"count":0,"href":"https:\/\/cdnoticias.com\/index.php\/wp-json\/wp\/v2\/posts\/21723\/revisions"}],"wp:featuredmedia":[{"embeddable":true,"href":"https:\/\/cdnoticias.com\/index.php\/wp-json\/wp\/v2\/media\/21724"}],"wp:attachment":[{"href":"https:\/\/cdnoticias.com\/index.php\/wp-json\/wp\/v2\/media?parent=21723"}],"wp:term":[{"taxonomy":"category","embeddable":true,"href":"https:\/\/cdnoticias.com\/index.php\/wp-json\/wp\/v2\/categories?post=21723"},{"taxonomy":"post_tag","embeddable":true,"href":"https:\/\/cdnoticias.com\/index.php\/wp-json\/wp\/v2\/tags?post=21723"}],"curies":[{"name":"wp","href":"https:\/\/api.w.org\/{rel}","templated":true}]}}