{"id":21705,"date":"2021-05-17T13:25:46","date_gmt":"2021-05-17T16:25:46","guid":{"rendered":"http:\/\/www.centraldenoticias.com.ar\/?p=21705"},"modified":"2021-05-17T13:25:46","modified_gmt":"2021-05-17T16:25:46","slug":"trabajos-de-conservacion-de-pavimento-en-barrio-lujan","status":"publish","type":"post","link":"https:\/\/cdnoticias.com\/index.php\/2021\/05\/17\/trabajos-de-conservacion-de-pavimento-en-barrio-lujan\/","title":{"rendered":"Trabajos de \u201cconservaci\u00f3n de pavimento\u201d en barrio Luj\u00e1n"},"content":{"rendered":"<p>Es en dos sectores por avenida Urquiza, y se busca conservar el pavimento de hormig\u00f3n. Piden circular con precauci\u00f3n.\u00a0<!--more--><\/p>\n<hr \/>\n<p>En la ma\u00f1ana de este lunes, <strong>el Municipio inform\u00f3 el inicio de trabajos de conservaci\u00f3n de pavimentos de hormig\u00f3n en el barrio Luj\u00e1n.<\/strong><\/p>\n<p>&nbsp;<\/p>\n<p><img data-recalc-dims=\"1\" loading=\"lazy\" decoding=\"async\" class=\"alignnone size-large wp-image-21706\" src=\"https:\/\/i0.wp.com\/cdnoticias.com\/wp-content\/uploads\/2021\/05\/WhatsApp-Image-2021-05-17-at-10.06.00.jpeg?resize=800%2C450&#038;ssl=1\" alt=\"\" width=\"800\" height=\"450\" srcset=\"https:\/\/i0.wp.com\/cdnoticias.com\/wp-content\/uploads\/2021\/05\/WhatsApp-Image-2021-05-17-at-10.06.00.jpeg?resize=1024%2C576&amp;ssl=1 1024w, https:\/\/i0.wp.com\/cdnoticias.com\/wp-content\/uploads\/2021\/05\/WhatsApp-Image-2021-05-17-at-10.06.00.jpeg?resize=300%2C169&amp;ssl=1 300w, https:\/\/i0.wp.com\/cdnoticias.com\/wp-content\/uploads\/2021\/05\/WhatsApp-Image-2021-05-17-at-10.06.00.jpeg?resize=768%2C432&amp;ssl=1 768w, https:\/\/i0.wp.com\/cdnoticias.com\/wp-content\/uploads\/2021\/05\/WhatsApp-Image-2021-05-17-at-10.06.00.jpeg?w=1280&amp;ssl=1 1280w\" sizes=\"auto, (max-width: 800px) 100vw, 800px\" \/><\/p>\n<p>&nbsp;<\/p>\n<blockquote><p>Se precis\u00f3 que es en avenida Urquiza y Sargento Cabral, adem\u00e1s de Urquiza y Dorrego.<\/p><\/blockquote>\n<p>&nbsp;<\/p>\n<p>En este sentido, <strong>pidieron a los automovilistas circular con precauci\u00f3n en la zona<\/strong> y, adem\u00e1s, respetar la se\u00f1al\u00e9ctica correspondiente para evitar accidentes.<\/p>\n","protected":false},"excerpt":{"rendered":"<p>Es en dos sectores por avenida Urquiza, y se busca conservar el pavimento de hormig\u00f3n. Piden circular con precauci\u00f3n.\u00a0<\/p>\n","protected":false},"author":2,"featured_media":21707,"comment_status":"closed","ping_status":"closed","sticky":false,"template":"","format":"standard","meta":{"_jetpack_memberships_contains_paid_content":false,"footnotes":""},"categories":[5,1],"tags":[],"class_list":["post-21705","post","type-post","status-publish","format-standard","has-post-thumbnail","hentry","category-informacion-general","category-portada"],"jetpack_featured_media_url":"https:\/\/i0.wp.com\/cdnoticias.com\/wp-content\/uploads\/2021\/05\/WhatsApp-Image-2021-05-17-at-10.05.58.jpeg?fit=1280%2C720&ssl=1","jetpack_sharing_enabled":true,"_links":{"self":[{"href":"https:\/\/cdnoticias.com\/index.php\/wp-json\/wp\/v2\/posts\/21705","targetHints":{"allow":["GET"]}}],"collection":[{"href":"https:\/\/cdnoticias.com\/index.php\/wp-json\/wp\/v2\/posts"}],"about":[{"href":"https:\/\/cdnoticias.com\/index.php\/wp-json\/wp\/v2\/types\/post"}],"author":[{"embeddable":true,"href":"https:\/\/cdnoticias.com\/index.php\/wp-json\/wp\/v2\/users\/2"}],"replies":[{"embeddable":true,"href":"https:\/\/cdnoticias.com\/index.php\/wp-json\/wp\/v2\/comments?post=21705"}],"version-history":[{"count":0,"href":"https:\/\/cdnoticias.com\/index.php\/wp-json\/wp\/v2\/posts\/21705\/revisions"}],"wp:featuredmedia":[{"embeddable":true,"href":"https:\/\/cdnoticias.com\/index.php\/wp-json\/wp\/v2\/media\/21707"}],"wp:attachment":[{"href":"https:\/\/cdnoticias.com\/index.php\/wp-json\/wp\/v2\/media?parent=21705"}],"wp:term":[{"taxonomy":"category","embeddable":true,"href":"https:\/\/cdnoticias.com\/index.php\/wp-json\/wp\/v2\/categories?post=21705"},{"taxonomy":"post_tag","embeddable":true,"href":"https:\/\/cdnoticias.com\/index.php\/wp-json\/wp\/v2\/tags?post=21705"}],"curies":[{"name":"wp","href":"https:\/\/api.w.org\/{rel}","templated":true}]}}