{"id":2170,"date":"2020-09-22T17:23:42","date_gmt":"2020-09-22T20:23:42","guid":{"rendered":"http:\/\/www.centraldenoticias.com.ar\/?p=2170"},"modified":"2023-10-23T18:39:32","modified_gmt":"2023-10-23T21:39:32","slug":"constanza-caffarelli-el-tiempo-de-las-mujeres-es-politico","status":"publish","type":"post","link":"https:\/\/cdnoticias.com\/index.php\/2020\/09\/22\/constanza-caffarelli-el-tiempo-de-las-mujeres-es-politico\/","title":{"rendered":"Constanza Caffarelli: \u201cEl tiempo de las mujeres es pol\u00edtico\u201d"},"content":{"rendered":"<p>&nbsp;<\/p>\n<p>En di\u00e1logo con Radio Universidad 90.1, la docente e investigadora de la Facultad de Ciencias Sociales habl\u00f3 sobre el contenido de la conferencia que dictar\u00e1 Mar\u00eda Nieves Rico: \u201cHacia ciudades cuidadoras. La interdependencia entre los derechos de las mujeres y el derecho a la ciudad\u201d. Ser\u00e1 el mi\u00e9rcoles 23 a las 18:00 por el canal de Youtube de la FACSO.<!--more--><\/p>\n<hr \/>\n<p>El pr\u00f3ximo mi\u00e9rcoles 23 de septiembre a las 18:00 se realizar\u00e1 la Conferencia<strong> \u201cHacia ciudades cuidadoras. La interdependencia entre los derechos de las mujeres y el derecho a la ciudad\u201d, a cargo de Mar\u00eda Nieves Rico<\/strong>, antrop\u00f3loga social argentina y consultora internacional en pol\u00edticas p\u00fablicas con enfoque de g\u00e9nero y derechos humanos.<\/p>\n<p>&nbsp;<\/p>\n<p>La actividad, coorganizada por la Facultad de Ciencias Sociales de la UNICEN y la REM \u2013 FEM \/ Territorio, Ciudad, Comunidad, ser\u00e1 transmitida en vivo desde el canal de Youtube de la FACSO.<\/p>\n<p>&nbsp;<\/p>\n<p><strong>La Dra. Constanza Caffarelli, docente e investigadora de la Facultad de Ciencias Sociales, dialog\u00f3 con Radio Universidad 90.1 sobre el contenido de la disertaci\u00f3n<\/strong> y c\u00f3mo la pandemia puso en evidencia la sobrecarga que recae sobre las mujeres respecto a la atenci\u00f3n de demandas en el \u00e1mbito de lo dom\u00e9stico.<\/p>\n<p>&nbsp;<\/p>\n<p><iframe id=\"audio_56874189\" style=\"border: 1px solid #EEE; box-sizing: border-box; width: 100%;\" src=\"https:\/\/ar.ivoox.com\/es\/player_ej_56874189_4_1.html?c1=ff6600\" height=\"200\" frameborder=\"0\" scrolling=\"no\" allowfullscreen=\"allowfullscreen\"><\/iframe><\/p>\n<p>&nbsp;<\/p>\n<p><em>\u201cHay una desigualdad en la divisi\u00f3n del trabajo que redescubrimos. Si bien esto no es una cuesti\u00f3n nueva, la pandemia nos vino a llamar la atenci\u00f3n fuertemente sobre esto\u201d<\/em>, se\u00f1al\u00f3 Caffarelli en el programa que conduce Gisele Bricka.<\/p>\n<p>&nbsp;<\/p>\n<p>Consultada sobre la tem\u00e1tica de la conferencia asegur\u00f3 que es interesante <strong>pensar el espacio de las ciudades<\/strong> que <em>\u201centendemos que no es neutro, sino que engendra ciertas desigualdades en el que reconocemos accesos de los recursos, del disfrute del tiempo y el espacio de modo desigual para varones, mujeres y disidencias\u201d.<\/em><\/p>\n<p>&nbsp;<\/p>\n<p>La clave, est\u00e1 en pensar ese espacio <strong><em>\u201cdesde un lugar que permita a las mujeres y a las disidencias, recuperar o fortalecer su autonom\u00eda econ\u00f3mica, pol\u00edtica, f\u00edsica\u201d.<\/em><\/strong><\/p>\n<p>&nbsp;<\/p>\n<p>Caffarelli se\u00f1al\u00f3 respecto a distribuci\u00f3n de <strong>las tareas al interior de los hogares<\/strong> que <em>\u201chay ciertas tareas que recaen de manera preferencial en las mujeres. Esto les quita otras posibilidades de por ejemplo desarrollarse en el mercado del trabajo\u201d.<\/em><\/p>\n<p>&nbsp;<\/p>\n<blockquote><p>Dejemos de pensar que el tiempo de las mujeres es algo que hacemos por amor. El tiempo de las mujeres es pol\u00edtico.<\/p><\/blockquote>\n<p>&nbsp;<\/p>\n<p>&nbsp;<\/p>\n<p><img data-recalc-dims=\"1\" loading=\"lazy\" decoding=\"async\" class=\"alignnone size-full wp-image-2172\" src=\"https:\/\/i0.wp.com\/cdnoticias.com\/wp-content\/uploads\/2020\/09\/remfemint-1.jpg?resize=800%2C800&#038;ssl=1\" alt=\"\" width=\"800\" height=\"800\" srcset=\"https:\/\/i0.wp.com\/cdnoticias.com\/wp-content\/uploads\/2020\/09\/remfemint-1.jpg?w=800&amp;ssl=1 800w, https:\/\/i0.wp.com\/cdnoticias.com\/wp-content\/uploads\/2020\/09\/remfemint-1.jpg?resize=150%2C150&amp;ssl=1 150w, https:\/\/i0.wp.com\/cdnoticias.com\/wp-content\/uploads\/2020\/09\/remfemint-1.jpg?resize=300%2C300&amp;ssl=1 300w, https:\/\/i0.wp.com\/cdnoticias.com\/wp-content\/uploads\/2020\/09\/remfemint-1.jpg?resize=768%2C768&amp;ssl=1 768w\" sizes=\"auto, (max-width: 800px) 100vw, 800px\" \/><\/p>\n<p>&nbsp;<\/p>\n<p>&nbsp;<\/p>\n<p><strong>Sobre la conferencista<\/strong><\/p>\n<p><strong>Mar\u00eda Nieves Rico es antrop\u00f3loga social argentina y consultora internacional en pol\u00edticas p\u00fablicas con enfoque de g\u00e9nero y derechos humanos.<\/strong> Es funcionaria de las Naciones Unidas entre 1992 y 2020, ex Directora de la Divisi\u00f3n de Asuntos de G\u00e9nero de la CEPAL, autora de libros y documentos sobre pol\u00edticas de cuidado, derechos de las mujeres e igualdad de g\u00e9nero.<\/p>\n<p>&nbsp;<\/p>\n<p><strong>REM &#8211; FEM<\/strong><\/p>\n<p>La REM \u2013 FEM \/ Territorio, Ciudad, Comunidad es una Red de Mujeres Feministas con experiencia en distintas disciplinas, interesadas en la acci\u00f3n p\u00fablica, pol\u00edtica y estrat\u00e9gica que trabaja por la transformaci\u00f3n de las ciudades, comunidades y el territorio desde la reflexi\u00f3n feminista, promoviendo la investigaci\u00f3n, el an\u00e1lisis, el debate, la formaci\u00f3n y el cuestionamiento.<\/p>\n<p>&nbsp;<\/p>\n<p>Se busca <strong>abrir espacios a nuevas voces de mujeres en los temas de ciudad, territorio y comunidad<\/strong>, para que a su vez se puedan fortalecer y vincular con otras mujeres en Latinoam\u00e9rica y pa\u00edses de habla hispana, para reflexionar juntas y transformar desde esta comuni\u00f3n.<\/p>\n<p>&nbsp;<\/p>\n<p>Se propone entender y visibilizar otras realidades y reflexiones tomando como punto de partida la experiencia de las mujeres, para <strong>generar pensamiento cr\u00edtico desde el feminismo que cuestiona a partir de ideas y debates disruptivos en la esfera de lo p\u00fablico.<\/strong><\/p>\n<p>&nbsp;<\/p>\n<p>Desde la red se lucha para generar acciones estrat\u00e9gicas que incidan en la transformaci\u00f3n de las ciudades, comunidades y territorio, a fin de comunicar, abrir y difundir el conocimiento generado.<\/p>\n<p>&nbsp;<\/p>\n<p>A partir de la experiencia inicial en M\u00e9xico y con el impulso de sus fundadoras, comenz\u00f3 a desarrollar actividades en Argentina.<\/p>\n<p>&nbsp;<\/p>\n<p><strong>Inscripci\u00f3n y acceso<\/strong><\/p>\n<p>La propuesta requiere inscripci\u00f3n previa a trav\u00e9s del formulario <a href=\"https:\/\/docs.google.com\/forms\/d\/e\/1FAIpQLSfoj_wLr3l2WHAZRu6IuyxK0-UKvpdZe7hBbIQoSdGZmGs5OQ\/viewform?vc=0&amp;c=0&amp;w=1&amp;flr=0\" target=\"_blank\" rel=\"noopener\">disponible aqu\u00ed.<\/a> La conferencia se emitir\u00e1 en vivo a trav\u00e9s del canal de Youtube de la FACSO, por lo que se sugiere suscribirse al canal previamente. A trav\u00e9s de la transmisi\u00f3n en vivo quienes participen tendr\u00e1n la oportunidad de realizar preguntas y\/o intervenciones.<\/p>\n<p>&nbsp;<\/p>\n<p>Adhieren el Consejo Profesional de Arquitectura y Urbanismo; el Colegio de Arquitectos de la provincia de Santa Fe; la Red Argentina de G\u00e9nero, Ciencia y Tecnolog\u00eda; el Programa de Abordaje Integral contra las violencias y discriminaci\u00f3n por razones de g\u00e9nero e identidad sexual \u2013 UNICEN; el \u00c1rea de G\u00e9nero y Sexualidades &#8211; Universidad Nacional de Rosario; la Facultad de Ciencias Econ\u00f3micas &#8211; Universidad Nacional de Rosario; la Universidad de San Isidro; la Universidad de San Isidro; el Laboratorio de Comunicaci\u00f3n y G\u00e9nero &#8211; Facultad de Periodismo y Comunicaci\u00f3n Social &#8211; Universidad Nacional de La Plata; y la Fundaci\u00f3n UOCRA.<\/p>\n","protected":false},"excerpt":{"rendered":"<p>&nbsp; En di\u00e1logo con Radio Universidad 90.1, la docente e investigadora de la Facultad de Ciencias Sociales habl\u00f3 sobre el<\/p>\n","protected":false},"author":5,"featured_media":2171,"comment_status":"closed","ping_status":"closed","sticky":false,"template":"","format":"standard","meta":{"_jetpack_memberships_contains_paid_content":false,"footnotes":""},"categories":[3],"tags":[],"class_list":["post-2170","post","type-post","status-publish","format-standard","has-post-thumbnail","hentry","category-genero"],"jetpack_featured_media_url":"https:\/\/i0.wp.com\/cdnoticias.com\/wp-content\/uploads\/2020\/09\/ConstanzaCaffarelli.jpg?fit=2048%2C1536&ssl=1","jetpack_sharing_enabled":true,"_links":{"self":[{"href":"https:\/\/cdnoticias.com\/index.php\/wp-json\/wp\/v2\/posts\/2170","targetHints":{"allow":["GET"]}}],"collection":[{"href":"https:\/\/cdnoticias.com\/index.php\/wp-json\/wp\/v2\/posts"}],"about":[{"href":"https:\/\/cdnoticias.com\/index.php\/wp-json\/wp\/v2\/types\/post"}],"author":[{"embeddable":true,"href":"https:\/\/cdnoticias.com\/index.php\/wp-json\/wp\/v2\/users\/5"}],"replies":[{"embeddable":true,"href":"https:\/\/cdnoticias.com\/index.php\/wp-json\/wp\/v2\/comments?post=2170"}],"version-history":[{"count":0,"href":"https:\/\/cdnoticias.com\/index.php\/wp-json\/wp\/v2\/posts\/2170\/revisions"}],"wp:featuredmedia":[{"embeddable":true,"href":"https:\/\/cdnoticias.com\/index.php\/wp-json\/wp\/v2\/media\/2171"}],"wp:attachment":[{"href":"https:\/\/cdnoticias.com\/index.php\/wp-json\/wp\/v2\/media?parent=2170"}],"wp:term":[{"taxonomy":"category","embeddable":true,"href":"https:\/\/cdnoticias.com\/index.php\/wp-json\/wp\/v2\/categories?post=2170"},{"taxonomy":"post_tag","embeddable":true,"href":"https:\/\/cdnoticias.com\/index.php\/wp-json\/wp\/v2\/tags?post=2170"}],"curies":[{"name":"wp","href":"https:\/\/api.w.org\/{rel}","templated":true}]}}