{"id":21694,"date":"2021-05-17T09:07:43","date_gmt":"2021-05-17T12:07:43","guid":{"rendered":"http:\/\/www.centraldenoticias.com.ar\/?p=21694"},"modified":"2021-05-17T10:46:31","modified_gmt":"2021-05-17T13:46:31","slug":"los-contagios-de-covid-subieron-274-en-el-interior-bonaerense-en-la-ultima-semana","status":"publish","type":"post","link":"https:\/\/cdnoticias.com\/index.php\/2021\/05\/17\/los-contagios-de-covid-subieron-274-en-el-interior-bonaerense-en-la-ultima-semana\/","title":{"rendered":"Los contagios de Covid subieron 27,4% en el interior bonaerense en la \u00faltima semana"},"content":{"rendered":"<p>\u201cDatos preocupantes\u201d sostuvo el jefe de Gabinete, Carlos Bianco. En la provincia se produjeron 9.221 casos diarios promedio semanal. En el AMBA, cayeron 2,7%.<!--more--><\/p>\n<hr \/>\n<p><strong>Los contagios en el interior de la provincia de Buenos Aires subieron un 27,4% en la \u00faltima semana, mientras que bajaron 2,7% en el AMBA<\/strong>, seg\u00fan la informaci\u00f3n difundida por el <strong>jefe de Gabinete bonaerense, Carlos Bianco<\/strong>, este domingo por la noche.<\/p>\n<p>&nbsp;<\/p>\n<blockquote><p>\u201cCierre de semana con datos preocupantes para nuestra provincia\u201d, escribi\u00f3 el jefe de ministros de Axel Kicillof en su cuenta de Twitter.<\/p><\/blockquote>\n<p>&nbsp;<\/p>\n<p>\u201c<strong>El total de casos subi\u00f3 3,5% respecto de la semana anterior (de 8.905 a 9.221)<\/strong>. Pero en AMBA 40 cay\u00f3 2,7%, mientras que en el interior subi\u00f3 27,4%. No nos podemos relajar, mientras seguimos vacunando a todo vapor\u201d, ampli\u00f3.<\/p>\n<p>&nbsp;<\/p>\n<p>En rigor, <strong>en todo el territorio el promedio diario semanal fue de 9.221 contagios (321 m\u00e1s <\/strong><a href=\"https:\/\/cdnoticias.com\/index.php\/2021\/05\/11\/olavarria-sigue-en-fase-3-y-entre-los-pases-a-fase-2-esta-tandil\/\" target=\"_blank\" rel=\"noopener\">que la semana anterior<\/a><strong>)<\/strong>, mientras que en el interior fueron 2.314 (497 m\u00e1s que el promedio de la semana anterior) y en el AMBA 6.870 (191 menos).<\/p>\n<p>&nbsp;<\/p>\n<blockquote class=\"twitter-tweet\">\n<p dir=\"ltr\" lang=\"es\">Cierre de semana con datos preocupantes para nuestra provincia. El total de casos subi\u00f3 3,5% respecto de la semana anterior (de 8.905 a 9.221). Pero en AMBA 40 cay\u00f3 2,7%, mientras que en el interior subi\u00f3 27,4%. No nos podemos relajar, mientras seguimos vacunando a todo vapor. <a href=\"https:\/\/t.co\/KlqdnAjqQT\">pic.twitter.com\/KlqdnAjqQT<\/a><\/p>\n<p>\u2014 Carlos Bianco (@Carli_Bianco) <a href=\"https:\/\/twitter.com\/Carli_Bianco\/status\/1394085433861099522?ref_src=twsrc%5Etfw\">May 17, 2021<\/a><\/p><\/blockquote>\n<p><script async src=\"https:\/\/platform.twitter.com\/widgets.js\" charset=\"utf-8\"><\/script><br \/>\nCabe se\u00f1alar que <strong>hasta esta semana siete municipios del interior permanec\u00edan en la fase 2<\/strong> de mayores restricciones junto a las comunas del AMBA, mientras que <strong>Bol\u00edvar<\/strong> \u2013con un solo efector de salud municipal al borde del colapso\u2013 <a href=\"https:\/\/cdnoticias.com\/index.php\/2021\/05\/14\/bolivar-mas-restricciones-por-alta-ocupacion-hospitalaria-y-el-intendente-aislado\/\" target=\"_blank\" rel=\"noopener\">resolvi\u00f3 avanzar en medidas m\u00e1s estrictas<\/a>: solo permanecen abiertos comercios esenciales y el horario de circulaci\u00f3n es de 9 a 17.<\/p>\n<p>&nbsp;<\/p>\n<p>En tanto, en las \u00faltimas horas, se conoci\u00f3 que <strong>Bah\u00eda Blanca volver\u00e1 a fase 3<\/strong>, lo que provoc\u00f3 el descontento de municipios vecinos. El intendente de Monte Hermoso, Alejandro Dichiara, sostuvo que \u201ctiene que haber un error en los n\u00fameros\u201d y se refiri\u00f3 al impacto epidemiol\u00f3gico que puede tener esa apertura en su distrito.<\/p>\n<p>&nbsp;<\/p>\n<p><img data-recalc-dims=\"1\" loading=\"lazy\" decoding=\"async\" class=\"aligncenter wp-image-20503\" src=\"https:\/\/i0.wp.com\/cdnoticias.com\/wp-content\/uploads\/2021\/05\/DIB-Fases-800x533.jpg?resize=600%2C400&#038;ssl=1\" alt=\"\" width=\"600\" height=\"400\" srcset=\"https:\/\/i0.wp.com\/cdnoticias.com\/wp-content\/uploads\/2021\/05\/DIB-Fases-800x533.jpg?resize=800%2C533&amp;ssl=1 800w, https:\/\/i0.wp.com\/cdnoticias.com\/wp-content\/uploads\/2021\/05\/DIB-Fases-800x533.jpg?resize=300%2C200&amp;ssl=1 300w, https:\/\/i0.wp.com\/cdnoticias.com\/wp-content\/uploads\/2021\/05\/DIB-Fases-800x533.jpg?resize=768%2C512&amp;ssl=1 768w, https:\/\/i0.wp.com\/cdnoticias.com\/wp-content\/uploads\/2021\/05\/DIB-Fases-800x533.jpg?resize=272%2C182&amp;ssl=1 272w\" sizes=\"auto, (max-width: 600px) 100vw, 600px\" \/><\/p>\n<p>&nbsp;<\/p>\n<p>Mientras tanto, el partido bonaerense de <strong>Coronel Su\u00e1rez retrocedi\u00f3 desde este s\u00e1bado a la Fase 2<\/strong>, a ra\u00edz del aumento de contagios de coronavirus y a la ocupaci\u00f3n de las camas, donde se alcanz\u00f3 la semana pasada el 100% en internaci\u00f3n en el sector de cuidados intensivos.<\/p>\n<p>&nbsp;<\/p>\n<p>Cabe se\u00f1alar que el pasaje a<strong> la fase m\u00e1s restrictiva<\/strong> puede ser solicitada por los intendentes o llevada adelanta por la Provincia a trav\u00e9s de dos indicadores:<em> si los contagios superan los 500 por cada 100 mil habitantes en los \u00faltimos 14 d\u00edas y si las terapias intensivas alcanzan el 80% de ocupaci\u00f3n<\/em>.<\/p>\n<p>&nbsp;<\/p>\n<p>Fuente: <em>Agencia DIB<\/em><\/p>\n","protected":false},"excerpt":{"rendered":"<p>\u201cDatos preocupantes\u201d sostuvo el jefe de Gabinete, Carlos Bianco. En la provincia se produjeron 9.221 casos diarios promedio semanal. En<\/p>\n","protected":false},"author":4,"featured_media":20010,"comment_status":"closed","ping_status":"closed","sticky":false,"template":"","format":"standard","meta":{"_jetpack_memberships_contains_paid_content":false,"footnotes":""},"categories":[6,1],"tags":[],"class_list":["post-21694","post","type-post","status-publish","format-standard","has-post-thumbnail","hentry","category-nacionales","category-portada"],"jetpack_featured_media_url":"https:\/\/i0.wp.com\/cdnoticias.com\/wp-content\/uploads\/2021\/04\/conferencia-fases-bianco00.jpg?fit=800%2C445&ssl=1","jetpack_sharing_enabled":true,"_links":{"self":[{"href":"https:\/\/cdnoticias.com\/index.php\/wp-json\/wp\/v2\/posts\/21694","targetHints":{"allow":["GET"]}}],"collection":[{"href":"https:\/\/cdnoticias.com\/index.php\/wp-json\/wp\/v2\/posts"}],"about":[{"href":"https:\/\/cdnoticias.com\/index.php\/wp-json\/wp\/v2\/types\/post"}],"author":[{"embeddable":true,"href":"https:\/\/cdnoticias.com\/index.php\/wp-json\/wp\/v2\/users\/4"}],"replies":[{"embeddable":true,"href":"https:\/\/cdnoticias.com\/index.php\/wp-json\/wp\/v2\/comments?post=21694"}],"version-history":[{"count":0,"href":"https:\/\/cdnoticias.com\/index.php\/wp-json\/wp\/v2\/posts\/21694\/revisions"}],"wp:featuredmedia":[{"embeddable":true,"href":"https:\/\/cdnoticias.com\/index.php\/wp-json\/wp\/v2\/media\/20010"}],"wp:attachment":[{"href":"https:\/\/cdnoticias.com\/index.php\/wp-json\/wp\/v2\/media?parent=21694"}],"wp:term":[{"taxonomy":"category","embeddable":true,"href":"https:\/\/cdnoticias.com\/index.php\/wp-json\/wp\/v2\/categories?post=21694"},{"taxonomy":"post_tag","embeddable":true,"href":"https:\/\/cdnoticias.com\/index.php\/wp-json\/wp\/v2\/tags?post=21694"}],"curies":[{"name":"wp","href":"https:\/\/api.w.org\/{rel}","templated":true}]}}