{"id":21684,"date":"2021-05-16T20:45:17","date_gmt":"2021-05-16T23:45:17","guid":{"rendered":"http:\/\/www.centraldenoticias.com.ar\/?p=21684"},"modified":"2021-05-16T20:53:06","modified_gmt":"2021-05-16T23:53:06","slug":"murieron-dos-pacientes-con-coronavirus","status":"publish","type":"post","link":"https:\/\/cdnoticias.com\/index.php\/2021\/05\/16\/murieron-dos-pacientes-con-coronavirus\/","title":{"rendered":"Murieron dos pacientes con Coronavirus"},"content":{"rendered":"<p>La novedad fue informada desde el municipio en el cierre de la tarde de este domingo. Son 252 las muertes por la pandemia.<!--more--><\/p>\n<hr \/>\n<p>En el cierre de la tarde de este domingo el municipio emiti\u00f3 un comunicado acerca de la situaci\u00f3n sanitaria del partido, en el que se detall\u00f3 que<strong> en las \u00faltimas horas se produjeron las muertes de otros dos pacientes positivos de Covid19.<\/strong><\/p>\n<p>&nbsp;<\/p>\n<p>De acuerdo con lo que se precis\u00f3, se trat\u00f3 de <strong>un hombre de 88 a\u00f1os y una mujer de 92, ambos se encontraban internados en el Hospital \u201cDoctor H\u00e9ctor Cura\u201d desde hac\u00eda dos d\u00edas.<\/strong><\/p>\n<p>&nbsp;<\/p>\n<p><strong>Con estas muertes el partido ya registra 252 decesos por la pandemia<\/strong>. Vale destacar, por \u00faltimo, que los domingos no se realizan testeos, por lo que no se comunicaron novedades acerca de nuevos contagios o pacientes curados.<\/p>\n","protected":false},"excerpt":{"rendered":"<p>La novedad fue informada desde el municipio en el cierre de la tarde de este domingo. Son 252 las muertes<\/p>\n","protected":false},"author":3,"featured_media":21522,"comment_status":"closed","ping_status":"closed","sticky":false,"template":"","format":"standard","meta":{"_jetpack_memberships_contains_paid_content":false,"footnotes":""},"categories":[16,1],"tags":[],"class_list":["post-21684","post","type-post","status-publish","format-standard","has-post-thumbnail","hentry","category-covid-19","category-portada"],"jetpack_featured_media_url":"https:\/\/i0.wp.com\/cdnoticias.com\/wp-content\/uploads\/2021\/05\/hospital-respiradores4.jpg?fit=800%2C445&ssl=1","jetpack_sharing_enabled":true,"_links":{"self":[{"href":"https:\/\/cdnoticias.com\/index.php\/wp-json\/wp\/v2\/posts\/21684","targetHints":{"allow":["GET"]}}],"collection":[{"href":"https:\/\/cdnoticias.com\/index.php\/wp-json\/wp\/v2\/posts"}],"about":[{"href":"https:\/\/cdnoticias.com\/index.php\/wp-json\/wp\/v2\/types\/post"}],"author":[{"embeddable":true,"href":"https:\/\/cdnoticias.com\/index.php\/wp-json\/wp\/v2\/users\/3"}],"replies":[{"embeddable":true,"href":"https:\/\/cdnoticias.com\/index.php\/wp-json\/wp\/v2\/comments?post=21684"}],"version-history":[{"count":0,"href":"https:\/\/cdnoticias.com\/index.php\/wp-json\/wp\/v2\/posts\/21684\/revisions"}],"wp:featuredmedia":[{"embeddable":true,"href":"https:\/\/cdnoticias.com\/index.php\/wp-json\/wp\/v2\/media\/21522"}],"wp:attachment":[{"href":"https:\/\/cdnoticias.com\/index.php\/wp-json\/wp\/v2\/media?parent=21684"}],"wp:term":[{"taxonomy":"category","embeddable":true,"href":"https:\/\/cdnoticias.com\/index.php\/wp-json\/wp\/v2\/categories?post=21684"},{"taxonomy":"post_tag","embeddable":true,"href":"https:\/\/cdnoticias.com\/index.php\/wp-json\/wp\/v2\/tags?post=21684"}],"curies":[{"name":"wp","href":"https:\/\/api.w.org\/{rel}","templated":true}]}}