{"id":21672,"date":"2021-05-16T16:18:14","date_gmt":"2021-05-16T19:18:14","guid":{"rendered":"http:\/\/www.centraldenoticias.com.ar\/?p=21672"},"modified":"2021-05-16T20:53:25","modified_gmt":"2021-05-16T23:53:25","slug":"se-conocieron-mas-detalles-del-violento-intento-de-asalto-en-el-barrio-pueblo-nuevo","status":"publish","type":"post","link":"https:\/\/cdnoticias.com\/index.php\/2021\/05\/16\/se-conocieron-mas-detalles-del-violento-intento-de-asalto-en-el-barrio-pueblo-nuevo\/","title":{"rendered":"Se conocieron m\u00e1s detalles del violento intento de asalto en el barrio Pueblo Nuevo"},"content":{"rendered":"<p>Uno de los delincuentes est\u00e1 gravemente herido en el Hospital Municipal, mientras que su c\u00f3mplice est\u00e1 en la comisar\u00eda Primera. Hallaron un arma a pocas cuadras de la escena.<!--more--><\/p>\n<hr \/>\n<p>En el inicio de la tarde de este domingo<a href=\"https:\/\/cdnoticias.com\/index.php\/2021\/05\/16\/violento-episodio-en-pueblo-nuevo-se-resistio-a-un-robo-y-baleo-a-un-delincuente\/\" target=\"_blank\" rel=\"noopener\"> un violento episodio tuvo como escenario una vivienda ubicada sobre \u00c1lvaro Barros al 1500<\/a>, entre Piedras y avenida Ituzaing\u00f3, donde al menos dos delincuentes irrumpieron tras acceder a los fondos de la propiedad.<strong> Una de las v\u00edctimas se defendi\u00f3 e hiri\u00f3 gravemente a uno de los asaltantes, mientras que el restante logr\u00f3 escapar del lugar pero la r\u00e1pida respuesta policial permiti\u00f3 no solo su captura, sino adem\u00e1s el hallazgo y secuestro de un arma.<\/strong><\/p>\n<p>&nbsp;<\/p>\n<p><em><strong>Central de Noticias<\/strong> <\/em>dialog\u00f3 con diversas fuentes vinculadas con la investigaci\u00f3n y as\u00ed logr\u00f3 conocer que <strong>una de las principales hip\u00f3tesis da cuenta que los delincuentes en primera instancia treparon un domicilio lindero, ubicado a pocos metros de la avenida Ituzaing\u00f3<\/strong>, una variable que comenz\u00f3 a tejerse gracias a los testimonios recabados en el lugar y marcas sobre las paredes, situaci\u00f3n que ahora est\u00e1 siendo seguida de cerca por personal de la divisi\u00f3n Cient\u00edfica de la polic\u00eda Bonaerense, que con varios agentes arrib\u00f3 al lugar.<\/p>\n<p>&nbsp;<\/p>\n<p><img data-recalc-dims=\"1\" loading=\"lazy\" decoding=\"async\" class=\"alignnone size-full wp-image-21673\" src=\"https:\/\/i0.wp.com\/cdnoticias.com\/wp-content\/uploads\/2021\/05\/asalto05.jpg?resize=800%2C469&#038;ssl=1\" alt=\"\" width=\"800\" height=\"469\" srcset=\"https:\/\/i0.wp.com\/cdnoticias.com\/wp-content\/uploads\/2021\/05\/asalto05.jpg?w=913&amp;ssl=1 913w, https:\/\/i0.wp.com\/cdnoticias.com\/wp-content\/uploads\/2021\/05\/asalto05.jpg?resize=300%2C176&amp;ssl=1 300w, https:\/\/i0.wp.com\/cdnoticias.com\/wp-content\/uploads\/2021\/05\/asalto05.jpg?resize=768%2C450&amp;ssl=1 768w\" sizes=\"auto, (max-width: 800px) 100vw, 800px\" \/><\/p>\n<p>&nbsp;<\/p>\n<p>Desde all\u00ed habr\u00edan atravesado otros domicilios para luego llegar finalmente a la casa de las v\u00edctimas, que fueron sorprendidas desde el patio de la propiedad, seg\u00fan da cuenta esa firma versi\u00f3n. En ese marco <strong>uno de los habitantes tom\u00f3 un arma, se presume una escopeta calibre 16, y le dispar\u00f3 a uno de los asaltantes, que fue herido a la altura del rostro.<\/strong><\/p>\n<p>&nbsp;<\/p>\n<p>El restante escap\u00f3 de la escena pero r\u00e1pidamente fue detectado por personal del Comando de Patrullas y comisar\u00eda Primera que arrib\u00f3 al lugar. <strong>Fue sobre Tacuar\u00ed y Sargento Cabral, en una planta ubicada sobre el acceso a un complejo de departamentos, donde busc\u00f3 sin \u00e9xito esconder el arma que portaba, ya que instantes despu\u00e9s fue hallada y \u00e9l detenido<\/strong>.<\/p>\n<p>&nbsp;<\/p>\n<p><img data-recalc-dims=\"1\" loading=\"lazy\" decoding=\"async\" class=\"alignnone size-full wp-image-21676\" src=\"https:\/\/i0.wp.com\/cdnoticias.com\/wp-content\/uploads\/2021\/05\/asalto03.jpg?resize=800%2C469&#038;ssl=1\" alt=\"\" width=\"800\" height=\"469\" srcset=\"https:\/\/i0.wp.com\/cdnoticias.com\/wp-content\/uploads\/2021\/05\/asalto03.jpg?w=913&amp;ssl=1 913w, https:\/\/i0.wp.com\/cdnoticias.com\/wp-content\/uploads\/2021\/05\/asalto03.jpg?resize=300%2C176&amp;ssl=1 300w, https:\/\/i0.wp.com\/cdnoticias.com\/wp-content\/uploads\/2021\/05\/asalto03.jpg?resize=768%2C450&amp;ssl=1 768w\" sizes=\"auto, (max-width: 800px) 100vw, 800px\" \/><\/p>\n<p>&nbsp;<\/p>\n<p>Las fuentes\u00a0 consultadas pusieron el \u00e9nfasis en resaltar el accionar policial para lograr la r\u00e1pida captura del delincuente, un hombre de \u201cfrondosos antecedentes penales\u201d, seg\u00fan se subray\u00f3.<strong> Se precis\u00f3 que fueron dos agentes policiales mujeres las que lograron interceptarlo y reducirlo.<\/strong><\/p>\n<p>&nbsp;<\/p>\n<p>Ahora se aguarda por los resultados de la labor de los peritos de Cient\u00edfica tanto en el lugar del asalto como en los distintos sitios donde avanz\u00f3 el hecho, como lo fue el sitio donde fue arrojada el arma. A la par, tambi\u00e9n<strong> se espera por conocer las directivas que sean dispuestas desde la fiscal\u00eda en turno, la N\u00b0 4, de la doctora Mar\u00eda Paula Serrano, principalmente para conocer el encuadre penal de las actuaciones y la postura que se tomar\u00e1 no s\u00f3lo con los acusados, sino tambi\u00e9n con el joven que hiri\u00f3 a uno de los asaltantes.<\/strong><\/p>\n","protected":false},"excerpt":{"rendered":"<p>Uno de los delincuentes est\u00e1 gravemente herido en el Hospital Municipal, mientras que su c\u00f3mplice est\u00e1 en la comisar\u00eda Primera.<\/p>\n","protected":false},"author":3,"featured_media":21675,"comment_status":"closed","ping_status":"closed","sticky":false,"template":"","format":"standard","meta":{"_jetpack_memberships_contains_paid_content":false,"footnotes":""},"categories":[14,1],"tags":[],"class_list":["post-21672","post","type-post","status-publish","format-standard","has-post-thumbnail","hentry","category-policiales","category-portada"],"jetpack_featured_media_url":"https:\/\/i0.wp.com\/cdnoticias.com\/wp-content\/uploads\/2021\/05\/asalto02.jpg?fit=913%2C535&ssl=1","jetpack_sharing_enabled":true,"_links":{"self":[{"href":"https:\/\/cdnoticias.com\/index.php\/wp-json\/wp\/v2\/posts\/21672","targetHints":{"allow":["GET"]}}],"collection":[{"href":"https:\/\/cdnoticias.com\/index.php\/wp-json\/wp\/v2\/posts"}],"about":[{"href":"https:\/\/cdnoticias.com\/index.php\/wp-json\/wp\/v2\/types\/post"}],"author":[{"embeddable":true,"href":"https:\/\/cdnoticias.com\/index.php\/wp-json\/wp\/v2\/users\/3"}],"replies":[{"embeddable":true,"href":"https:\/\/cdnoticias.com\/index.php\/wp-json\/wp\/v2\/comments?post=21672"}],"version-history":[{"count":0,"href":"https:\/\/cdnoticias.com\/index.php\/wp-json\/wp\/v2\/posts\/21672\/revisions"}],"wp:featuredmedia":[{"embeddable":true,"href":"https:\/\/cdnoticias.com\/index.php\/wp-json\/wp\/v2\/media\/21675"}],"wp:attachment":[{"href":"https:\/\/cdnoticias.com\/index.php\/wp-json\/wp\/v2\/media?parent=21672"}],"wp:term":[{"taxonomy":"category","embeddable":true,"href":"https:\/\/cdnoticias.com\/index.php\/wp-json\/wp\/v2\/categories?post=21672"},{"taxonomy":"post_tag","embeddable":true,"href":"https:\/\/cdnoticias.com\/index.php\/wp-json\/wp\/v2\/tags?post=21672"}],"curies":[{"name":"wp","href":"https:\/\/api.w.org\/{rel}","templated":true}]}}