{"id":21659,"date":"2021-05-16T14:14:20","date_gmt":"2021-05-16T17:14:20","guid":{"rendered":"http:\/\/www.centraldenoticias.com.ar\/?p=21659"},"modified":"2021-05-16T14:14:20","modified_gmt":"2021-05-16T17:14:20","slug":"mirta-susana-mundotegui-de-benaglia-q-e-p-d","status":"publish","type":"post","link":"https:\/\/cdnoticias.com\/index.php\/2021\/05\/16\/mirta-susana-mundotegui-de-benaglia-q-e-p-d\/","title":{"rendered":"Mirta Susana Mundotegui de Benaglia (Q.E.P.D.)"},"content":{"rendered":"<p>Falleci\u00f3 en Olavarr\u00eda el d\u00eda 16 de mayo de 2021 a los 63 a\u00f1os de edad.<\/p>\n<p>Su madre Elisa Schwertd viuda de Mundotegui. Su esposo Horacio Aldo Benaglia. Sus hijos Leonardo Dar\u00edo y Alejandro Andr\u00e9s Benaglia. Sus hijas pol\u00edticas Valeria y Melisa. Sus hermanos Norma Elvira y Carlos An\u00edbal Mundotegui. Sus hermanos pol\u00edticos Oscar Luis Ambroggi, Miriam G\u00f3mez, Elsa Rene Benaglia y Humberto Bauler. Sus sobrinos Mauricio, Silvina, Javier, Marianela,<\/p>\n<p>Mauricio, \u00c9rica y dem\u00e1s deudos participan su fallecimiento.<\/p>\n<p>Velatorio: Sala de Espa\u00f1a 2942 departamento &#8221;D&#8221; desde las 13:30. Responso: Capilla ardiente.<\/p>\n<p>Inhumaci\u00f3n: Cementerio Loma de Paz, lunes a las 15:30. Servicio adherido a Coopelectric.<\/p>\n<p>Barrio en el que viv\u00eda: Lujan<\/p>\n<p>Lugar de nacimiento: Olavarr\u00eda<\/p>\n<p>Actividad que desarrollaba: Jubilada<\/p>\n","protected":false},"excerpt":{"rendered":"<p>Falleci\u00f3 en Olavarr\u00eda el d\u00eda 16 de mayo de 2021 a los 63 a\u00f1os de edad. Su madre Elisa Schwertd<\/p>\n","protected":false},"author":4,"featured_media":0,"comment_status":"closed","ping_status":"closed","sticky":false,"template":"","format":"standard","meta":{"_jetpack_memberships_contains_paid_content":false,"footnotes":""},"categories":[10],"tags":[],"class_list":["post-21659","post","type-post","status-publish","format-standard","hentry","category-necrologicas"],"jetpack_featured_media_url":"","jetpack_sharing_enabled":true,"_links":{"self":[{"href":"https:\/\/cdnoticias.com\/index.php\/wp-json\/wp\/v2\/posts\/21659","targetHints":{"allow":["GET"]}}],"collection":[{"href":"https:\/\/cdnoticias.com\/index.php\/wp-json\/wp\/v2\/posts"}],"about":[{"href":"https:\/\/cdnoticias.com\/index.php\/wp-json\/wp\/v2\/types\/post"}],"author":[{"embeddable":true,"href":"https:\/\/cdnoticias.com\/index.php\/wp-json\/wp\/v2\/users\/4"}],"replies":[{"embeddable":true,"href":"https:\/\/cdnoticias.com\/index.php\/wp-json\/wp\/v2\/comments?post=21659"}],"version-history":[{"count":0,"href":"https:\/\/cdnoticias.com\/index.php\/wp-json\/wp\/v2\/posts\/21659\/revisions"}],"wp:attachment":[{"href":"https:\/\/cdnoticias.com\/index.php\/wp-json\/wp\/v2\/media?parent=21659"}],"wp:term":[{"taxonomy":"category","embeddable":true,"href":"https:\/\/cdnoticias.com\/index.php\/wp-json\/wp\/v2\/categories?post=21659"},{"taxonomy":"post_tag","embeddable":true,"href":"https:\/\/cdnoticias.com\/index.php\/wp-json\/wp\/v2\/tags?post=21659"}],"curies":[{"name":"wp","href":"https:\/\/api.w.org\/{rel}","templated":true}]}}