{"id":2162,"date":"2020-09-22T13:45:08","date_gmt":"2020-09-22T16:45:08","guid":{"rendered":"http:\/\/www.centraldenoticias.com.ar\/?p=2162"},"modified":"2020-09-22T13:45:08","modified_gmt":"2020-09-22T16:45:08","slug":"hcd-avance-del-fondo-especial-de-emergencia","status":"publish","type":"post","link":"https:\/\/cdnoticias.com\/index.php\/2020\/09\/22\/hcd-avance-del-fondo-especial-de-emergencia\/","title":{"rendered":"HCD: avance del Fondo Especial de Emergencia"},"content":{"rendered":"<p>El jueves sesionar\u00e1 el Concejo Deliberante y las comisiones avanzan en debates y despachos de proyectos donde cada impulsa sus iniciativas. En ese marco, el Fondo Especial de Emergencia para Deporte y Cultura avanz\u00f3 a la comisi\u00f3n de Legislaci\u00f3n.<!--more--><\/p>\n<hr \/>\n<p>En la ma\u00f1ana de este martes se reuni\u00f3 la comisi\u00f3n de Legislaci\u00f3n, desde donde se despachan los expedientes directo para su tratamiento sobre tablas. La presidenta, Mar\u00eda Jos\u00e9 Gonz\u00e1lez (Juntos por el Cambio) hab\u00eda adelantado que se dio curso a expedientes vinculados a donaciones, los cuales se aprobar\u00e1n el jueves.<\/p>\n<p>En la sesi\u00f3n de este martes ingres\u00f3 el expediente que impuls\u00f3 el Frente de Todos para la creaci\u00f3n del <strong>Fondo Especial de Emergencia para Deporte y Cultura<\/strong>. Ven\u00eda de la comisi\u00f3n de Hacienda que lo despach\u00f3 el lunes.<\/p>\n<p>En cuanto a lo sucedido en la comisi\u00f3n de Hacienda, su presidenta, Celeste Arouxet (Radicales en Juntos por el Cambio), indic\u00f3 a Central de Noticias que <strong>no se recibi\u00f3 respuesta<\/strong> de la <a href=\"https:\/\/cdnoticias.com\/index.php\/2020\/09\/17\/hcd-en-reunion-conjunta-de-comisiones-se-estudia-el-fondo-para-deporte-y-cultura\/\">solicitud de informaci\u00f3n enviada al Ejecutivo<\/a> para que aporte datos vinculados con las exenciones impositivas vigentes en 2019 y tambi\u00e9n aspectos sobre la recaudaci\u00f3n, entre otros.<\/p>\n<p>Arouxet subray\u00f3 el \u201ccompromiso\u201d tomado en la sesi\u00f3n ordinaria anterior, de analizarlo en dos semanas y el jueves llevarlo a debate nuevamente, para explicar que en la reuni\u00f3n del lunes<strong> \u201cel Frente de Todos y yo pedimos pase a sesi\u00f3n\u201d<\/strong>. Por mayor\u00eda en la comisi\u00f3n se dio el despacho del expediente y se deriv\u00f3 a Legislaci\u00f3n.<\/p>\n<p>En esta comisi\u00f3n no hubo avances con lo que, en principio, no llegar\u00e1 a debate el jueves.<\/p>\n","protected":false},"excerpt":{"rendered":"<p>El jueves sesionar\u00e1 el Concejo Deliberante y las comisiones avanzan en debates y despachos de proyectos donde cada impulsa sus<\/p>\n","protected":false},"author":4,"featured_media":2163,"comment_status":"closed","ping_status":"closed","sticky":false,"template":"","format":"standard","meta":{"_jetpack_memberships_contains_paid_content":false,"footnotes":""},"categories":[4,1],"tags":[],"class_list":["post-2162","post","type-post","status-publish","format-standard","has-post-thumbnail","hentry","category-politica","category-portada"],"jetpack_featured_media_url":"https:\/\/i0.wp.com\/cdnoticias.com\/wp-content\/uploads\/2020\/09\/HCD-2.jpg?fit=2992%2C2000&ssl=1","jetpack_sharing_enabled":true,"_links":{"self":[{"href":"https:\/\/cdnoticias.com\/index.php\/wp-json\/wp\/v2\/posts\/2162","targetHints":{"allow":["GET"]}}],"collection":[{"href":"https:\/\/cdnoticias.com\/index.php\/wp-json\/wp\/v2\/posts"}],"about":[{"href":"https:\/\/cdnoticias.com\/index.php\/wp-json\/wp\/v2\/types\/post"}],"author":[{"embeddable":true,"href":"https:\/\/cdnoticias.com\/index.php\/wp-json\/wp\/v2\/users\/4"}],"replies":[{"embeddable":true,"href":"https:\/\/cdnoticias.com\/index.php\/wp-json\/wp\/v2\/comments?post=2162"}],"version-history":[{"count":0,"href":"https:\/\/cdnoticias.com\/index.php\/wp-json\/wp\/v2\/posts\/2162\/revisions"}],"wp:featuredmedia":[{"embeddable":true,"href":"https:\/\/cdnoticias.com\/index.php\/wp-json\/wp\/v2\/media\/2163"}],"wp:attachment":[{"href":"https:\/\/cdnoticias.com\/index.php\/wp-json\/wp\/v2\/media?parent=2162"}],"wp:term":[{"taxonomy":"category","embeddable":true,"href":"https:\/\/cdnoticias.com\/index.php\/wp-json\/wp\/v2\/categories?post=2162"},{"taxonomy":"post_tag","embeddable":true,"href":"https:\/\/cdnoticias.com\/index.php\/wp-json\/wp\/v2\/tags?post=2162"}],"curies":[{"name":"wp","href":"https:\/\/api.w.org\/{rel}","templated":true}]}}