{"id":21619,"date":"2021-05-15T21:40:07","date_gmt":"2021-05-16T00:40:07","guid":{"rendered":"http:\/\/www.centraldenoticias.com.ar\/?p=21619"},"modified":"2021-05-16T10:38:27","modified_gmt":"2021-05-16T13:38:27","slug":"el-intendente-anuncio-nuevas-medidas-y-el-regreso-de-varias-actividades","status":"publish","type":"post","link":"https:\/\/cdnoticias.com\/index.php\/2021\/05\/15\/el-intendente-anuncio-nuevas-medidas-y-el-regreso-de-varias-actividades\/","title":{"rendered":"El intendente anunci\u00f3 nuevas medidas y el regreso de varias actividades"},"content":{"rendered":"<p>Se trata de habilitaciones y permisos para diversas actividades, no solo del rubro comercial, sino tambi\u00e9n deportivo y cultural.\u00a0<strong>Las medidas.<\/strong><!--more--><\/p>\n<hr \/>\n<p><strong>\u201cCreemos que podemos cumplir con nuestra palabra y empezar a tener actividades que vuelvan a funcionar\u201d<\/strong>, expres\u00f3 en la noche de este s\u00e1bado el intendente Ezequiel Galli, en el marco de una nueva conferencia de prensa sobre la situaci\u00f3n sanitaria del partido de Olavarr\u00eda. Tal como viene sucediendo desde el inicio de la pandemia, estuvo acompa\u00f1ado por el secretario de Salud Municipal, el doctor Germ\u00e1n Caputo.<\/p>\n<p>&nbsp;<\/p>\n<p><iframe loading=\"lazy\" style=\"border: none; overflow: hidden;\" src=\"https:\/\/www.facebook.com\/plugins\/video.php?height=314&amp;href=https%3A%2F%2Fwww.facebook.com%2Fcdnolavarria%2Fvideos%2F848297639105503%2F&amp;show_text=false&amp;width=560\" width=\"560\" height=\"314\" frameborder=\"0\" scrolling=\"no\" allowfullscreen=\"allowfullscreen\"><\/iframe><\/p>\n<p>&nbsp;<\/p>\n<p>La rueda de prensa era esperada con suma ansiedad e incertidumbre desde diversos sectores, una expectativa que finalmente se termin\u00f3 consumando con el correr de los minutos, ya que el jefe comunal, <strong>a partir de la mejora en la situaci\u00f3n sanitaria del partido, anunci\u00f3 nuevos permisos y habilitaciones en numerosas actividades.<\/strong><\/p>\n<p>&nbsp;<\/p>\n<p>Luego de dar cuenta del informe diario, en el que <a href=\"https:\/\/cdnoticias.com\/index.php\/2021\/05\/15\/murio-un-paciente-con-coronavirus-y-olavarria-llego-a-las-250-muertes-por-la-pandemia\/\" target=\"_blank\" rel=\"noopener\">se inform\u00f3 la muerte de otro paciente y 45 casos positivos<\/a>, el jefe comunal expres\u00f3 que <strong>\u201ccreemos oportuno y lo dicen los n\u00fameros, las curvas y el estado sanitario. Entonces empezamos a buscar ese equilibrio del que siempre hablamos entre lo sanitario, social y econ\u00f3mico. Por lo cual hemos decido con el aval del Comit\u00e9 de Crisis, volver a readecuar las actividades de Olavarr\u00eda, seg\u00fan lo que establece la resoluci\u00f3n de Fase 3 de la provincia de Buenos Aires, con algunas peque\u00f1as restricciones\u201d<\/strong>.<\/p>\n<p>&nbsp;<\/p>\n<p><img data-recalc-dims=\"1\" loading=\"lazy\" decoding=\"async\" class=\"alignnone size-full wp-image-21608\" src=\"https:\/\/i0.wp.com\/cdnoticias.com\/wp-content\/uploads\/2021\/05\/conferencia3.jpg?resize=800%2C445&#038;ssl=1\" alt=\"\" width=\"800\" height=\"445\" srcset=\"https:\/\/i0.wp.com\/cdnoticias.com\/wp-content\/uploads\/2021\/05\/conferencia3.jpg?w=800&amp;ssl=1 800w, https:\/\/i0.wp.com\/cdnoticias.com\/wp-content\/uploads\/2021\/05\/conferencia3.jpg?resize=300%2C167&amp;ssl=1 300w, https:\/\/i0.wp.com\/cdnoticias.com\/wp-content\/uploads\/2021\/05\/conferencia3.jpg?resize=768%2C427&amp;ssl=1 768w\" sizes=\"auto, (max-width: 800px) 100vw, 800px\" \/><\/p>\n<p>&nbsp;<\/p>\n<p>Segundos despu\u00e9s agreg\u00f3 que, en principio, el nuevo diagrama de actividades y permisos se prolongar\u00e1 hasta el 17 de mayo, dependiendo siempre de c\u00f3mo siga la situaci\u00f3n sanitaria del partido.<strong> \u201cNo quiere decir que esto sea definitivo, es provisorio. Seguramente si tenemos alguna otra luz de alerta que nos obligue a tomar medidas restrictivas lo vamos a volver a hacer, siempre observando los n\u00fameros\u201d<\/strong>, aclar\u00f3.<\/p>\n<p>&nbsp;<\/p>\n<p>En consonancia con esos dichos, el secretario de Salud Municipal se\u00f1al\u00f3 que<strong> \u201cno nos tenemos que relajar porque todav\u00eda tenemos el triple de hospitalizados en cuidados generales y cuatro veces m\u00e1s en cuidados cr\u00edticos de cuando comenzamos esta ola\u201d<\/strong>.<\/p>\n<p>&nbsp;<\/p>\n<p><img data-recalc-dims=\"1\" loading=\"lazy\" decoding=\"async\" class=\"alignnone size-full wp-image-21610\" src=\"https:\/\/i0.wp.com\/cdnoticias.com\/wp-content\/uploads\/2021\/05\/conferencia5.jpg?resize=800%2C445&#038;ssl=1\" alt=\"\" width=\"800\" height=\"445\" srcset=\"https:\/\/i0.wp.com\/cdnoticias.com\/wp-content\/uploads\/2021\/05\/conferencia5.jpg?w=800&amp;ssl=1 800w, https:\/\/i0.wp.com\/cdnoticias.com\/wp-content\/uploads\/2021\/05\/conferencia5.jpg?resize=300%2C167&amp;ssl=1 300w, https:\/\/i0.wp.com\/cdnoticias.com\/wp-content\/uploads\/2021\/05\/conferencia5.jpg?resize=768%2C427&amp;ssl=1 768w\" sizes=\"auto, (max-width: 800px) 100vw, 800px\" \/><\/p>\n<p>&nbsp;<\/p>\n<p>En su intervenci\u00f3n el doctor Germ\u00e1n Caputo no dej\u00f3 pasar la ocasi\u00f3n para<strong> \u201cagradecer a toda la poblaci\u00f3n por el mejoramiento demostrado en las distintas medidas de bioseguridad, que se vio reflejado en el descenso de casos, siendo imperioso continuar con las mismas\u201d<\/strong>. En ese marco tambi\u00e9n dedic\u00f3 palabras de agradecimiento para el personal m\u00e9dico y miembros del equipo de salud, <strong>\u201cespecialmente a los servicios de emergencias, cl\u00ednica m\u00e9dica y cuidados cr\u00edticos, que debieron trabajar sin descanso en condiciones de m\u00e1ximo estr\u00e9s y ansiedad, y que por el momento se pudo salir delante de esa dif\u00edcil situaci\u00f3n\u201d<\/strong>.<\/p>\n<p>&nbsp;<\/p>\n<p><strong>\u201cPor \u00fatimo quiero agradecer a estudiantes de medicina de nuestra Facultad por la gran colaboraci\u00f3n y compromiso demostrado en estas \u00faltimas semanas<\/strong>. Tambi\u00e9n hoy quiero mostrar una luz de esperanza, al ver im\u00e1genes de otros pa\u00edses donde luego de una exitosa campa\u00f1a de vacunaci\u00f3n se pudo volver a la casi normalidad. <strong>Esto nos hace ver que falta menos<\/strong>\u201d, concluy\u00f3.<\/p>\n<p>&nbsp;<\/p>\n<p><em><strong>Las medidas<\/strong><\/em><\/p>\n<p>&nbsp;<\/p>\n<p>Se habilitan:<\/p>\n<p>&nbsp;<\/p>\n<p>\u2013\u00a0\u00a0\u00a0\u00a0\u00a0\u00a0 Eventos religiosos hasta 20 personas, en espacios p\u00fablicos al aire libre.<\/p>\n<p>&nbsp;<\/p>\n<p>\u2013\u00a0\u00a0\u00a0\u00a0\u00a0\u00a0 Competencias deportivas, sin p\u00fablico y con competidores \u00fanicamente locales.<\/p>\n<p>&nbsp;<\/p>\n<p><img data-recalc-dims=\"1\" loading=\"lazy\" decoding=\"async\" class=\"alignnone size-full wp-image-21609\" src=\"https:\/\/i0.wp.com\/cdnoticias.com\/wp-content\/uploads\/2021\/05\/conferencia4.jpg?resize=800%2C445&#038;ssl=1\" alt=\"\" width=\"800\" height=\"445\" srcset=\"https:\/\/i0.wp.com\/cdnoticias.com\/wp-content\/uploads\/2021\/05\/conferencia4.jpg?w=800&amp;ssl=1 800w, https:\/\/i0.wp.com\/cdnoticias.com\/wp-content\/uploads\/2021\/05\/conferencia4.jpg?resize=300%2C167&amp;ssl=1 300w, https:\/\/i0.wp.com\/cdnoticias.com\/wp-content\/uploads\/2021\/05\/conferencia4.jpg?resize=768%2C427&amp;ssl=1 768w\" sizes=\"auto, (max-width: 800px) 100vw, 800px\" \/><\/p>\n<p>&nbsp;<\/p>\n<p>\u2013\u00a0\u00a0\u00a0\u00a0\u00a0\u00a0 Eventos culturales, sociales y recreativos, en espacios p\u00fablicos al aire libre hasta 10 personas.<\/p>\n<p>&nbsp;<\/p>\n<p>\u2013\u00a0\u00a0\u00a0\u00a0\u00a0\u00a0 Pr\u00e1ctica recreativa de deportes grupales de contacto al aire libre.<\/p>\n<p>&nbsp;<\/p>\n<p>\u2013\u00a0\u00a0\u00a0\u00a0\u00a0\u00a0 Talleres culturales hasta 20 personas, al aire libre o en espacios cerrados con amplia ventilaci\u00f3n.<\/p>\n<p>&nbsp;<\/p>\n<p>\u2013\u00a0\u00a0\u00a0\u00a0\u00a0\u00a0 Artes esc\u00e9nicas y musicales hasta 10 personas.<\/p>\n<p>&nbsp;<\/p>\n<p><img data-recalc-dims=\"1\" loading=\"lazy\" decoding=\"async\" class=\"alignnone size-full wp-image-21606\" src=\"https:\/\/i0.wp.com\/cdnoticias.com\/wp-content\/uploads\/2021\/05\/conferencia1.jpg?resize=800%2C445&#038;ssl=1\" alt=\"\" width=\"800\" height=\"445\" srcset=\"https:\/\/i0.wp.com\/cdnoticias.com\/wp-content\/uploads\/2021\/05\/conferencia1.jpg?w=800&amp;ssl=1 800w, https:\/\/i0.wp.com\/cdnoticias.com\/wp-content\/uploads\/2021\/05\/conferencia1.jpg?resize=300%2C167&amp;ssl=1 300w, https:\/\/i0.wp.com\/cdnoticias.com\/wp-content\/uploads\/2021\/05\/conferencia1.jpg?resize=768%2C427&amp;ssl=1 768w\" sizes=\"auto, (max-width: 800px) 100vw, 800px\" \/><\/p>\n<p>&nbsp;<\/p>\n<p>\u2013\u00a0\u00a0\u00a0\u00a0\u00a0\u00a0 Bares y restaurantes hasta las 23 horas.<\/p>\n<p>&nbsp;<\/p>\n<p>\u2013\u00a0\u00a0\u00a0\u00a0\u00a0\u00a0 Deportes en conjunto hasta 10 personas, al aire libre o en espacios cerrados con amplia ventilaci\u00f3n.<\/p>\n<p>&nbsp;<\/p>\n<p>\u2013\u00a0\u00a0\u00a0\u00a0\u00a0\u00a0 Visitas a geri\u00e1tricos.<\/p>\n<p>&nbsp;<\/p>\n","protected":false},"excerpt":{"rendered":"<p>Se trata de habilitaciones y permisos para diversas actividades, no solo del rubro comercial, sino tambi\u00e9n deportivo y cultural.\u00a0Las medidas.<\/p>\n","protected":false},"author":4,"featured_media":21611,"comment_status":"closed","ping_status":"closed","sticky":false,"template":"","format":"standard","meta":{"_jetpack_memberships_contains_paid_content":false,"footnotes":""},"categories":[16,1],"tags":[],"class_list":["post-21619","post","type-post","status-publish","format-standard","has-post-thumbnail","hentry","category-covid-19","category-portada"],"jetpack_featured_media_url":"https:\/\/i0.wp.com\/cdnoticias.com\/wp-content\/uploads\/2021\/05\/conferencia6.jpg?fit=800%2C445&ssl=1","jetpack_sharing_enabled":true,"_links":{"self":[{"href":"https:\/\/cdnoticias.com\/index.php\/wp-json\/wp\/v2\/posts\/21619","targetHints":{"allow":["GET"]}}],"collection":[{"href":"https:\/\/cdnoticias.com\/index.php\/wp-json\/wp\/v2\/posts"}],"about":[{"href":"https:\/\/cdnoticias.com\/index.php\/wp-json\/wp\/v2\/types\/post"}],"author":[{"embeddable":true,"href":"https:\/\/cdnoticias.com\/index.php\/wp-json\/wp\/v2\/users\/4"}],"replies":[{"embeddable":true,"href":"https:\/\/cdnoticias.com\/index.php\/wp-json\/wp\/v2\/comments?post=21619"}],"version-history":[{"count":0,"href":"https:\/\/cdnoticias.com\/index.php\/wp-json\/wp\/v2\/posts\/21619\/revisions"}],"wp:featuredmedia":[{"embeddable":true,"href":"https:\/\/cdnoticias.com\/index.php\/wp-json\/wp\/v2\/media\/21611"}],"wp:attachment":[{"href":"https:\/\/cdnoticias.com\/index.php\/wp-json\/wp\/v2\/media?parent=21619"}],"wp:term":[{"taxonomy":"category","embeddable":true,"href":"https:\/\/cdnoticias.com\/index.php\/wp-json\/wp\/v2\/categories?post=21619"},{"taxonomy":"post_tag","embeddable":true,"href":"https:\/\/cdnoticias.com\/index.php\/wp-json\/wp\/v2\/tags?post=21619"}],"curies":[{"name":"wp","href":"https:\/\/api.w.org\/{rel}","templated":true}]}}